{"id":33476,"date":"2012-04-20T00:00:00","date_gmt":"2012-04-20T00:00:00","guid":{"rendered":"https:\/\/marqalicante-admin.qwair.com\/2012\/04\/20\/cerca-de-400-personas-han-participado-en-las-actividades-didacticas-del-marq-esta-semana-santa\/"},"modified":"2012-04-20T00:00:00","modified_gmt":"2012-04-20T00:00:00","slug":"cerca-de-400-personas-han-participado-en-las-actividades-didacticas-del-marq-esta-semana-santa","status":"publish","type":"post","link":"https:\/\/marqalicante-admin.qwair.com\/va\/cerca-de-400-personas-han-participado-en-las-actividades-didacticas-del-marq-esta-semana-santa\/","title":{"rendered":"Prop de 400 persones han participat a les activitats did\u00e0ctiques del MARQ aquesta Setmana Santa"},"content":{"rendered":"<p style='text-align: center'><img alt='' src='\/contenido\/genericas\/DSC00562 a.jpg' style='width: 450px; height: 360px' \/><\/p>\n<p style='text-align: justify'>&nbsp;<\/p>\n<table border='0' cellpadding='0' cellspacing='0' style='width: 100%' width='100%'>\n<tbody>\n<tr>\n<td>\n<p style='text-align: justify'>Les <strong>activitats did\u00e0ctiques<\/strong> organitzades pel <strong>MARQ<\/strong> durant <strong>Setmana Santa<\/strong> han registrat l&#039;assist\u00e8ncia de prop de <strong>400 persones<\/strong>. Nombroses fam\u00edlies s&#039;han acostat als<strong>jaciments de la Illeta del Banyets i de Lucentum<\/strong> per participar als tallers organitzats pel museu alacant\u00ed entre els dies 10 i 13 d&#039;abril i <strong>con\u00e8ixer el<\/strong> <strong>patrimoni arqueol\u00f2gic i cultural de la prov\u00edncia<\/strong>.<\/p>\n<p style='text-align: justify'>A trav\u00e9s d&#039;un <strong>joc de pistes<\/strong>, els visitants han pogut rec\u00f3rrer els parcs per resoldre un enigma plantejat a l&#039;entrada dels mateixos. Amb l&#039;ajut dels materials i de les pistes facilitades, les fam\u00edlies <strong>han descobert<\/strong> <strong>els racons m\u00e9s emblem\u00e0tics<\/strong> dels jaciments. Pel cam\u00ed, s&#039;han trobat a m\u00e9s personatges de diferents \u00e8poques que els han explicat com va ser el jaciment quan era un lloc habitat i els han facilitat la informaci\u00f3 necess\u00e0ria per resoldre l&#039;enigma.<\/p>\n<p style='text-align: center'><img alt='' src='\/contenido\/genericas\/DSC00577a.jpg' style='width: 450px; height: 338px' \/><\/p>\n<p style='text-align: justify'>Amb aquestes activitats ludicoculturals, el MARQ t\u00e9 com a objectiu la <strong>difusi\u00f3 del patrimoni arqueol\u00f2gic<\/strong> i la participaci\u00f3 activa en fam\u00edlia, aix\u00ed com <strong>incentivar l&#039;inter\u00e8s p\u00fablic per l&#039;arqueologia i la hist\u00f2ria<\/strong>.<\/p>\n<\/td>\n<td>\n<p style='text-align: justify'>&nbsp;<\/p>\n<\/td>\n<td>\n<p style='text-align: justify'>&nbsp;<\/p>\n<\/td>\n<\/tr>\n<\/tbody>\n<\/table>\n<p style='text-align: center'><img alt='' src='\/contenido\/genericas\/DSCN4802.JPG' style='width: 200px; height: 267px' \/>&nbsp;&nbsp;&nbsp;&nbsp;&nbsp;&nbsp;&nbsp;&nbsp; &nbsp;<img alt='' src='\/contenido\/genericas\/DSCN4806(1).JPG' style='width: 200px; height: 267px' \/><\/p>","protected":false},"excerpt":{"rendered":"<p>&nbsp; Las actividades did&aacute;cticas organizadas por el MARQ durante Semana Santa han registrado la asistencia<span class=\"excerpt-hellip\"> [\u2026]<\/span><\/p>\n","protected":false},"author":3,"featured_media":0,"comment_status":"open","ping_status":"open","sticky":false,"template":"","format":"standard","meta":{"kia_subtitle":"","footnotes":""},"categories":[],"tags":[],"class_list":["post-33476","post","type-post","status-publish","format-standard","hentry"],"meta_box":[],"_links":{"self":[{"href":"https:\/\/marqalicante-admin.qwair.com\/va\/wp-json\/wp\/v2\/posts\/33476","targetHints":{"allow":["GET"]}}],"collection":[{"href":"https:\/\/marqalicante-admin.qwair.com\/va\/wp-json\/wp\/v2\/posts"}],"about":[{"href":"https:\/\/marqalicante-admin.qwair.com\/va\/wp-json\/wp\/v2\/types\/post"}],"author":[{"embeddable":true,"href":"https:\/\/marqalicante-admin.qwair.com\/va\/wp-json\/wp\/v2\/users\/3"}],"replies":[{"embeddable":true,"href":"https:\/\/marqalicante-admin.qwair.com\/va\/wp-json\/wp\/v2\/comments?post=33476"}],"version-history":[{"count":0,"href":"https:\/\/marqalicante-admin.qwair.com\/va\/wp-json\/wp\/v2\/posts\/33476\/revisions"}],"wp:attachment":[{"href":"https:\/\/marqalicante-admin.qwair.com\/va\/wp-json\/wp\/v2\/media?parent=33476"}],"wp:term":[{"taxonomy":"category","embeddable":true,"href":"https:\/\/marqalicante-admin.qwair.com\/va\/wp-json\/wp\/v2\/categories?post=33476"},{"taxonomy":"post_tag","embeddable":true,"href":"https:\/\/marqalicante-admin.qwair.com\/va\/wp-json\/wp\/v2\/tags?post=33476"}],"curies":[{"name":"wp","href":"https:\/\/api.w.org\/{rel}","templated":true}]}}