{"id":33472,"date":"2012-04-10T00:00:00","date_gmt":"2012-04-10T00:00:00","guid":{"rendered":"https:\/\/marqalicante-admin.qwair.com\/2012\/04\/10\/nuestro-companero-en-el-marq-paco-martin-campeon-mundial-de-marcha\/"},"modified":"2012-04-10T00:00:00","modified_gmt":"2012-04-10T00:00:00","slug":"nuestro-companero-en-el-marq-paco-martin-campeon-mundial-de-marcha","status":"publish","type":"post","link":"https:\/\/marqalicante-admin.qwair.com\/va\/nuestro-companero-en-el-marq-paco-martin-campeon-mundial-de-marcha\/","title":{"rendered":"El nostre company al MARQ Paco Mart\u00edn, campi\u00f3 mundial de marxa."},"content":{"rendered":"<p style='text-align: justify'>L&#039;atleta alacant\u00ed Paco Mart\u00edn s&#039;ha proclamat campi\u00f3 del M\u00f3n als 10 quil\u00f2metres marxa, tant individual com per seleccions, en categoria de veterans d&#039;entre 35 i 40 anys. Mart\u00edn suma una nova pressa al seu palmar\u00e8s despr\u00e9s que dijous passat tamb\u00e9 pug\u00e9s al segon calaix del podi i es peng\u00e9s la medalla de plata a la dist\u00e0ncia de tres quil\u00f2metres marxa a pista coberta, en qu\u00e8 tamb\u00e9 \u00e9s plusmarquista nacional.<\/p>\n<p style='text-align: center'><img alt='' src='\/contenido\/genericas\/paco.jpg' style='width: 300px; height: 464px' \/><\/p>\n<p style='text-align: justify'>Paco Mart\u00edn no oblidar\u00e0 mai el campionat del M\u00f3n de Finl\u00e0ndia, on ha demostrat el gran moment de forma en qu\u00e8 es troba i que confia a poder traslladar tamb\u00e9 a la categoria absoluta, en qu\u00e8 segueix competint en proves molt escollides. El proper objectiu esportiu \u00e9s la disputa de la lliga de Divisi\u00f3 d&#039;Honor amb el Port d&#039;Alacant i l&#039;assalt al campionat d&#039;Espanya absolut a la dist\u00e0ncia de 20 quil\u00f2metres marxa, dos reptes per als quals l&#039;atleta alacant\u00ed ja treballa amb total dedicaci\u00f3.<\/p>\n<p style='text-align: justify'>&nbsp;<\/p>\n<p style='text-align: justify'><a href=\"http:\/\/www.lasprovincias.es\/v\/20120410\/deportes\/mas-deportes\/alicantino-paco-martin-campeon-20120410.html\" target=\"_blank\" rel=\"noopener\">http:\/\/www.lasprovincias.es\/v\/20120410\/deportes\/mas-deportes\/alicantino-paco-martin-campeon-20120410.html<\/a><\/p>","protected":false},"excerpt":{"rendered":"<p>El atleta alicantino Paco Mart&iacute;n se ha proclamado campe&oacute;n del Mundo en los 10 kil&oacute;metros<span class=\"excerpt-hellip\"> [\u2026]<\/span><\/p>\n","protected":false},"author":3,"featured_media":0,"comment_status":"open","ping_status":"open","sticky":false,"template":"","format":"standard","meta":{"kia_subtitle":"","footnotes":""},"categories":[],"tags":[],"class_list":["post-33472","post","type-post","status-publish","format-standard","hentry"],"meta_box":[],"_links":{"self":[{"href":"https:\/\/marqalicante-admin.qwair.com\/va\/wp-json\/wp\/v2\/posts\/33472","targetHints":{"allow":["GET"]}}],"collection":[{"href":"https:\/\/marqalicante-admin.qwair.com\/va\/wp-json\/wp\/v2\/posts"}],"about":[{"href":"https:\/\/marqalicante-admin.qwair.com\/va\/wp-json\/wp\/v2\/types\/post"}],"author":[{"embeddable":true,"href":"https:\/\/marqalicante-admin.qwair.com\/va\/wp-json\/wp\/v2\/users\/3"}],"replies":[{"embeddable":true,"href":"https:\/\/marqalicante-admin.qwair.com\/va\/wp-json\/wp\/v2\/comments?post=33472"}],"version-history":[{"count":0,"href":"https:\/\/marqalicante-admin.qwair.com\/va\/wp-json\/wp\/v2\/posts\/33472\/revisions"}],"wp:attachment":[{"href":"https:\/\/marqalicante-admin.qwair.com\/va\/wp-json\/wp\/v2\/media?parent=33472"}],"wp:term":[{"taxonomy":"category","embeddable":true,"href":"https:\/\/marqalicante-admin.qwair.com\/va\/wp-json\/wp\/v2\/categories?post=33472"},{"taxonomy":"post_tag","embeddable":true,"href":"https:\/\/marqalicante-admin.qwair.com\/va\/wp-json\/wp\/v2\/tags?post=33472"}],"curies":[{"name":"wp","href":"https:\/\/api.w.org\/{rel}","templated":true}]}}