{"id":33454,"date":"2012-01-20T00:00:00","date_gmt":"2012-01-20T00:00:00","guid":{"rendered":"https:\/\/marqalicante-admin.qwair.com\/2012\/01\/20\/el-marq-acogera-la-proxima-reunion-del-een-european-exhibitions-network\/"},"modified":"2012-01-20T00:00:00","modified_gmt":"2012-01-20T00:00:00","slug":"el-marq-acogera-la-proxima-reunion-del-een-european-exhibitions-network","status":"publish","type":"post","link":"https:\/\/marqalicante-admin.qwair.com\/va\/el-marq-acogera-la-proxima-reunion-del-een-european-exhibitions-network\/","title":{"rendered":"El Marq acollir\u00e0 la propera reuni\u00f3 de l&#039;EEN (European Exhibitions Network)"},"content":{"rendered":"<p>&nbsp;<\/p>\n<p style='text-align: justify'>Els propers dies 23 i 24 de gener, el MARQ acollir\u00e0 una reuni\u00f3 de l&#039;EEN (<strong><em>E<\/em><\/strong><em>uropean <strong>E<\/strong>xhibitions <strong>N<\/strong>etwork<\/em>) grup de museus europeus d&#039;\u00e0mbit historicoarqueol\u00f2gic que pretenen la cooperaci\u00f3 en la creaci\u00f3 i l&#039;intercanvi d&#039;informaci\u00f3 sobre projectes vinculats a afavorir l&#039;intercanvi de col\u00b7leccions pr\u00f2pies en la producci\u00f3 d&#039;exposicions que siguin abastables entre institucions afins.<\/p>\n<p style='text-align: center'><img alt='' src='\/contenido\/genericas\/museo(4).jpg' style='width: 500px; height: 517px' \/><\/p>\n<p style='text-align: center'>&nbsp;<\/p>\n<p style='text-align: justify'>L&#039;organitzaci\u00f3 va tenir la seva primera reuni\u00f3 el mes de juny de 2011 a la ciutat austr\u00edaca de Linz, quan es va constituir el grup de treball que integra el Landes Museen (Linz, \u00c0ustria), el Medelhaus Museet (Estocolm, Su\u00e8cia), l&#039;Historisches Museum del Pfalz Speyer, Alemanya, el Drents Museum (Drents, Holanda) i el MARQ (Alacant, Espanya). Amb el Medelhaus d&#039;Estolcolm -Museu de la Mediterr\u00e0nia- el MARQ ja va col\u00b7laborar amb l&#039;organitzaci\u00f3 de l&#039;exposici\u00f3 <em>Tresors arqueol\u00f2gics<\/em><em>de Xipre <\/em>&nbsp;que va visitar Alacant el 2006 i amb l&#039;Historisches Museum (Museu d&#039;Hist\u00f2ria del Palatinat) el MARQ acaba de signar conveni de col\u00b7laboraci\u00f3 per a la realitzaci\u00f3 de l&#039;exposici\u00f3 <em>El Tresors<\/em><em>dels B\u00e0rbars,<\/em> la inauguraci\u00f3 del qual est\u00e0 prevista a Alacant per al proper mes d&#039;abril.<\/p>\n<p style='text-align: justify'>A la trobada d&#039;Alacant tamb\u00e9 acudiran altres museus espanyols, convidats pel MARQ, a sumar-se al grup de treball, com ara el Museu Arqueol\u00f2gic Regional de Madrid (MAR), el Museu Nacional d&#039;Arqueologia de Catalunya (MNAC), el Museu Arqueol\u00f2gic d&#039;Ast\u00faries i el Museu Arqueol\u00f2gic d&#039;Almeria.<\/p>\n<p style='text-align: justify'>En aquesta trobada els museus esmentats podran compartir projectes, considerar intercanvi de col\u00b7leccions i itiner\u00e0ncies d&#039;exposicions i tamb\u00e9 generar una exposici\u00f3 conjunta que pugui rec\u00f3rrer diferents de les seus. &nbsp;<\/p>","protected":false},"excerpt":{"rendered":"<p>&nbsp; Los pr&oacute;ximos d&iacute;as 23 y 24 de enero, el MARQ acoger&aacute; una reuni&oacute;n del<span class=\"excerpt-hellip\"> [\u2026]<\/span><\/p>\n","protected":false},"author":3,"featured_media":0,"comment_status":"open","ping_status":"open","sticky":false,"template":"","format":"standard","meta":{"kia_subtitle":"","footnotes":""},"categories":[],"tags":[],"class_list":["post-33454","post","type-post","status-publish","format-standard","hentry"],"meta_box":[],"_links":{"self":[{"href":"https:\/\/marqalicante-admin.qwair.com\/va\/wp-json\/wp\/v2\/posts\/33454","targetHints":{"allow":["GET"]}}],"collection":[{"href":"https:\/\/marqalicante-admin.qwair.com\/va\/wp-json\/wp\/v2\/posts"}],"about":[{"href":"https:\/\/marqalicante-admin.qwair.com\/va\/wp-json\/wp\/v2\/types\/post"}],"author":[{"embeddable":true,"href":"https:\/\/marqalicante-admin.qwair.com\/va\/wp-json\/wp\/v2\/users\/3"}],"replies":[{"embeddable":true,"href":"https:\/\/marqalicante-admin.qwair.com\/va\/wp-json\/wp\/v2\/comments?post=33454"}],"version-history":[{"count":0,"href":"https:\/\/marqalicante-admin.qwair.com\/va\/wp-json\/wp\/v2\/posts\/33454\/revisions"}],"wp:attachment":[{"href":"https:\/\/marqalicante-admin.qwair.com\/va\/wp-json\/wp\/v2\/media?parent=33454"}],"wp:term":[{"taxonomy":"category","embeddable":true,"href":"https:\/\/marqalicante-admin.qwair.com\/va\/wp-json\/wp\/v2\/categories?post=33454"},{"taxonomy":"post_tag","embeddable":true,"href":"https:\/\/marqalicante-admin.qwair.com\/va\/wp-json\/wp\/v2\/tags?post=33454"}],"curies":[{"name":"wp","href":"https:\/\/api.w.org\/{rel}","templated":true}]}}