{"id":33432,"date":"2011-10-21T00:00:00","date_gmt":"2011-10-21T00:00:00","guid":{"rendered":"https:\/\/marqalicante-admin.qwair.com\/2011\/10\/21\/nuevos-cursos-de-formacion-para-docentes-cefire-marq\/"},"modified":"2011-10-21T00:00:00","modified_gmt":"2011-10-21T00:00:00","slug":"nuevos-cursos-de-formacion-para-docentes-cefire-marq","status":"publish","type":"post","link":"https:\/\/marqalicante-admin.qwair.com\/va\/nuevos-cursos-de-formacion-para-docentes-cefire-marq\/","title":{"rendered":"Nous cursos de formaci\u00f3 per a docents CEFIRE-MARQ"},"content":{"rendered":"<p style='text-align: justify'><img alt='' src='\/contenido\/genericas\/NOTICIA(1).jpg' style='width: 300px; height: 225px' \/>&nbsp; <img alt='' src='\/contenido\/genericas\/CONFERENCIA.jpg' style='width: 300px; height: 225px' \/><\/p>\n<p style='text-align: justify'>Dins del Curs organitzat pel CEFIRE d&#039;Alacant &quot;Recursos did\u00e0ctics generals per a Ci\u00e8ncies Socials, Geografia i Hist\u00f2ria. Primer cicle de l&#039;ESO&quot;, el Departament de Did\u00e0ctica impartir\u00e0 els dies 11 d&#039;octubre i 10 de novembre de 2011 xerrades sobre &quot;Ensenyar hist\u00f2ria a primer cicle a trav\u00e9s del MARQ&quot;.<\/p>\n<p style='text-align: justify'>El curs pret\u00e9n contribuir a la formaci\u00f3 dels docents sobre la utilitzaci\u00f3 dels diversos materials curriculars i recursos per a l&#039;aprenentatge a l&#039;aula i fora. Un altre dels seus objectius \u00e9s desenvolupar diverses estrat\u00e8gies i t\u00e8cniques per a un \u00fas efica\u00e7 dels recursos.<\/p>\n<p style='text-align: justify'>Les sessions constaran d&#039;una visita a les sales permanents del MARQ on es mostrar\u00e0 als professors els interessants recursos did\u00e0ctics presents a les diferents sales d&#039;exposici\u00f3 permanent i que faciliten la comprensi\u00f3 de les etapes hist\u00f2riques presents al curr\u00edculum del primer cicle d&#039;ESO. Les possibilitats did\u00e0ctiques del museu es multipliquen amb la suma dels parcs arqueol\u00f2gics que gestiona el MARQ: la ciutat iberoromana de Lucentum, el jaciment costaner de La Illeta, els abrics rupestres del Pla de Petracos i la torre almohade d&#039;Almudaina.<\/p>\n<p style='text-align: justify'>D&#039;altra banda s&#039;impartiran xerrades on es desenvolupar\u00e0 el programa d&#039;activitats did\u00e0ctiques, recursos, projectes educatius (Amarqdrina una pe\u00e7a) tallers, visites i material did\u00e0ctic que el museu ofereix. Tot plegat constitueix un gran ventall destrat\u00e8gies dirigides als escolars. A la proposta educativa del MARQ s&#039;han tingut en compte les caracter\u00edstiques espec\u00edfiques de l&#039;alumnat, relacionant els continguts amb el curr\u00edculum escolar vigent, en aquest cas concret a 1r i 2n d&#039;ESO.<\/p>\n<p style='text-align: justify'>Aquest curs est\u00e0 dirigit al professorat al professorat d&#039;Ensenyament Secundari de l&#039;especialitat de Geografia, Hist\u00f2ria i Art.<\/p>","protected":false},"excerpt":{"rendered":"<p>&nbsp; Dentro del Curso organizado por el CEFIRE de Alicante &quot;Recursos did&aacute;cticos generales para Ciencias<span class=\"excerpt-hellip\"> [\u2026]<\/span><\/p>\n","protected":false},"author":3,"featured_media":0,"comment_status":"open","ping_status":"open","sticky":false,"template":"","format":"standard","meta":{"kia_subtitle":"","footnotes":""},"categories":[],"tags":[],"class_list":["post-33432","post","type-post","status-publish","format-standard","hentry"],"meta_box":[],"_links":{"self":[{"href":"https:\/\/marqalicante-admin.qwair.com\/va\/wp-json\/wp\/v2\/posts\/33432","targetHints":{"allow":["GET"]}}],"collection":[{"href":"https:\/\/marqalicante-admin.qwair.com\/va\/wp-json\/wp\/v2\/posts"}],"about":[{"href":"https:\/\/marqalicante-admin.qwair.com\/va\/wp-json\/wp\/v2\/types\/post"}],"author":[{"embeddable":true,"href":"https:\/\/marqalicante-admin.qwair.com\/va\/wp-json\/wp\/v2\/users\/3"}],"replies":[{"embeddable":true,"href":"https:\/\/marqalicante-admin.qwair.com\/va\/wp-json\/wp\/v2\/comments?post=33432"}],"version-history":[{"count":0,"href":"https:\/\/marqalicante-admin.qwair.com\/va\/wp-json\/wp\/v2\/posts\/33432\/revisions"}],"wp:attachment":[{"href":"https:\/\/marqalicante-admin.qwair.com\/va\/wp-json\/wp\/v2\/media?parent=33432"}],"wp:term":[{"taxonomy":"category","embeddable":true,"href":"https:\/\/marqalicante-admin.qwair.com\/va\/wp-json\/wp\/v2\/categories?post=33432"},{"taxonomy":"post_tag","embeddable":true,"href":"https:\/\/marqalicante-admin.qwair.com\/va\/wp-json\/wp\/v2\/tags?post=33432"}],"curies":[{"name":"wp","href":"https:\/\/api.w.org\/{rel}","templated":true}]}}