{"id":33417,"date":"2011-10-07T00:00:00","date_gmt":"2011-10-07T00:00:00","guid":{"rendered":"https:\/\/marqalicante-admin.qwair.com\/2011\/10\/07\/tudmir-una-revision-desde-la-epigrafia\/"},"modified":"2011-10-07T00:00:00","modified_gmt":"2011-10-07T00:00:00","slug":"tudmir-una-revision-desde-la-epigrafia","status":"publish","type":"post","link":"https:\/\/marqalicante-admin.qwair.com\/va\/tudmir-una-revision-desde-la-epigrafia\/","title":{"rendered":"TUDMIR."},"content":{"rendered":"<h1><span style='color: #3399cc'><strong>TUDMER. Una revisi\u00f3 des de l&#039;epigrafia<\/strong><\/span><\/h1>\n<p><strong>Virgilio Mart\u00ednez Enamorat<\/strong><\/p>\n<p style='text-align: justify'>L&#039;actual prov\u00edncia d&#039;Alacant formava part de l&#039;antiga circumscripci\u00f3 andalusina de Tudmer en \u00e8poca emiral-califal. Les inscripcions \u00e0rabs que s&#039;hi troben han de relacionar-se, encara que nom\u00e9s sigui per una q\u00fcesti\u00f3 administrativa, amb les documentades a l&#039;actual prov\u00edncia de M\u00farcia. Amb la publicaci\u00f3 de l&#039;obra <em>Inscripcions \u00e0rabs de la Regi\u00f3 de M\u00farcia<\/em> (M\u00farcia, 2009) s&#039;ha completat un cat\u00e0leg de l&#039;epigrafia \u00e0rab medieval d&#039;aquella comunitat aut\u00f2noma. S&#039;hi uneixen altres troballes produ\u00efdes a la prov\u00edncia d&#039;Alacant, algunes publicades pel conferenciant en diversos f\u00f2rums (l\u00e0pida d&#039;Alcoi, conjunt epigr\u00e0fic del Comtat ). Amb aquesta confer\u00e8ncia impartida per Virgilio Mart\u00ednez Enamorado es pret\u00e9n repassar d&#039;una manera general l&#039;epigrafia del sector m\u00e9s meridional de Sharq al-Andalus (M\u00farcia i Alacant), alhora que d\u00f3na a con\u00e8ixer algunes d&#039;aquestes novetats esdevingudes a l&#039;epigrafia regional en relaci\u00f3 amb el conjunt d&#039;al-Andalus.<\/p>\n<p><strong><u>Virgili Mart\u00ednez<\/u><\/strong><\/p>\n<p>&nbsp;\u00c9s <strong>llicenciat i doctor en Hist\u00f2ria Medieval<\/strong> per la Universitat de M\u00e0laga i <strong>diplomat en llengua \u00e0rab<\/strong> per l&#039;Escola Oficial d&#039;Idiomes de M\u00e0laga. Actualment, exerceix la funci\u00f3 de <strong>investigador<\/strong> a l&#039;Escola d&#039;Estudis \u00c0rabs de Granada.<\/p>\n<p>L&#039;any 2004, Mart\u00ednez va rebre el <strong>Premi Extraordinari de Doctorat<\/strong> per la seva tesi <em>\u201cLa formaci\u00f3 d&#039;al-\u00c0ndalus a terres malaguenyes (segles VIII-X). Aportacions des de la historiografia, arqueologia i topon\u00edmia\u201d.<\/em><\/p>\n<p>&nbsp;A m\u00e9s, ha estat <strong>comissari de diverses exposicions<\/strong>, com \u201c<em>El triangle d&#039;al-\u00c0ndalus<\/em>\u201d celebrada a Rabat el 2003 i ha participat com <strong>ponent en m\u00e9s de 70 reunions<\/strong>, congressos i altres activitats de car\u00e0cter cient\u00edfic en la seva mat\u00e8ria, incloent diverses de caire internacional.<\/p>\n<p style='text-align: justify'><img alt='' src='\/contenido\/genericas\/TUDMIR.jpg' style='width: 600px; height: 849px' \/><\/p>","protected":false},"excerpt":{"rendered":"<p>TUDM&#298;R. Una revisi&oacute;n desde la epigraf&iacute;a Virgilio Mart&iacute;nez Enamorado La actual provincia de Alicante formaba<span class=\"excerpt-hellip\"> [\u2026]<\/span><\/p>\n","protected":false},"author":3,"featured_media":0,"comment_status":"open","ping_status":"open","sticky":false,"template":"","format":"standard","meta":{"kia_subtitle":"","footnotes":""},"categories":[],"tags":[],"class_list":["post-33417","post","type-post","status-publish","format-standard","hentry"],"meta_box":[],"_links":{"self":[{"href":"https:\/\/marqalicante-admin.qwair.com\/va\/wp-json\/wp\/v2\/posts\/33417","targetHints":{"allow":["GET"]}}],"collection":[{"href":"https:\/\/marqalicante-admin.qwair.com\/va\/wp-json\/wp\/v2\/posts"}],"about":[{"href":"https:\/\/marqalicante-admin.qwair.com\/va\/wp-json\/wp\/v2\/types\/post"}],"author":[{"embeddable":true,"href":"https:\/\/marqalicante-admin.qwair.com\/va\/wp-json\/wp\/v2\/users\/3"}],"replies":[{"embeddable":true,"href":"https:\/\/marqalicante-admin.qwair.com\/va\/wp-json\/wp\/v2\/comments?post=33417"}],"version-history":[{"count":0,"href":"https:\/\/marqalicante-admin.qwair.com\/va\/wp-json\/wp\/v2\/posts\/33417\/revisions"}],"wp:attachment":[{"href":"https:\/\/marqalicante-admin.qwair.com\/va\/wp-json\/wp\/v2\/media?parent=33417"}],"wp:term":[{"taxonomy":"category","embeddable":true,"href":"https:\/\/marqalicante-admin.qwair.com\/va\/wp-json\/wp\/v2\/categories?post=33417"},{"taxonomy":"post_tag","embeddable":true,"href":"https:\/\/marqalicante-admin.qwair.com\/va\/wp-json\/wp\/v2\/tags?post=33417"}],"curies":[{"name":"wp","href":"https:\/\/api.w.org\/{rel}","templated":true}]}}