{"id":33410,"date":"2011-09-16T00:00:00","date_gmt":"2011-09-16T00:00:00","guid":{"rendered":"https:\/\/marqalicante-admin.qwair.com\/2011\/09\/16\/el-marq-inicia-la-v-campana-de-excavaciones-arqueologicas-en-la-cova-del-randero\/"},"modified":"2011-09-16T00:00:00","modified_gmt":"2011-09-16T00:00:00","slug":"el-marq-inicia-la-v-campana-de-excavaciones-arqueologicas-en-la-cova-del-randero","status":"publish","type":"post","link":"https:\/\/marqalicante-admin.qwair.com\/va\/el-marq-inicia-la-v-campana-de-excavaciones-arqueologicas-en-la-cova-del-randero\/","title":{"rendered":"El MARQ inicia la V campanya d&#039;excavacions arqueol\u00f2giques a la Cova del Randero"},"content":{"rendered":"<p style='text-align: justify'>&nbsp;<\/p>\n<p style='text-align: center'><img alt='' src='\/contenido\/genericas\/COVA.jpg' style='width: 500px; height: 332px' \/><\/p>\n<p style='text-align: justify'>La <strong>Diputaci\u00f3 d&#039;Alacant<\/strong>, en col\u00b7laboraci\u00f3 amb el <strong>Ajuntament de Pedreguer<\/strong>, ha iniciat la cinquena <strong>campanya d&#039;excavacions<\/strong> a la <strong>Cova del Randero<\/strong> que es prolongar\u00e0 durant el mes de setembre.<\/p>\n<p style='text-align: justify'>El diputat de Cultura <strong>Juan Bautista Rosell\u00f3<\/strong> ha explicat que aquest projecte cient\u00edfic es va iniciar al <strong>any 2007<\/strong> i est\u00e0 dirigit per t\u00e8cnics del MARQ. A m\u00e9s, ha afegit que la instituci\u00f3 provincial destinar\u00e0 a aquesta nova edici\u00f3<strong>15.000 euros<\/strong> per als <strong>despeses<\/strong> que comporti el desenvolupament de la campanya a la zona, aix\u00ed com per als treballs i investigacions posteriors.<\/p>\n<p style='text-align: justify'>Aquestes excavacions arqueol\u00f2giques se centren en el reconeixement de l\u00fas habitacional i funerari per part de pastors del Neol\u00edtic Mitj\u00e0. La intervenci\u00f3 d&#039;aquest any t\u00e9 com a objectiu <strong>documentar l&#039;estructura<\/strong> i determinar les condicions en qu\u00e8 habitaven els pastors primitius.<\/p>\n<p style='text-align: justify'><a href=\"http:\/\/www.blogdelmarqexcavaciones.com\/category\/excavaciones\/cova-del-randero\/\" target=\"_blank\" rel=\"noopener\">m\u00e9s informaci\u00f3<\/a><\/p>","protected":false},"excerpt":{"rendered":"<p>&nbsp; La Diputaci&oacute;n de Alicante, en colaboraci&oacute;n con el Ayuntamiento de Pedreguer, ha iniciado la<span class=\"excerpt-hellip\"> [\u2026]<\/span><\/p>\n","protected":false},"author":3,"featured_media":0,"comment_status":"open","ping_status":"open","sticky":false,"template":"","format":"standard","meta":{"kia_subtitle":"","footnotes":""},"categories":[],"tags":[],"class_list":["post-33410","post","type-post","status-publish","format-standard","hentry"],"meta_box":[],"_links":{"self":[{"href":"https:\/\/marqalicante-admin.qwair.com\/va\/wp-json\/wp\/v2\/posts\/33410","targetHints":{"allow":["GET"]}}],"collection":[{"href":"https:\/\/marqalicante-admin.qwair.com\/va\/wp-json\/wp\/v2\/posts"}],"about":[{"href":"https:\/\/marqalicante-admin.qwair.com\/va\/wp-json\/wp\/v2\/types\/post"}],"author":[{"embeddable":true,"href":"https:\/\/marqalicante-admin.qwair.com\/va\/wp-json\/wp\/v2\/users\/3"}],"replies":[{"embeddable":true,"href":"https:\/\/marqalicante-admin.qwair.com\/va\/wp-json\/wp\/v2\/comments?post=33410"}],"version-history":[{"count":0,"href":"https:\/\/marqalicante-admin.qwair.com\/va\/wp-json\/wp\/v2\/posts\/33410\/revisions"}],"wp:attachment":[{"href":"https:\/\/marqalicante-admin.qwair.com\/va\/wp-json\/wp\/v2\/media?parent=33410"}],"wp:term":[{"taxonomy":"category","embeddable":true,"href":"https:\/\/marqalicante-admin.qwair.com\/va\/wp-json\/wp\/v2\/categories?post=33410"},{"taxonomy":"post_tag","embeddable":true,"href":"https:\/\/marqalicante-admin.qwair.com\/va\/wp-json\/wp\/v2\/tags?post=33410"}],"curies":[{"name":"wp","href":"https:\/\/api.w.org\/{rel}","templated":true}]}}