{"id":33392,"date":"2011-05-13T00:00:00","date_gmt":"2011-05-13T00:00:00","guid":{"rendered":"https:\/\/marqalicante-admin.qwair.com\/2011\/05\/13\/jornadas-de-puertas-abiertas\/"},"modified":"2011-05-13T00:00:00","modified_gmt":"2011-05-13T00:00:00","slug":"jornadas-de-puertas-abiertas","status":"publish","type":"post","link":"https:\/\/marqalicante-admin.qwair.com\/va\/jornadas-de-puertas-abiertas\/","title":{"rendered":"JORNADES DE PORTES OBERTES"},"content":{"rendered":"<p style=\"text-align:center\"><img decoding=\"async\" alt=\"\" src=\"\/contenido\/genericas\/portada(7).jpg\" style=\"height:208px; width:472px\" \/><\/p>\n<p><a href=\"https:\/\/www.pureintime.net\/audemars-piguet-replica.html\" target=\"_blank\" rel=\"noopener\">Audemars Piguet R\u00e8plica<\/a><\/p>\n<p>El MARQ s&#039;uneix un any m\u00e9s a les celebracions pr\u00f2pies del Dia Internacional dels Museus a tot el m\u00f3n sota el lema proposat per ICOM \u201cMuseu i Mem\u00f2ria\u201d i obrir\u00e0 les portes el <strong>dissabte 14<\/strong> de maig de 10.00 h. a 24.00 h. (de manera interrompuda) i l&#039;entrada ser\u00e0 gratu\u00efta - limitada a la capacitat de les sales- tant al museu al museu com a l&#039;exposici\u00f3 temporal <em>Ermitage. Tresors de l&#039;arqueologia russa al MARQ<\/em>.<\/p>\n<p>De la mateixa manera, el <strong>dissabte 14<\/strong> l&#039;acc\u00e9s als parcs arqueol\u00f2gics i jaciments de Lucentum (Alacant), La Illeta (El Campello), El Pla de Petracs (Castell de Castells) i la Torre Almohade (Almudaina) tamb\u00e9 ser\u00e0 lliure, mantenint el seu horari d&#039;obertura habitual: Lucentum de 10.00ha 14.00hi de 16.00h a 18.00h, La Illeta (El Campello) de 10.00ha 14.00hi de 15.30ha 17.30h, El Pla de Petracs (Castell de Castells) de 11.00ha 14.00hi de 17.00ha 19.30h, i la Torre Almohade (Almudaina) 11.00ha 14 19.00h.<\/p>\n<p>&nbsp;<\/p>\n<p>El <strong>diumenge 15<\/strong> de maig el MARQ mantindr\u00e0 el seu horari habitual el diumenge de 10.00 a 14.00 h, i l&#039;entrada tamb\u00e9 ser\u00e0 gratu\u00efta, limitada a la capacitat de les sales. L&#039;acc\u00e9s als parcs arqueol\u00f2gics i jaciments tamb\u00e9 ser\u00e0 lliure, mantenint l&#039;horari de diumenge: Lucentum de 10.00ha 14.00h., La Illeta (El Campello) de 10.00ha 14.00h. ha 14.00h.,i la Torre Almohade (Almudaina) 11.00ha 14.00h. Diumenge tarda: tancat.<\/p>\n<p>&nbsp;<\/p>\n<p>El <strong>dimecres dia 18<\/strong> el MARQ rebr\u00e0 tots els escolars que vinguin aquell dia als jardins del museu, podent participar al concurs de dibuix relacionat amb l&#039;exposici\u00f3 temporal <em>Ermitage. Tresors de l&#039;arqueologia russa al MARQ<\/em>. Aix\u00ed mateix, es presenta la placa de bronze romana amb inscripci\u00f3 cadastral del Museu Monogr\u00e0fic de l&#039;Alc\u00fadia, en el marc de la mostra del Hall del Museu \u201cUn paisatge mil\u00b7lenari. Parcel\u00b7laci\u00f3 agr\u00e0ria i colons a <em>Il\u00edci<\/em>\u201d. L\u00b4acc\u00e9s al MARQ i als jaciments ser\u00e0 gratu\u00efta, amb el seg\u00fcent horari: MARQ de 10h. a 19h., Lucentum de 10.00ha 14.00hi de 16.00ha 18.00h, La Illeta (El Campello) de 10.00ha 14.00hi de 15.30ha 17.30h, la Torre Almohade (Almudaina) d&#039;11.00h. 19.00h., i el Pla de Petracos (Castell de Castells) podr\u00e0 visitar-se pr\u00e8via concertaci\u00f3 de visita al n\u00famero de tel\u00e8fon 965.51.82.43.<\/p>\n<p>&nbsp;<\/p>\n<p><span style=\"color:#b22222\"><strong>&nbsp;<\/strong><\/span><strong><a href=\"\/contenido\/genericas\/MUSEOS.pdf\" target=\"_blank\"><span style=\"color:#b22222\">Descarregar PDF<\/span><\/a><\/strong><\/p>\n<p><strong>Jornades de Portes Obertes.<\/strong><\/p>\n<p><strong>Horaris:<\/strong><\/p>\n<p><strong>MARQ<\/strong><\/p>\n<p>Dissabte 14 de Maig: de 10:00 a 24:00 h.<\/p>\n<p>Diumenge 15 de maig: de 10.00 a 14.00 h.<\/p>\n<p>Dimecres 18 de maig: de 10.00 a 19.00 h.<\/p>\n<p>Entrada gratu\u00efta limitada a la capacitat de les sales.<\/p>\n<p>&nbsp;<\/p>\n<p>&nbsp;<\/p>\n<p><strong>LUCENTUM<\/strong><\/p>\n<p>Dissabte 14: de 10.00 h. a 14.00 h. i de 16.00h. a 18.00 h.<\/p>\n<p>Diumenge 15: de 10.00h a 14.00h.<\/p>\n<p>Dimecres 18: de 10.00 ha 14.00 hi de 16.00 h. a 18.00 h.<\/p>\n<p>&nbsp;<\/p>\n<p><strong>ILLETA<\/strong><\/p>\n<p>Dissabte 14: de 10.00ha 14.00h. i de 15.30h. a 17.30 h.<\/p>\n<p>Diumenge 15: de 10:00 ha 14:00 h.<\/p>\n<p>Dimecres 18 de Maig: 10.00ha 14.00h. i de 15.30ha 17.30h.<\/p>\n<p>&nbsp;<\/p>\n<p><strong>PLA DE PETRACS<\/strong><\/p>\n<p>Dissabte 14: de 11.00ha 14.00h. i de 17.00ha 19.30h.<\/p>\n<p>Diumenge 15: de 11.00 h. a 14.00 h.<\/p>\n<p>Dimecres 18 de Maig: visita pr\u00e8via concertaci\u00f3 al n\u00famero de tel\u00e8fon 965.51.82.43<\/p>\n<p>&nbsp;<\/p>\n<p><strong>TORRE D&#039;ALMUDAINA<\/strong><\/p>\n<p>Dissabte 14: de 11.00ha 14.00hi de 16.00ha 19.00h<\/p>\n<p>Diumenge 15: de 11.00ha 14.00h.<\/p>\n<p>Dimecres 18 de Maig: de 10.00ha 13.00hi de 16.00 a 19.00h<\/p>\n<p>&nbsp;<\/p>\n<p>Per a m\u00e9s informaci\u00f3, consulteu: <a href=\"http:\/\/marqalicante-classic-admin.qwair.com\/\" target=\"_blank\" rel=\"noopener\">http:\/\/marqalicante-classic-admin.qwair.com\/<\/a><\/p>\n<p>Telf. d&#039;informaci\u00f3 MARQ: 965.14.90.00<\/p>","protected":false},"excerpt":{"rendered":"<p>Audemars Piguet Replica El MARQ se une un a&ntilde;o m&aacute;s a las celebraciones propias del<span class=\"excerpt-hellip\"> [\u2026]<\/span><\/p>\n","protected":false},"author":3,"featured_media":0,"comment_status":"open","ping_status":"open","sticky":false,"template":"","format":"standard","meta":{"kia_subtitle":"","footnotes":""},"categories":[],"tags":[],"class_list":["post-33392","post","type-post","status-publish","format-standard","hentry"],"meta_box":[],"_links":{"self":[{"href":"https:\/\/marqalicante-admin.qwair.com\/va\/wp-json\/wp\/v2\/posts\/33392","targetHints":{"allow":["GET"]}}],"collection":[{"href":"https:\/\/marqalicante-admin.qwair.com\/va\/wp-json\/wp\/v2\/posts"}],"about":[{"href":"https:\/\/marqalicante-admin.qwair.com\/va\/wp-json\/wp\/v2\/types\/post"}],"author":[{"embeddable":true,"href":"https:\/\/marqalicante-admin.qwair.com\/va\/wp-json\/wp\/v2\/users\/3"}],"replies":[{"embeddable":true,"href":"https:\/\/marqalicante-admin.qwair.com\/va\/wp-json\/wp\/v2\/comments?post=33392"}],"version-history":[{"count":0,"href":"https:\/\/marqalicante-admin.qwair.com\/va\/wp-json\/wp\/v2\/posts\/33392\/revisions"}],"wp:attachment":[{"href":"https:\/\/marqalicante-admin.qwair.com\/va\/wp-json\/wp\/v2\/media?parent=33392"}],"wp:term":[{"taxonomy":"category","embeddable":true,"href":"https:\/\/marqalicante-admin.qwair.com\/va\/wp-json\/wp\/v2\/categories?post=33392"},{"taxonomy":"post_tag","embeddable":true,"href":"https:\/\/marqalicante-admin.qwair.com\/va\/wp-json\/wp\/v2\/tags?post=33392"}],"curies":[{"name":"wp","href":"https:\/\/api.w.org\/{rel}","templated":true}]}}