{"id":33377,"date":"2010-12-10T00:00:00","date_gmt":"2010-12-10T00:00:00","guid":{"rendered":"https:\/\/marqalicante-admin.qwair.com\/2010\/12\/10\/navidades-en-el-marq\/"},"modified":"2010-12-10T00:00:00","modified_gmt":"2010-12-10T00:00:00","slug":"navidades-en-el-marq","status":"publish","type":"post","link":"https:\/\/marqalicante-admin.qwair.com\/va\/navidades-en-el-marq\/","title":{"rendered":"NADAL AL MARQ"},"content":{"rendered":"<p><span style=\"color: #ff0000\"><span style=\"font-size: small\"><span style=\"font-family: Comic Sans MS\"><b>Activitats Nadal 2010&nbsp;<br \/><img decoding=\"async\" alt=\"\" src=\"imags\/barraseparaciongrande.jpg\" \/><br \/><\/b><\/span><\/span><\/span><\/p>\n<p style=\"text-align: center\"><span style=\"color: #808080\"><b><img loading=\"lazy\" decoding=\"async\" width=\"575\" height=\"180\" alt=\"\" src=\"\/contenido\/genericas\/banner.jpg\" \/><\/b><\/span><\/p>\n<p>&nbsp;<\/p>\n<p>Com tots els anys, el MARQ ha preparat una completa agenda d&#039;activitats per als m\u00e9s petits.<\/p>\n<p><span style=\"font-size: medium\"><span style=\"font-family: Comic Sans MS\"><span style=\"color: #33cccc\"><b><u>AL MARQ<br \/><\/u><\/b><\/span><\/span><\/span><br \/><img loading=\"lazy\" decoding=\"async\" alt=\"\" width=\"275\" height=\"206\" src=\"\/contenido\/genericas\/12071280180.jpg\" \/>&nbsp;&nbsp;&nbsp;&nbsp;&nbsp; &nbsp;<img loading=\"lazy\" decoding=\"async\" alt=\"\" width=\"275\" height=\"206\" src=\"\/contenido\/genericas\/PC230066.jpg\" \/><br \/>&nbsp;<\/p>\n<ul>\n<li>\n<p><span style=\"color: #808080\"><span style=\"font-size: small\"><span style=\"font-family: Comic Sans MS\">Els dies 23, 24, 28 i 29 de desembre Teatre Infantil al Sal\u00f3 d&#039;Actes del MARQ a les 12:00 h.&nbsp;<\/span><\/span><\/span><\/p>\n<\/li>\n<li>\n<p><span style=\"color: #808080\"><span style=\"font-size: small\"><span style=\"font-family: Comic Sans MS\">Emissari i B\u00fastia Reial: S&#039;ha convertit en tradici\u00f3 que socis del Club Llumiq i ve\u00efns de la zona acudeixin en dates nadalenques a gaudir de les nostres activitats i aprofitin per dipositar la seva carta als Reis Mags d&#039;Orient a la nostra b\u00fastia.&nbsp;<\/span><\/span><\/span><\/p>\n<\/li>\n<li>\n<p><span style=\"color: #808080\"><span style=\"font-size: small\"><span style=\"font-family: Comic Sans MS\">A m\u00e9s tindrem l&#039;ARBRE dels DESITJOS, en el qual, gr\u00e0cies al suplement de la revista del Club, tots els visitants que vulguin emplenaran la BOLA de Nadal amb els seus millors desitjos per a l&#039;any 2011. Del 23 de desembre al 5 de gener.<\/span><\/span><\/span><\/p>\n<\/li>\n<li>\n<p><span style=\"color: #808080\"><span style=\"font-size: small\"><span style=\"font-family: Comic Sans MS\">Tallers Did\u00e0ctics: Els nens\/es podran participar als tallers organitzats pel Gabinet Did\u00e0ctic del museu per a les festes nadalenques, aprofitant les dues exposicions temporals:&nbsp;<\/span><\/span><\/span><\/p>\n<\/li>\n<li>\n<p><span style=\"color: #808080\"><span style=\"font-size: small\"><span style=\"font-family: Comic Sans MS\">\u201cMonedes\u201d. Totes les cares de la Hist\u00f2ria\u201d i \u201cGuardamar. Arqueologia i Museu\u201d.<\/span><\/span><\/span><\/p>\n<\/li>\n<\/ul>\n<h2>&nbsp;<span style=\"color: #808080\"><b>&nbsp;&nbsp;<\/b><span style=\"color: #33cccc\"><b>&nbsp;&nbsp;&nbsp;&nbsp;&nbsp;&nbsp;&nbsp;<\/b><\/span><span style=\"color: #ff0000\"><b>&nbsp;&nbsp;&nbsp;Dates 30 i 31 de desembre 2010, 4 i 5 de gener 2011. <\/b><\/span><\/span><\/h2>\n<p><span style=\"font-family: Comic Sans MS\"><span style=\"font-size: medium\"><span style=\"color: #33cccc\"><u><b>A EXPONADAL <\/b><\/u><\/span><\/span><\/span><\/p>\n<p style=\"text-align: center\"><img loading=\"lazy\" decoding=\"async\" alt=\"\" width=\"250\" height=\"333\" src=\"\/contenido\/genericas\/DSCN7441.jpg\" \/><\/p>\n<p>Per a la nova edici\u00f3 de la fira d&#039;oci infantil i juvenil d&#039;EXPONADAL, l&#039;estand del Club Llumiq se centrar\u00e0 a la Cultura Romana, portant-ne el t\u00edtol \u201cRomanorum Vita\u201d. Es tracta d&#039;una representaci\u00f3 de la vida quotidiana en un carrer roman (com per exemple de Lucentum), mostrant els costums i esdeveniments del dia a dia, els fets i les curiositats m\u00e9s destacables d&#039;aquella \u00e8poca.<br \/>L&#039;estand es transformar\u00e0 en un espai polivalent on s&#039;aniran desenvolupant diferents activitats i demostracions:<br \/>&nbsp;<\/p>\n<ol>\n<li>\n<p><span style=\"color: #808080\"><span style=\"font-family: Comic Sans MS\"><span style=\"font-size: small\">\u2013 Un dia en un carrer roman: vida quotidiana (domus, termopolium, les termes i tabernae)<\/span><\/span><\/span><\/p>\n<\/li>\n<li>\n<p><span style=\"color: #808080\"><span style=\"font-family: Comic Sans MS\"><span style=\"font-size: small\">\u2013 Espectacle de titelles i teatre.<\/span><\/span><\/span><\/p>\n<\/li>\n<li>\n<p><span style=\"color: #808080\"><span style=\"font-family: Comic Sans MS\"><span style=\"font-size: small\">Animus Atentus: representaci\u00f3 sobre l&#039;ex\u00e8rcit rom\u00e0.<\/span><\/span><\/span><\/p>\n<\/li>\n<li>\n<p><span style=\"color: #808080\"><span style=\"font-family: Comic Sans MS\"><span style=\"font-size: small\">\u2013 Exposici\u00f3 de reproduccions hist\u00f2riques i arqueol\u00f2giques.<\/span><\/span><\/span><\/p>\n<\/li>\n<li>\n<p><span style=\"color: #808080\"><span style=\"font-family: Comic Sans MS\"><span style=\"font-size: small\">\u2013 Zona de jocs romans.<\/span><\/span><\/span><\/p>\n<\/li>\n<li>\n<p><span style=\"color: #808080\"><span style=\"font-family: Comic Sans MS\"><span style=\"font-size: small\">\u2013 Zona de tallers i exposici\u00f3 did\u00e0ctica.<br \/>    <\/span><\/span><\/span>&nbsp;<\/p>\n<\/li>\n<\/ol>\n<p>El muntatge consisteix en una fa\u00e7ana que representa l&#039;entrada a una domus, l&#039;acc\u00e9s a unes termes, una tabernae i un altar p\u00fablic, tot degudament condicionat i representat de la manera m\u00e9s fidel possible tenint en compte el context en qu\u00e8 s&#039;emmarca el projecte (lleure i did\u00e0ctica). Es podran observar els grafits t\u00edpics de l&#039;\u00e8poca, les pintades, el tr\u00e0fec de la gent, els comerciants, els nens,\u2026<\/p>\n<p style=\"text-align: left\">L&#039;acc\u00e9s a l&#039;estand ser\u00e0 lliure, de manera que els participants puguin gaudir de la zona de tallers i jocs lliurement. Totes les activitats es plantegen des d&#039;una metodologia activa i participativa perqu\u00e8 els nens i nenes siguin els protagonistes del proc\u00e9s d&#039;ensenyament-aprenentatge, sempre emmarcat en un ambient d&#039;oci i animaci\u00f3.<br \/>Amb aquest projecte es pret\u00e9n apropar l&#039;arqueologia al p\u00fablic familiar, donant a con\u00e8ixer part de l&#039;exposici\u00f3 permanent del MARQ i la tasca did\u00e0ctica que desenvolupa el museu durant tot l&#039;any.<\/p>\n<h2><span style=\"color: #ff0000\"><span style=\"font-family: Comic Sans MS\"><b>Del 26 de desembre al 6 de gener<br \/>El MARQ us desitja un Bon Nadal i un Pr\u00f2sper Any Nou!<br \/><\/b><\/span><\/span><span style=\"font-family: Comic Sans MS\"><b><span style=\"color: #33cccc\"><br \/><\/span><\/b><\/span><\/h2>\n<p>&nbsp;<\/p>","protected":false},"excerpt":{"rendered":"<p>Actividades Navidad 2010&nbsp; &nbsp; Como todos los a&ntilde;os el MARQ ha preparado una completa agenda<span class=\"excerpt-hellip\"> [\u2026]<\/span><\/p>\n","protected":false},"author":3,"featured_media":0,"comment_status":"open","ping_status":"open","sticky":false,"template":"","format":"standard","meta":{"kia_subtitle":"","footnotes":""},"categories":[],"tags":[],"class_list":["post-33377","post","type-post","status-publish","format-standard","hentry"],"meta_box":[],"_links":{"self":[{"href":"https:\/\/marqalicante-admin.qwair.com\/va\/wp-json\/wp\/v2\/posts\/33377","targetHints":{"allow":["GET"]}}],"collection":[{"href":"https:\/\/marqalicante-admin.qwair.com\/va\/wp-json\/wp\/v2\/posts"}],"about":[{"href":"https:\/\/marqalicante-admin.qwair.com\/va\/wp-json\/wp\/v2\/types\/post"}],"author":[{"embeddable":true,"href":"https:\/\/marqalicante-admin.qwair.com\/va\/wp-json\/wp\/v2\/users\/3"}],"replies":[{"embeddable":true,"href":"https:\/\/marqalicante-admin.qwair.com\/va\/wp-json\/wp\/v2\/comments?post=33377"}],"version-history":[{"count":0,"href":"https:\/\/marqalicante-admin.qwair.com\/va\/wp-json\/wp\/v2\/posts\/33377\/revisions"}],"wp:attachment":[{"href":"https:\/\/marqalicante-admin.qwair.com\/va\/wp-json\/wp\/v2\/media?parent=33377"}],"wp:term":[{"taxonomy":"category","embeddable":true,"href":"https:\/\/marqalicante-admin.qwair.com\/va\/wp-json\/wp\/v2\/categories?post=33377"},{"taxonomy":"post_tag","embeddable":true,"href":"https:\/\/marqalicante-admin.qwair.com\/va\/wp-json\/wp\/v2\/tags?post=33377"}],"curies":[{"name":"wp","href":"https:\/\/api.w.org\/{rel}","templated":true}]}}