{"id":33370,"date":"2010-11-05T00:00:00","date_gmt":"2010-11-05T00:00:00","guid":{"rendered":"https:\/\/marqalicante-admin.qwair.com\/2010\/11\/05\/inauguracion-exposicion-en-monforte-del-cid\/"},"modified":"2010-11-05T00:00:00","modified_gmt":"2010-11-05T00:00:00","slug":"inauguracion-exposicion-en-monforte-del-cid","status":"publish","type":"post","link":"https:\/\/marqalicante-admin.qwair.com\/va\/inauguracion-exposicion-en-monforte-del-cid\/","title":{"rendered":"INAUGURACI\u00d3. EXPOSICI\u00d3 A MONFORTE DEL CID"},"content":{"rendered":"<p>&nbsp;&nbsp;&nbsp;&nbsp;&nbsp;&nbsp;&nbsp;&nbsp;&nbsp;&nbsp;&nbsp;&nbsp;&nbsp;&nbsp;&nbsp;&nbsp;&nbsp;&nbsp;&nbsp;&nbsp; &nbsp; <img loading=\"lazy\" decoding=\"async\" alt=\"\" width=\"130\" height=\"195\" src=\"\/contenido\/genericas\/foto final 10.JPG\" \/>&nbsp;&nbsp;&nbsp; <img loading=\"lazy\" decoding=\"async\" alt=\"\" width=\"350\" height=\"171\" src=\"\/contenido\/genericas\/Parcela sondeada.jpg\" \/><\/p>\n<p>L&#039;exposici\u00f3 del tors del Guerrer Ib\u00e8ric de Monforte del Cid \u00e9s una fita per a l&#039;Arqueologia monfortina i un feli\u00e7 esdeveniment el d&#039;aquesta primera exhibici\u00f3 per a delit dels estudiosos i admiraci\u00f3 del p\u00fablic en general. La col\u00b7laboraci\u00f3 entre l&#039;Excm. Ajuntament de Monforte del Cid, el Museu Arqueol\u00f2gic d&#039;Alacant, MARQ i l&#039;empresa arqueol\u00f2gica ARPA PATRIMONI, ha fet possible aquest esdeveniment.<br \/>&nbsp;<br \/>El tors del guerrer ib\u00e8ric de Monforte del Cid, \u00e9s una mostra excepcional de l&#039;escultura funer\u00e0ria ib\u00e8rica a les nostres terres alacantines, nom\u00e9s parangonable amb altres trobats a la propera Ilici oa les necr\u00f2polis ib\u00e8riques de la prov\u00edncia de Ja\u00e9n. Talla probablement pertanyent a una tomba notable d&#039;un guerrer, va ser trobada a la primavera del 2010 en una parcel\u00b7la agr\u00edcola al costat del riu Vinalop\u00f3.<\/p>\n<p>&nbsp;&nbsp;&nbsp;&nbsp;&nbsp;&nbsp;&nbsp;&nbsp;&nbsp;&nbsp;&nbsp;&nbsp;&nbsp;&nbsp;&nbsp;&nbsp;&nbsp;&nbsp;&nbsp;&nbsp;&nbsp;&nbsp;&nbsp;&nbsp;&nbsp;&nbsp;&nbsp;&nbsp;&nbsp;&nbsp;&nbsp;&nbsp;&nbsp;&nbsp;&nbsp;&nbsp;&nbsp;&nbsp;&nbsp; <img loading=\"lazy\" decoding=\"async\" alt=\"\" width=\"168\" height=\"126\" src=\"\/contenido\/genericas\/DSCN2702.JPG\" \/>&nbsp;&nbsp; <img loading=\"lazy\" decoding=\"async\" alt=\"\" width=\"168\" height=\"126\" src=\"\/contenido\/genericas\/DSCN2783.JPG\" \/>&nbsp;&nbsp;&nbsp;&nbsp;&nbsp;<\/p>\n<p>Coneguda des dels anys cinquanta del segle XX, aquesta vasta extensi\u00f3 de terrassa fluvial va ser ocupada per una important necr\u00f2polis des de finals del segle VI abans de la nostra Era. Els toros ib\u00e8rics, propers a la quinzena, les restes de monuments funeraris, els fragments d&#039;escultura antropomorfa trobats i les tombes trobades, proven l&#039;enorme rellev\u00e0ncia d&#039;aquest espai sagrat, on els ibers van enterrar els morts i van expressar la seva espiritualitat m\u00e9s fonda a trav\u00e9s de ritus i cerim\u00f2nies, algunes relacionades amb l&#039;aigua, fins ben entrat el segle I abans de JC. La rara recuperaci\u00f3 de la seva policromia, intensa en alguns tra\u00e7os, el converteix en una font de coneixement del mestre avesat que el va crear, un retall esculpit de l&#039;Art Ib\u00e8ric m\u00e9s notori i una font de coneixement de la societat ib\u00e8rica i de les seves influ\u00e8ncies i relacions amb els grecs cl\u00e0ssics en aquesta part de la Contest\u00e0nia durant el segle IV abans de la nostra Era. Una sincera expressi\u00f3 de la societat que ho va crear.<\/p>\n<p>&nbsp;&nbsp;&nbsp;&nbsp;&nbsp;&nbsp;&nbsp;&nbsp;&nbsp;&nbsp;&nbsp;&nbsp;&nbsp;&nbsp;&nbsp;&nbsp;&nbsp;&nbsp;&nbsp;&nbsp;&nbsp;&nbsp;&nbsp;&nbsp;&nbsp;&nbsp;&nbsp;&nbsp;&nbsp;&nbsp;&nbsp; &nbsp; <img loading=\"lazy\" decoding=\"async\" alt=\"\" width=\"200\" height=\"126\" src=\"\/contenido\/genericas\/limpieza superficial 01.JPG\" \/>&nbsp;&nbsp; <img loading=\"lazy\" decoding=\"async\" alt=\"\" width=\"189\" height=\"126\" src=\"\/contenido\/genericas\/General hallazgo.JPG\" \/><\/p>","protected":false},"excerpt":{"rendered":"<p>&nbsp;&nbsp;&nbsp;&nbsp;&nbsp;&nbsp;&nbsp;&nbsp;&nbsp;&nbsp;&nbsp;&nbsp;&nbsp;&nbsp;&nbsp;&nbsp;&nbsp;&nbsp;&nbsp;&nbsp; &nbsp; &nbsp;&nbsp;&nbsp; La exposici&oacute;n del torso del Guerrero Ib&eacute;rico de Monforte del Cid, es<span class=\"excerpt-hellip\"> [\u2026]<\/span><\/p>\n","protected":false},"author":3,"featured_media":0,"comment_status":"open","ping_status":"open","sticky":false,"template":"","format":"standard","meta":{"kia_subtitle":"","footnotes":""},"categories":[],"tags":[],"class_list":["post-33370","post","type-post","status-publish","format-standard","hentry"],"meta_box":[],"_links":{"self":[{"href":"https:\/\/marqalicante-admin.qwair.com\/va\/wp-json\/wp\/v2\/posts\/33370","targetHints":{"allow":["GET"]}}],"collection":[{"href":"https:\/\/marqalicante-admin.qwair.com\/va\/wp-json\/wp\/v2\/posts"}],"about":[{"href":"https:\/\/marqalicante-admin.qwair.com\/va\/wp-json\/wp\/v2\/types\/post"}],"author":[{"embeddable":true,"href":"https:\/\/marqalicante-admin.qwair.com\/va\/wp-json\/wp\/v2\/users\/3"}],"replies":[{"embeddable":true,"href":"https:\/\/marqalicante-admin.qwair.com\/va\/wp-json\/wp\/v2\/comments?post=33370"}],"version-history":[{"count":0,"href":"https:\/\/marqalicante-admin.qwair.com\/va\/wp-json\/wp\/v2\/posts\/33370\/revisions"}],"wp:attachment":[{"href":"https:\/\/marqalicante-admin.qwair.com\/va\/wp-json\/wp\/v2\/media?parent=33370"}],"wp:term":[{"taxonomy":"category","embeddable":true,"href":"https:\/\/marqalicante-admin.qwair.com\/va\/wp-json\/wp\/v2\/categories?post=33370"},{"taxonomy":"post_tag","embeddable":true,"href":"https:\/\/marqalicante-admin.qwair.com\/va\/wp-json\/wp\/v2\/tags?post=33370"}],"curies":[{"name":"wp","href":"https:\/\/api.w.org\/{rel}","templated":true}]}}