{"id":33345,"date":"2010-06-30T00:00:00","date_gmt":"2010-06-30T00:00:00","guid":{"rendered":"https:\/\/marqalicante-admin.qwair.com\/2010\/06\/30\/exvotos-ibericos-de-bronce\/"},"modified":"2010-06-30T00:00:00","modified_gmt":"2010-06-30T00:00:00","slug":"exvotos-ibericos-de-bronce","status":"publish","type":"post","link":"https:\/\/marqalicante-admin.qwair.com\/va\/exvotos-ibericos-de-bronce\/","title":{"rendered":"EXVOTS IB\u00c8RICS DE BRONZE"},"content":{"rendered":"<p><img decoding=\"async\" alt=\"\" src=\"imags\/barraseparaciongrande.jpg\" \/><\/p>\n<p><img decoding=\"async\" alt=\"\" src=\"\/contenido\/genericas\/ex1.jpg\" style=\"height:193px; width:290px\" \/>&nbsp;&nbsp;&nbsp; &nbsp;<img decoding=\"async\" alt=\"\" src=\"\/contenido\/genericas\/ex2.jpg\" style=\"height:193px; width:290px\" \/><br \/><img decoding=\"async\" alt=\"\" src=\"imags\/barraseparaciongrande.jpg\" \/><\/p>\n<p>Els exvots presenten una cronologia de mitjans del segle III a. C. i estan elaborats mitjan\u00e7ant la t\u00e8cnica de la \u201ccera perduda\u201d&nbsp;<a href=\"https:\/\/www.replicas-shop.me\/\" target=\"_blank\" rel=\"noopener\">best replica watches<\/a><\/p>\n<p>Divendres, 16 de juliol de 2010 L&#039;espai expositiu del vest\u00edbul del Museu Arqueol\u00f2gic d&#039;Alacant acull des d&#039;avui els exvots ib\u00e8rics de bronze procedents del Santuari de la Llum a M\u00farcia. El president de la Diputaci\u00f3 d&#039;Alacant, Joaqu\u00edn Ripoll, ha inaugurat aquesta exposici\u00f3 en un acte en qu\u00e8 tamb\u00e9 han participat el director del Museu Arqueol\u00f2gic de M\u00farcia (MAM), Luis E. De Miguel Santed, i el director del MARQ, Jos\u00e9 Alberto Cort\u00e9s.<\/p>\n<p>Els exvots exposats, amb qu\u00e8 el museu alacant\u00ed inicia una nova l\u00ednia d&#039;exposicions de peces singulars procedents d&#039;altres regions espanyoles, presenten una cronologia de mitjans del segle III aC. C. i el seg\u00fcent. Elaborats mitjan\u00e7ant la t\u00e8cnica de la \u201ccera perduda\u201d, apareixen en contextos sacres ib\u00e8rics, on es dipositaven com a ofrenes a la divinida a canvi de benestar i salut, protecci\u00f3 davant dels fen\u00f2mens atmosf\u00e8rics adversos i fortuna a l&#039;hora d&#039;obtenir els fruits de la terra i els animals. Es tracta de peces de mida no superior als 18 cm i aspecte arcaic. En general, s\u00f3n representacions estilitzades d&#039;homes i dones, imatges d&#039;oferents en actitud de preg\u00e0ria i portant algun panet o fruits, encara que tamb\u00e9 hi ha barons a cavall o mostrant-ne les armes. Alguns elements s&#039;exageren, com les mans o els \u00f2rgans sexuals, i el tractament de la indument\u00e0ria i els cabells \u00e9s caracter\u00edstic. D&#039;altra banda, s\u00f3n usuals les representacions de cavalls i exvots anat\u00f2mics, representant parts del cos. El santuari de La Luz es localitza als contraforts de la serra de Carrascoy, al costat de la vega del riu Segura, proper al poblat de Santa Catalina i de la necr\u00f2polis del Capecico del Tresor, situaci\u00f3 habitual dels centres de culte ib\u00e8rics. Encara que ja es tenen not\u00edcies del jaciment a finals del segle XVIII, les excavacions arqueol\u00f2giques no es van iniciar fins al 1924 de la m\u00e0 de Cayetano de Mergelina, sent continuades als anys 90 sota la direcci\u00f3 del professor Pedro Lillo Carpio. L&#039;origen del santuari es remunta a finals del segle V aC C. Durant la primera meitat del segle IV a. C. es constata una \u00e0rea sacra a cel obert, amb ofrenes votives a les esquerdes de les roques i \u00e0rees de cremaci\u00f3, un altar i dues columnes que marcarien la sacralitat del lloc. Posteriorment, es construeix un edifici de planta trapezo\u00efdal per al culte a Dem\u00e9ter i Pers\u00e8fone, de tipus nutrici, de la fecunditat i fertilitat, per\u00f2 tamb\u00e9 del \u201cm\u00e9s enll\u00e0\u201d, tot aix\u00f2 en un ambient mist\u00e8ric a la manera eleusina. Destaca la troballa d&#039;animals sacrificats, ganivets afalcatats i dip\u00f2sits de cer\u00e0miques (bols i plats de libaci\u00f3, caliciformes, ung\u00fcentaris), testimonis de silicernia o banquets rituals. Tamb\u00e9 es coneixen restes de fosa de bronze i plom, relacionades amb l&#039;elaboraci\u00f3 d&#039;exvots met\u00e0l\u00b7lics. En el tr\u00e0nsit entre els segles III i II aC C. es construeix un nou edifici d&#039;inspiraci\u00f3 greco-it\u00e0lica, amb columnes de ma\u00f3 estucat, carreus, avantfixes de palmeta amb rostres, paviments d&#039;opus signinum, etc. Durant la segona meitat de l&#039;II a. C., s&#039;enderroca el temple i arrasa la zona, registrant-se una activitat d&#039;espoliaci\u00f3 sistem\u00e0tica.<\/p>\n<p>El programa del MARQ dedicat a peces singulars va ser inaugurat el 2007 amb l&#039;exposici\u00f3 de la m\u00e0 romana de bronze trobada al jaciment de Lucentum, que es troba actualment a la sala permanent dedicada a la cultura romana del museu. Posteriorment, es va exhibir el vaixell de terracota o birreme \u201cSolcant el temps\u201d i el got neol\u00edtic \u201cSecreto de Barro\u201d.<br \/><img decoding=\"async\" alt=\"\" src=\"imags\/barraseparaciongrande.jpg\" \/><\/p>","protected":false},"excerpt":{"rendered":"<p>&nbsp;&nbsp;&nbsp; &nbsp; Los exvotos presentan una cronolog&iacute;a de mediados del siglo III a. C. y<span class=\"excerpt-hellip\"> [\u2026]<\/span><\/p>\n","protected":false},"author":3,"featured_media":0,"comment_status":"open","ping_status":"open","sticky":false,"template":"","format":"standard","meta":{"kia_subtitle":"","footnotes":""},"categories":[],"tags":[],"class_list":["post-33345","post","type-post","status-publish","format-standard","hentry"],"meta_box":[],"_links":{"self":[{"href":"https:\/\/marqalicante-admin.qwair.com\/va\/wp-json\/wp\/v2\/posts\/33345","targetHints":{"allow":["GET"]}}],"collection":[{"href":"https:\/\/marqalicante-admin.qwair.com\/va\/wp-json\/wp\/v2\/posts"}],"about":[{"href":"https:\/\/marqalicante-admin.qwair.com\/va\/wp-json\/wp\/v2\/types\/post"}],"author":[{"embeddable":true,"href":"https:\/\/marqalicante-admin.qwair.com\/va\/wp-json\/wp\/v2\/users\/3"}],"replies":[{"embeddable":true,"href":"https:\/\/marqalicante-admin.qwair.com\/va\/wp-json\/wp\/v2\/comments?post=33345"}],"version-history":[{"count":0,"href":"https:\/\/marqalicante-admin.qwair.com\/va\/wp-json\/wp\/v2\/posts\/33345\/revisions"}],"wp:attachment":[{"href":"https:\/\/marqalicante-admin.qwair.com\/va\/wp-json\/wp\/v2\/media?parent=33345"}],"wp:term":[{"taxonomy":"category","embeddable":true,"href":"https:\/\/marqalicante-admin.qwair.com\/va\/wp-json\/wp\/v2\/categories?post=33345"},{"taxonomy":"post_tag","embeddable":true,"href":"https:\/\/marqalicante-admin.qwair.com\/va\/wp-json\/wp\/v2\/tags?post=33345"}],"curies":[{"name":"wp","href":"https:\/\/api.w.org\/{rel}","templated":true}]}}