{"id":33336,"date":"2010-06-15T00:00:00","date_gmt":"2010-06-15T00:00:00","guid":{"rendered":"https:\/\/marqalicante-admin.qwair.com\/2010\/06\/15\/conferencias-en-el-marq\/"},"modified":"2010-06-15T00:00:00","modified_gmt":"2010-06-15T00:00:00","slug":"conferencias-en-el-marq","status":"publish","type":"post","link":"https:\/\/marqalicante-admin.qwair.com\/va\/conferencias-en-el-marq\/","title":{"rendered":"CONFER\u00c8NCIES AL MARQ"},"content":{"rendered":"<p style=\"text-align: left\"><b><span style=\"color: #0099cc\"><img decoding=\"async\" alt=\"\" src=\"imags\/barraseparaciongrande.jpg\" \/><\/span><br \/><\/b><br \/>DIA: 15 \/06 \/ 2010<br \/>LLOC: SAL\u00d3 D&#039;ACTES DEL MARQ<br \/>HORA: 19:00H<br \/><img decoding=\"async\" alt=\"\" src=\"imags\/barraseparaciongrande.jpg\" \/>&nbsp;&nbsp;&nbsp;&nbsp;&nbsp;&nbsp;&nbsp;&nbsp;&nbsp;&nbsp;&nbsp;&nbsp;&nbsp;&nbsp;&nbsp;&nbsp;&nbsp;&nbsp;&nbsp;&nbsp;&nbsp;&nbsp;&nbsp;&nbsp;&nbsp;&nbsp;&nbsp;&nbsp;&nbsp;&nbsp;&nbsp;&nbsp;&nbsp;&nbsp;&nbsp;&nbsp;&nbsp;&nbsp;&nbsp;&nbsp;&nbsp;<\/p>\n<p><img loading=\"lazy\" decoding=\"async\" style=\"margin-right: 10px\" height=\"401\" alt=\"\" width=\"283\" align=\"left\" src=\"\/contenido\/genericas\/CONEFERENCIAJUNIOweb(1).jpg\" \/><\/p>\n<p style=\"text-align: justify\"><span style=\"color: #006699\"><b>La mort al llogaret: La poblaci\u00f3 de l&#039;oasi de Kharga durant l&#039;\u00e8poca greco-romana.<\/b><\/span><\/p>\n<p>1a confer\u00e8ncia: Omnipres\u00e8ncia de la religi\u00f3 tradicional (F. Dunand)<br \/>2a confer\u00e8ncia: El que aprenem dels vius a trav\u00e9s dels morts (R. Lichtenberg)<\/p>\n<p>Es va pensar que el ritu de la momificaci\u00f3 es reservava a Egipte exclusivament als faraons i al seu entorn nobiliari i selecte. Aix\u00f2 va ser aix\u00ed durant molt de temps per\u00f2 a l&#039;\u00e8poca tolemaica i romana la situaci\u00f3 canvia. L&#039;exploraci\u00f3 arqueol\u00f2gica dels poblats de l&#039;oasi de Kharga demostra, de fet, que la majoria de la poblaci\u00f3 gaudeix de les cures exclusives m\u00e9s o menys elaborades que permeten convervar el cos. En aquesta \u00e8poca, encara, les pr\u00e0ctiques i les creences funer\u00e0ries tradicionals es mantenen vives com ho posa de manifest el mobiliari de les tombes. L&#039;estudi de les restes humanes in situ ens permet fer-nos una idea for\u00e7a clara de la vida dels habitants d&#039;aquests nuclis de poblaci\u00f3 i tamb\u00e9 ens permet procedir a una aut\u00e8ntica paleoetnologia.<\/p>\n<p>&nbsp;<\/p>\n<p>&nbsp;<\/p>\n<p style=\"text-align: justify\"><img decoding=\"async\" alt=\"\" src=\"imags\/barraseparaciongrande.jpg\" \/>&nbsp;&nbsp;&nbsp;&nbsp;&nbsp;&nbsp;&nbsp;&nbsp;&nbsp;&nbsp;&nbsp;&nbsp;&nbsp;&nbsp;&nbsp;&nbsp;&nbsp;&nbsp;&nbsp;&nbsp;&nbsp;&nbsp;&nbsp;&nbsp;&nbsp;&nbsp;&nbsp;&nbsp;&nbsp;&nbsp;&nbsp;&nbsp;&nbsp;&nbsp;&nbsp;&nbsp;&nbsp;&nbsp;&nbsp;&nbsp;&nbsp;<\/p>\n<p><img loading=\"lazy\" decoding=\"async\" style=\"margin-right: 10px\" height=\"126\" alt=\"\" width=\"90\" align=\"left\" src=\"\/contenido\/genericas\/fotocarnet2.jpg\" \/><\/p>\n<p><span style=\"background-color: #6699cc\"><span><span style=\"color: #6699cc\"><span style=\"font-size: larger\"><strong><span style=\"color: #ffffff\">&nbsp;&nbsp;&nbsp;&nbsp;&nbsp;&nbsp;&nbsp;&nbsp;&nbsp;&nbsp;&nbsp;&nbsp;&nbsp;&nbsp;&nbsp;&nbsp;&nbsp;&nbsp;&nbsp;&nbsp;&nbsp;&nbsp;&nbsp;&nbsp;&nbsp;&nbsp;&nbsp;&nbsp;&nbsp;&nbsp;&nbsp;&nbsp;&nbsp;&nbsp;&nbsp;&nbsp;&nbsp;&nbsp;&nbsp;&nbsp;&nbsp;&nbsp;&nbsp;&nbsp;&nbsp;&nbsp;&nbsp;&nbsp;&nbsp;&nbsp;&nbsp;&nbsp;&nbsp;&nbsp;&nbsp;&nbsp;&nbsp;&nbsp;&nbsp;&nbsp;&nbsp;&nbsp;&nbsp;&nbsp;&nbsp;&nbsp;&nbsp;&nbsp;&nbsp;&nbsp;&nbsp;&nbsp;&nbsp;&nbsp;&nbsp;&nbsp;&nbsp;&nbsp;&nbsp;&nbsp;&nbsp;&nbsp;&nbsp;&nbsp;&nbsp;&nbsp;&nbsp;&nbsp;&nbsp;&nbsp;&nbsp;&nbsp;&nbsp; Fran\u00e7oise Dunand&nbsp;&nbsp;&nbsp; <span style=\"font-size: larger\"><strong><font size=\"2\"><br \/><\/font><\/strong><\/span><\/span><\/strong><\/span><\/span><\/span><\/span><\/p>\n<p style=\"text-align: justify\">Catedr\u00e0tica dUniversitat.<br \/>Professora em\u00e8rita d&#039;hist\u00f2ria de les religions a la Universitat d&#039;Estrasburg.<br \/>Ha estat membre de l&#039;Institut Franc\u00e8s d&#039;Arqueologia Oriental del Caire.<br \/>Ha treballat i est\u00e0 vinculada des de fa 30 anys a les necr\u00f2polis antigues de l?oasi de Kharga.<\/p>\n<p><img decoding=\"async\" alt=\"\" src=\"imags\/barraseparaciongrande.jpg\" \/><\/p>\n<p><img loading=\"lazy\" decoding=\"async\" style=\"margin-right: 10px\" height=\"118\" alt=\"\" width=\"90\" align=\"left\" src=\"\/contenido\/genericas\/fotocarnet1.jpg\" \/><span style=\"background-color: #6699cc\"><span><span style=\"color: #6699cc\"><span style=\"font-size: larger\"><strong><span style=\"color: #ffffff\">&nbsp;&nbsp;&nbsp;&nbsp;&nbsp;&nbsp;&nbsp;&nbsp;&nbsp;&nbsp;&nbsp;&nbsp;&nbsp;&nbsp;&nbsp;&nbsp;&nbsp;&nbsp;&nbsp;&nbsp;&nbsp;&nbsp;&nbsp;&nbsp;&nbsp;&nbsp;&nbsp;&nbsp;&nbsp;&nbsp;&nbsp;&nbsp;&nbsp;&nbsp;&nbsp;&nbsp;&nbsp;&nbsp;&nbsp;&nbsp;&nbsp;&nbsp;&nbsp;&nbsp;&nbsp;&nbsp;&nbsp;&nbsp;&nbsp;&nbsp;&nbsp;&nbsp;&nbsp;&nbsp;&nbsp;&nbsp;&nbsp;&nbsp;&nbsp;&nbsp;&nbsp;&nbsp;&nbsp;&nbsp;&nbsp;&nbsp;&nbsp;&nbsp;&nbsp;&nbsp;&nbsp;&nbsp;&nbsp;&nbsp;&nbsp;&nbsp;&nbsp;&nbsp;&nbsp;&nbsp;&nbsp;&nbsp;&nbsp;&nbsp;&nbsp;&nbsp;&nbsp;&nbsp;&nbsp;&nbsp;&nbsp;&nbsp;&nbsp;&nbsp;Roger Lichtenberg&nbsp;&nbsp; <span style=\"font-size: larger\"><strong><font size=\"2\"><br \/><\/font><\/strong><\/span><\/span><\/strong><\/span><\/span><\/span><\/span><\/p>\n<p style=\"text-align: justify\"><span style=\"color: #000000\">Doctor en Medicina. Radi\u00f2leg.<br \/>Ha estat responsable de la Secci\u00f3 de Radiologia de l&#039;Institut Arthur Vernes de Par\u00eds.<br \/>Va participar a l&#039;estudi de la m\u00f2mia de Rams\u00e8s II durant la seva estada parisenca el 1976.<br \/>Ha treballat en diferents excavacions arqueol\u00f2giques a Egipte (Saqqara, Tebitnis, Deir el-Medina).<br \/>Treballa des de fa 30 anys amb Fran\u00e7oise Dunand sobre les necr\u00f2polis de l&#039;oasi de Kharga.<\/p>\n<p><span><span style=\"background-color: #ffffff\"><br \/><\/span><\/span><\/span><\/p>","protected":false},"excerpt":{"rendered":"<p>D&Iacute;A: 15 \/06 \/ 2010LUGAR: SAL&Oacute;N DE ACTOS DEL MARQHORA : 19:00H&nbsp;&nbsp;&nbsp;&nbsp;&nbsp;&nbsp;&nbsp;&nbsp;&nbsp;&nbsp;&nbsp;&nbsp;&nbsp;&nbsp;&nbsp;&nbsp;&nbsp;&nbsp;&nbsp;&nbsp;&nbsp;&nbsp;&nbsp;&nbsp;&nbsp;&nbsp;&nbsp;&nbsp;&nbsp;&nbsp;&nbsp;&nbsp;&nbsp;&nbsp;&nbsp;&nbsp;&nbsp;&nbsp;&nbsp;&nbsp;&nbsp; La muerte en<span class=\"excerpt-hellip\"> [\u2026]<\/span><\/p>\n","protected":false},"author":3,"featured_media":0,"comment_status":"open","ping_status":"open","sticky":false,"template":"","format":"standard","meta":{"kia_subtitle":"","footnotes":""},"categories":[],"tags":[],"class_list":["post-33336","post","type-post","status-publish","format-standard","hentry"],"meta_box":[],"_links":{"self":[{"href":"https:\/\/marqalicante-admin.qwair.com\/va\/wp-json\/wp\/v2\/posts\/33336","targetHints":{"allow":["GET"]}}],"collection":[{"href":"https:\/\/marqalicante-admin.qwair.com\/va\/wp-json\/wp\/v2\/posts"}],"about":[{"href":"https:\/\/marqalicante-admin.qwair.com\/va\/wp-json\/wp\/v2\/types\/post"}],"author":[{"embeddable":true,"href":"https:\/\/marqalicante-admin.qwair.com\/va\/wp-json\/wp\/v2\/users\/3"}],"replies":[{"embeddable":true,"href":"https:\/\/marqalicante-admin.qwair.com\/va\/wp-json\/wp\/v2\/comments?post=33336"}],"version-history":[{"count":0,"href":"https:\/\/marqalicante-admin.qwair.com\/va\/wp-json\/wp\/v2\/posts\/33336\/revisions"}],"wp:attachment":[{"href":"https:\/\/marqalicante-admin.qwair.com\/va\/wp-json\/wp\/v2\/media?parent=33336"}],"wp:term":[{"taxonomy":"category","embeddable":true,"href":"https:\/\/marqalicante-admin.qwair.com\/va\/wp-json\/wp\/v2\/categories?post=33336"},{"taxonomy":"post_tag","embeddable":true,"href":"https:\/\/marqalicante-admin.qwair.com\/va\/wp-json\/wp\/v2\/tags?post=33336"}],"curies":[{"name":"wp","href":"https:\/\/api.w.org\/{rel}","templated":true}]}}