{"id":33329,"date":"2010-01-12T00:00:00","date_gmt":"2010-01-12T00:00:00","guid":{"rendered":"https:\/\/marqalicante-admin.qwair.com\/2010\/01\/12\/el-marq-recibe-la-visita-de-los-responsables-del-museo-arqueologico-san-telmo-de-san-sebastian\/"},"modified":"2010-01-12T00:00:00","modified_gmt":"2010-01-12T00:00:00","slug":"el-marq-recibe-la-visita-de-los-responsables-del-museo-arqueologico-san-telmo-de-san-sebastian","status":"publish","type":"post","link":"https:\/\/marqalicante-admin.qwair.com\/va\/el-marq-recibe-la-visita-de-los-responsables-del-museo-arqueologico-san-telmo-de-san-sebastian\/","title":{"rendered":"El MARQ rep la visita dels responsables del Museu Arqueol\u00f2gic Sant Telmo de Sant Sebasti\u00e0"},"content":{"rendered":"<p>La delegaci\u00f3 donostiarra integrada per Susana Soto Aranzadi, directora del Museu Sant Telm de Sant Sebasti\u00e0, Denis Itxaso Gonz\u00e1lez, regidor delegat de Cultura i Joventut de l&#039;Ajuntament d&#039;aquesta ciutat, i el director de Donostia Cultura, Antton Azpitarte Lizaso, es reuniran en una \u00e0mplia jornada de treball amb els t\u00e8cnics del MARQ aquest Dimecres, 13 de Gener, per intercanviar experi\u00e8ncies a l\u00e0mbit de la gesti\u00f3 patrimonial i museogr\u00e0fica entre ambd\u00f3s centres. Reprenent amb aquesta visita el contacte iniciat amb el MARQ el 2007 durant l&#039;execuci\u00f3 del projecte de rehabilitaci\u00f3 i ampliaci\u00f3 del museu donostiarra, unes obres que van prendre com a model, entre d&#039;altres, la rehabilitaci\u00f3 duta a terme per la Diputaci\u00f3 d&#039;Alacant a l&#039;antic Hospital de Sant Joan de D\u00e9u, edifici que actualment acull el MARQ.<br \/>Propers a finalitzar aquesta intervenci\u00f3 arquitect\u00f2nica, la delegaci\u00f3 del Museu Arqueol\u00f2gic de San Telmo es despla\u00e7a del nou al MARQ amb l&#039;objectiu d&#039;aprofundir en el model de gesti\u00f3 i funcionament del museu alacant\u00ed, aix\u00ed com aprofundir en el programa d&#039;activitats i investigaci\u00f3.<br \/>&nbsp;<\/p>","protected":false},"excerpt":{"rendered":"<p>La delegaci&oacute;n donostiarra integrada por Susana Soto Aranzadi, Directora del Museo San Telmo de San<span class=\"excerpt-hellip\"> [\u2026]<\/span><\/p>\n","protected":false},"author":3,"featured_media":0,"comment_status":"open","ping_status":"open","sticky":false,"template":"","format":"standard","meta":{"kia_subtitle":"","footnotes":""},"categories":[],"tags":[],"class_list":["post-33329","post","type-post","status-publish","format-standard","hentry"],"meta_box":[],"_links":{"self":[{"href":"https:\/\/marqalicante-admin.qwair.com\/va\/wp-json\/wp\/v2\/posts\/33329","targetHints":{"allow":["GET"]}}],"collection":[{"href":"https:\/\/marqalicante-admin.qwair.com\/va\/wp-json\/wp\/v2\/posts"}],"about":[{"href":"https:\/\/marqalicante-admin.qwair.com\/va\/wp-json\/wp\/v2\/types\/post"}],"author":[{"embeddable":true,"href":"https:\/\/marqalicante-admin.qwair.com\/va\/wp-json\/wp\/v2\/users\/3"}],"replies":[{"embeddable":true,"href":"https:\/\/marqalicante-admin.qwair.com\/va\/wp-json\/wp\/v2\/comments?post=33329"}],"version-history":[{"count":0,"href":"https:\/\/marqalicante-admin.qwair.com\/va\/wp-json\/wp\/v2\/posts\/33329\/revisions"}],"wp:attachment":[{"href":"https:\/\/marqalicante-admin.qwair.com\/va\/wp-json\/wp\/v2\/media?parent=33329"}],"wp:term":[{"taxonomy":"category","embeddable":true,"href":"https:\/\/marqalicante-admin.qwair.com\/va\/wp-json\/wp\/v2\/categories?post=33329"},{"taxonomy":"post_tag","embeddable":true,"href":"https:\/\/marqalicante-admin.qwair.com\/va\/wp-json\/wp\/v2\/tags?post=33329"}],"curies":[{"name":"wp","href":"https:\/\/api.w.org\/{rel}","templated":true}]}}