{"id":33318,"date":"2009-10-20T00:00:00","date_gmt":"2009-10-20T00:00:00","guid":{"rendered":"https:\/\/marqalicante-admin.qwair.com\/2009\/10\/20\/exposicion-en-cocentaina\/"},"modified":"2009-10-20T00:00:00","modified_gmt":"2009-10-20T00:00:00","slug":"exposicion-en-cocentaina","status":"publish","type":"post","link":"https:\/\/marqalicante-admin.qwair.com\/va\/exposicion-en-cocentaina\/","title":{"rendered":"EXPOSICI\u00d3 A COCENTAINA"},"content":{"rendered":"<p><span style=\"color: #999999\"><b>ELS MUSULMANS AL COMTAT<br \/><img decoding=\"async\" alt=\"\" src=\"imags\/barraseparaciongrande.jpg\" \/><\/p>\n<p><img loading=\"lazy\" decoding=\"async\" height=\"242\" alt=\"\" width=\"400\" src=\"\/contenido\/genericas\/COCEN2.jpg\" \/><\/b><\/span><\/p>\n<p><span style=\"color: #999999\"><b><img decoding=\"async\" alt=\"\" src=\"imags\/barraseparaciongrande.jpg\" \/><\/p>\n<p>NOVA EXPOSICI\u00d3 PER A LA FIRA DE TOTS SANTS DEL CENTRE D\u00b4ESTUDIS CONTESTANS<br \/><\/b><\/span><\/p>\n<p>Una de les activitats que m\u00e9s caracteritza el CEC \u00e9s la seva tasca divulgadora. Les publicacions, les exposicions biennals amb motiu de la feria de Tots Sants de Cocentaina i les instal\u00b7lacions del Museu Arqueol\u00f2gic i Etnol\u00f2gic del Comtat, ens han perm\u00e8s apropar el patrimoni a tothom: als ve\u00efns de Cocentaina i comarca, als que ens visiten, i molt especialment els escolars que poden gaudir del museu.<\/p>\n<p>Entre els treballs que el Centre d&#039;Estudis Contestans porta endavant actualment, volem destacar el que des de fa ja m\u00e9s d&#039;un any es va dedicant a l&#039;estudi de la pres\u00e8ncia musulmana a les terres del Comtat. Un ampli treball de recerca de documentaci\u00f3 hist\u00f2rica, arqueol\u00f2gica i etnol\u00f2gica, amb la realitzaci\u00f3 de nombroses fotografies i <br \/>Planimetries de castells, despoblats i jaciments arqueol\u00f2gics localitzats a la comarca, i que aquest any, coincidint amb els 400 anys del decret d&#039;expulsi\u00f3 dels moriscs del Regne de Val\u00e8ncia, tenim previst donar a con\u00e8ixer amb el muntatge d&#039;una exposici\u00f3 &#039;edici\u00f3 d&#039;un ampli cat\u00e0leg-estudi, que a m\u00e9s d&#039;una interessant introducci\u00f3 a c\u00e0rrec de Pierre Guichard, destacat medievalista de la Universitat de Li\u00f3, especialitzat en temes relacionats amb Al-Andalus, <br \/>Aquesta exposici\u00f3 \u201cELS MUSULMANS AL COMTAT\u201d, est\u00e0 patrocinada per la Fundaci\u00f3 MARQ, per la Conselleria de Cultura de la Generalitat Valenciana, i hi col\u00b7laboren la CAM i l&#039;Associaci\u00f3 d&#039;Amics del CEC, Museu i Patrimoni Cultural del Comtat. L&#039;exposici\u00f3 estar\u00e0 oberta fins l&#039;abril del 2010 a la seu del Museu Arqueol\u00f2gic i Etnol\u00f2gic del Comtat del Centre d&#039;Estudis Contestans, al carrer Major n\u00fam. 3 de Cocentaina.<\/p>\n<p>A l&#039;exposici\u00f3 s&#039;inclouran abundants materials arqueol\u00f2gics localitzats als jaciments de la zona: cer\u00e0miques isl\u00e0miques de tots els tipus coneguts, monedes, restes epigr\u00e0fiques, documents amb escriptura \u00e0rab d&#039;\u00e8poca andalusina i mudejar-morisca, actualment conservats al Museu Arqueol\u00f2gic i Etnol\u00f2gic del Comtat i al Museu Arqueol\u00f2gic Provincial d&#039;Alacant MARQ, aix\u00ed com altres procedents de cessions temporals per a l&#039;exposici\u00f3 realitzades per altres institucions i particulars. <\/p>\n<p>Per al muntatge de l&#039;exposici\u00f3 s&#039;ha realitzat una important reforma i condicionament de les dues plantes i les diferents sals expositives que conformen el Museu Arqueol\u00f2gic i Etnol\u00f2gic del Comtat, situat al carrer Major, 3 de Cocentaina; amb sals tem\u00e0tiques dedicades a: les alqueries i els despoblats, els castells, l&#039;aportaci\u00f3 dels musulmans a la nostra cultura, la religi\u00f3, l&#039;epigrafia musulmana al Comtat, l&#039;escriptura \u00e0rab al Comtat, la circulaci\u00f3 monet\u00e0ria, la cer\u00e0mica, per a finalitzar amb una sala dedicada al fet de l&#039;expulsi\u00f3 del 1609.<\/p>\n<p>No dubtem que amb aquesta publicaci\u00f3 i exposici\u00f3, podem aportar a la societat, no sols de la nostra comarca del Comtat sin\u00f3 de tota la Comunitat Valenciana, una eina de treball de gran dimensi\u00f3 social i una important transcend\u00e8ncia cultural, divulgadora de la pres\u00e8ncia i de l&#039;important empremta que la cultura musulmana va deixar les nostres terres.<\/p>\n<p>Tant la presentaci\u00f3 del cat\u00e0leg-estudi com la inauguraci\u00f3 de l&#039;exposici\u00f3 es faran a Cocentaina durant el proper mes d&#039;octubre. L&#039;exposici\u00f3, instal\u00b7lada a les depend\u00e8ncies del Museu Arqueol\u00f2gic i Etnol\u00f2gic del Comtat i seu del Centre d&#039;Estudis Contestans, restar\u00e0 oberta fins al mes d&#039;abril del 2010 perqu\u00e8 pugui ser contemplada pels ve\u00efns de Cocentaina aix\u00ed com pels nombrosos visitants que Cocentaina rebr\u00e0 amb motiu de la celebraci\u00f3 de la seva tradicional fira de Tots Sants 2009; per\u00f2 molt especialment, per grups d&#039;escolars de tot arreu de la Comunitat Valenciana.<\/p>\n<p><a href=\"http:\/\/marqalicante-classic-admin.qwair.com\/Paginas\/es\/ELS-MUSULMANS-AL-COMTAT-P179-M4.html\" target=\"_blank\" rel=\"noopener\">\u25ba ACTIVITATS PREVISTES PER A LA INAUGURACI\u00d3<\/a><\/p>\n<p><a href=\"http:\/\/marqalicante-classic-admin.qwair.com\/Paginas\/es\/COCENTAINA-P180-M4.html\" target=\"_blank\" rel=\"noopener\">\u25ba EL MOTIU DEL LOGOTIP<\/a><\/p>\n<p><img decoding=\"async\" alt=\"\" src=\"imags\/barraseparaciongrande.jpg\" \/><\/p>\n<p><b><span style=\"color: #808080\">PER MES INFORMACIO<\/span><\/b><\/p>\n<p>966 500 197 Casa Museu Centre d\u00b4Estudis Contestans \/ 689222474 Joanjo Llorens Cap de premsa<\/p>\n<p>&nbsp;<\/p>","protected":false},"excerpt":{"rendered":"<p>ELS MUSULMANS AL COMTAT NOVA EXPOSICI&Oacute; PER A LA FIRA DE TOTS SANTS DEL CENTRE<span class=\"excerpt-hellip\"> [\u2026]<\/span><\/p>\n","protected":false},"author":3,"featured_media":0,"comment_status":"open","ping_status":"open","sticky":false,"template":"","format":"standard","meta":{"kia_subtitle":"","footnotes":""},"categories":[],"tags":[],"class_list":["post-33318","post","type-post","status-publish","format-standard","hentry"],"meta_box":[],"_links":{"self":[{"href":"https:\/\/marqalicante-admin.qwair.com\/va\/wp-json\/wp\/v2\/posts\/33318","targetHints":{"allow":["GET"]}}],"collection":[{"href":"https:\/\/marqalicante-admin.qwair.com\/va\/wp-json\/wp\/v2\/posts"}],"about":[{"href":"https:\/\/marqalicante-admin.qwair.com\/va\/wp-json\/wp\/v2\/types\/post"}],"author":[{"embeddable":true,"href":"https:\/\/marqalicante-admin.qwair.com\/va\/wp-json\/wp\/v2\/users\/3"}],"replies":[{"embeddable":true,"href":"https:\/\/marqalicante-admin.qwair.com\/va\/wp-json\/wp\/v2\/comments?post=33318"}],"version-history":[{"count":0,"href":"https:\/\/marqalicante-admin.qwair.com\/va\/wp-json\/wp\/v2\/posts\/33318\/revisions"}],"wp:attachment":[{"href":"https:\/\/marqalicante-admin.qwair.com\/va\/wp-json\/wp\/v2\/media?parent=33318"}],"wp:term":[{"taxonomy":"category","embeddable":true,"href":"https:\/\/marqalicante-admin.qwair.com\/va\/wp-json\/wp\/v2\/categories?post=33318"},{"taxonomy":"post_tag","embeddable":true,"href":"https:\/\/marqalicante-admin.qwair.com\/va\/wp-json\/wp\/v2\/tags?post=33318"}],"curies":[{"name":"wp","href":"https:\/\/api.w.org\/{rel}","templated":true}]}}