{"id":33300,"date":"2009-05-25T00:00:00","date_gmt":"2009-05-25T00:00:00","guid":{"rendered":"https:\/\/marqalicante-admin.qwair.com\/2009\/05\/25\/las-tumbas-reales-de-peru\/"},"modified":"2009-05-25T00:00:00","modified_gmt":"2009-05-25T00:00:00","slug":"las-tumbas-reales-de-peru","status":"publish","type":"post","link":"https:\/\/marqalicante-admin.qwair.com\/va\/las-tumbas-reales-de-peru\/","title":{"rendered":"Les Tombes Reials del Per\u00fa"},"content":{"rendered":"<p style=\"text-align: justify\">L&#039;exposici\u00f3 \u201cEl Senyor de Sip\u00e1n: misteri i esplendor d&#039;una cultura preinca\u201d, va ser un dels esdeveniments culturals m\u00e9s importants de l&#039;any 2006 a Espanya.<\/p>\n<p style=\"text-align: justify\">Des de mar\u00e7 a juny de 2006, el MARQ va exhibir a les seves tres sales temporals, 133 peces procedents dels aixovars funeraris del Senyor de Sip\u00e1n, un dels conjunts arqueol\u00f2gics m\u00e9s excel\u00b7lents del m\u00f3n, impressionant vestigi de la florent cultura Moche, que es va desenvolupar a la costa nord del Per\u00fa entre els segles.<br \/>La figura d&#039;aquell poder\u00f3s personatge de l&#039;alta jerarquia Moche que va ser enterrat en companyia de diverses persones i animals, amb un ric aixovar, integrat per multitud de peces: orelleres d&#039;or, turquesa i lapisl\u00e0tzuli, coxals en or i plata massissos, estendards en metalls preciosos representatius del seu rang, aix\u00ed com una de acompanyar el Senyor de Sip\u00e1n, m\u00e9s enll\u00e0 de la mort i que ara a trav\u00e9s de les seves formes ens il\u00b7lustren sobre la vida quotidiana i les creences dels antics mots.<br \/>Tot aquest llegat es va salvar gr\u00e0cies a la tasca d&#039;un grup d&#039;arque\u00f2legs que, el 1987 i dirigits per l&#039;especialista de reconegut prestigi internacional, Walter Alva, van comen\u00e7ar les excavacions d&#039;aquest Mausoleu Reial de Lambayeque, salvant del saqueig i la destrucci\u00f3 tot aquest magn\u00edfic llegat que ens permet descobrir el misteri i l&#039;esplendor.<br \/>El MARQ va contribuir amb aquella exposici\u00f3 al coneixement internacional de la import\u00e0ncia d&#039;aquestes troballes fetes a Sip\u00e1n; un dels molts projectes que es van generar a Alacant va ser la realitzaci\u00f3 d&#039;un documental dirigit per Jos\u00e9 Manuel Novoa, film aquest que el Dr. Alva presentar\u00e0 a la Casa Am\u00e8rica de Madrid el 21 de maig ia Alacant el proper dia 25 d&#039;aquest mateix mes, presentant aix\u00ed mateix al Sal\u00f3 d&#039;Actes del MARQ, i en prim\u00edcia les noves troballes produ\u00efdes a Sip00.<\/p>\n<p>&nbsp;<\/p>","protected":false},"excerpt":{"rendered":"<p>La exposici&oacute;n &ldquo;El Se&ntilde;or de Sip&aacute;n: misterio y esplendor de una cultura Pre-inca&rdquo;, fue uno<span class=\"excerpt-hellip\"> [\u2026]<\/span><\/p>\n","protected":false},"author":3,"featured_media":0,"comment_status":"open","ping_status":"open","sticky":false,"template":"","format":"standard","meta":{"kia_subtitle":"","footnotes":""},"categories":[],"tags":[],"class_list":["post-33300","post","type-post","status-publish","format-standard","hentry"],"meta_box":[],"_links":{"self":[{"href":"https:\/\/marqalicante-admin.qwair.com\/va\/wp-json\/wp\/v2\/posts\/33300","targetHints":{"allow":["GET"]}}],"collection":[{"href":"https:\/\/marqalicante-admin.qwair.com\/va\/wp-json\/wp\/v2\/posts"}],"about":[{"href":"https:\/\/marqalicante-admin.qwair.com\/va\/wp-json\/wp\/v2\/types\/post"}],"author":[{"embeddable":true,"href":"https:\/\/marqalicante-admin.qwair.com\/va\/wp-json\/wp\/v2\/users\/3"}],"replies":[{"embeddable":true,"href":"https:\/\/marqalicante-admin.qwair.com\/va\/wp-json\/wp\/v2\/comments?post=33300"}],"version-history":[{"count":0,"href":"https:\/\/marqalicante-admin.qwair.com\/va\/wp-json\/wp\/v2\/posts\/33300\/revisions"}],"wp:attachment":[{"href":"https:\/\/marqalicante-admin.qwair.com\/va\/wp-json\/wp\/v2\/media?parent=33300"}],"wp:term":[{"taxonomy":"category","embeddable":true,"href":"https:\/\/marqalicante-admin.qwair.com\/va\/wp-json\/wp\/v2\/categories?post=33300"},{"taxonomy":"post_tag","embeddable":true,"href":"https:\/\/marqalicante-admin.qwair.com\/va\/wp-json\/wp\/v2\/tags?post=33300"}],"curies":[{"name":"wp","href":"https:\/\/api.w.org\/{rel}","templated":true}]}}