{"id":50102,"date":"2026-09-04T07:36:44","date_gmt":"2026-09-04T07:36:44","guid":{"rendered":"https:\/\/marqalicante-admin.qwair.com\/?p=50102"},"modified":"2026-09-04T07:36:44","modified_gmt":"2026-09-04T07:36:44","slug":"el-marq-presenta-su-programacion-educativa-para-el-curso-escolar-2026-27-a-la-comunidad-docente","status":"publish","type":"post","link":"https:\/\/marqalicante-admin.qwair.com\/es\/el-marq-presenta-su-programacion-educativa-para-el-curso-escolar-2026-27-a-la-comunidad-docente\/","title":{"rendered":"El MARQ presenta su programaci\u00f3n educativa para el curso escolar 2026\/27 a la comunidad docente"},"content":{"rendered":"<p style=\"text-align: center\"><img loading=\"lazy\" decoding=\"async\" class=\"alignnone size-medium wp-image-50106\" src=\"https:\/\/marqalicante-admin.qwair.com\/wp-content\/uploads\/2026\/09\/WhatsApp-Image-2026-09-03-at-18.04.58-1-500x351.jpeg\" alt=\"\" width=\"500\" height=\"351\" srcset=\"https:\/\/marqalicante-admin.qwair.com\/wp-content\/uploads\/2026\/09\/WhatsApp-Image-2026-09-03-at-18.04.58-1-500x351.jpeg 500w, https:\/\/marqalicante-admin.qwair.com\/wp-content\/uploads\/2026\/09\/WhatsApp-Image-2026-09-03-at-18.04.58-1-300x210.jpeg 300w, https:\/\/marqalicante-admin.qwair.com\/wp-content\/uploads\/2026\/09\/WhatsApp-Image-2026-09-03-at-18.04.58-1-18x12.jpeg 18w, https:\/\/marqalicante-admin.qwair.com\/wp-content\/uploads\/2026\/09\/WhatsApp-Image-2026-09-03-at-18.04.58-1-107x75.jpeg 107w, https:\/\/marqalicante-admin.qwair.com\/wp-content\/uploads\/2026\/09\/WhatsApp-Image-2026-09-03-at-18.04.58-1-480x337.jpeg 480w\" sizes=\"auto, (max-width:767px) 480px, 500px\" \/><\/p>\n<p style=\"text-align: justify\">La Fundaci\u00f3n CV MARQ ha presentado la <strong>Gu\u00eda Educativa del MARQ para el curso 2026-27<\/strong> ante la comunidad educativa de la provincia de Alicante, con una programaci\u00f3n tanto del museo como de los yacimientos y monumentos dependientes de la Diputaci\u00f3n de Alicante.<\/p>\n<p style=\"text-align: justify\">El diputado de Cultura y vicepresidente de la Fundaci\u00f3n CV MARQ, <strong>Juan de Dios Navarro Caballero<\/strong>, ha se\u00f1alado que \u201cesta oferta educativa que hoy presentamos ofrece a los docentes de infantil, primaria y secundaria herramientas y recursos educativos con los que ampliar las posibilidades educativas y de formaci\u00f3n para acercar la historia y el patrimonio cultural a su alumnado\u201d.<\/p>\n<p style=\"text-align: justify\">La propuesta educativa que desarrolla la Unidad de Did\u00e1ctica, Accesibilidad, Club Llumiq y Responsabilidad Social de la Fundaci\u00f3n CV MARQ se inicia en la Prehistoria y finaliza en la Edad Moderna, acompa\u00f1ado de juegos, cuentos, o videos, as\u00ed como de talleres did\u00e1cticos adaptados, que permiten a los escolares participar activamente en la reproducci\u00f3n de elementos decorativos de cer\u00e1micas \u00edberas, telares o mosaicos romanos o de arte rupestre.\u00a0 Y a la que se a\u00f1ade, en esta edici\u00f3n, la exposici\u00f3n internacional <strong>\u201cEl oro y el universo. Saberes ind\u00edgenas de Colombia<\/strong>\u201d, que nos acompa\u00f1ar\u00e1 hasta el pr\u00f3ximo 2 de mayo de 2027.<\/p>\n<p style=\"text-align: justify\">Adem\u00e1s de estas iniciativas, hay que destacar los <strong>proyectos educativos<\/strong> que presenta la Unidad de Did\u00e1ctica <strong>para los diferentes centros escolares<\/strong>, dise\u00f1ados con el prop\u00f3sito de enriquecer y potenciar la experiencia pedag\u00f3gica de nuestros alumnos, al tiempo que les brinda una oportunidad \u00fanica para explorar el mundo de la arqueolog\u00eda, profundizar en la historia de nuestra provincia y en la de las civilizaciones y culturas que nos han precedido.<\/p>\n<p style=\"text-align: justify\">La presentaci\u00f3n de la Gu\u00eda que ha contado con la participaci\u00f3n de Manuel Olcina, director del MARQ y de Josep Albert Cort\u00e9s, director gerente de la Fundaci\u00f3n CV MARQ, ha ofertado las <strong>Jornadas de Formaci\u00f3n al Profesorado<\/strong>, unos cursos reconocidos por la Conselleria de Educaci\u00f3n de la Generalitat Valenciana, y que en esta anualidad impartir\u00e1n las arque\u00f3logas <strong>Teresa Xim\u00e9nez y Adoraci\u00f3n Mart\u00ednez<\/strong>, relacionados con los proyectos de investigaci\u00f3n y excavaciones en los yacimientos del \u201cCabezo Molino\u201d en Rojales y La Illeta en El Campello, respectivamente.<\/p>\n","protected":false},"excerpt":{"rendered":"<p>La Fundaci\u00f3n CV MARQ ha presentado la Gu\u00eda Educativa del MARQ para el curso 2026-27<span class=\"excerpt-hellip\"> [\u2026]<\/span><\/p>\n","protected":false},"author":8,"featured_media":50105,"comment_status":"open","ping_status":"open","sticky":false,"template":"","format":"standard","meta":{"kia_subtitle":"","footnotes":""},"categories":[1],"tags":[],"class_list":["post-50102","post","type-post","status-publish","format-standard","has-post-thumbnail","hentry","category-sin-categoria"],"meta_box":[],"_links":{"self":[{"href":"https:\/\/marqalicante-admin.qwair.com\/es\/wp-json\/wp\/v2\/posts\/50102","targetHints":{"allow":["GET"]}}],"collection":[{"href":"https:\/\/marqalicante-admin.qwair.com\/es\/wp-json\/wp\/v2\/posts"}],"about":[{"href":"https:\/\/marqalicante-admin.qwair.com\/es\/wp-json\/wp\/v2\/types\/post"}],"author":[{"embeddable":true,"href":"https:\/\/marqalicante-admin.qwair.com\/es\/wp-json\/wp\/v2\/users\/8"}],"replies":[{"embeddable":true,"href":"https:\/\/marqalicante-admin.qwair.com\/es\/wp-json\/wp\/v2\/comments?post=50102"}],"version-history":[{"count":2,"href":"https:\/\/marqalicante-admin.qwair.com\/es\/wp-json\/wp\/v2\/posts\/50102\/revisions"}],"predecessor-version":[{"id":50108,"href":"https:\/\/marqalicante-admin.qwair.com\/es\/wp-json\/wp\/v2\/posts\/50102\/revisions\/50108"}],"wp:featuredmedia":[{"embeddable":true,"href":"https:\/\/marqalicante-admin.qwair.com\/es\/wp-json\/wp\/v2\/media\/50105"}],"wp:attachment":[{"href":"https:\/\/marqalicante-admin.qwair.com\/es\/wp-json\/wp\/v2\/media?parent=50102"}],"wp:term":[{"taxonomy":"category","embeddable":true,"href":"https:\/\/marqalicante-admin.qwair.com\/es\/wp-json\/wp\/v2\/categories?post=50102"},{"taxonomy":"post_tag","embeddable":true,"href":"https:\/\/marqalicante-admin.qwair.com\/es\/wp-json\/wp\/v2\/tags?post=50102"}],"curies":[{"name":"wp","href":"https:\/\/api.w.org\/{rel}","templated":true}]}}