{"id":48702,"date":"2026-04-15T09:05:04","date_gmt":"2026-04-15T09:05:04","guid":{"rendered":"https:\/\/marqalicante-admin.qwair.com\/?p=48702"},"modified":"2026-04-22T09:08:04","modified_gmt":"2026-04-22T09:08:04","slug":"empower-presenta-su-modelo-de-accesibilidad-cultural-al-ministro-de-cultura-ernest-urtasun","status":"publish","type":"post","link":"https:\/\/marqalicante-admin.qwair.com\/es\/empower-presenta-su-modelo-de-accesibilidad-cultural-al-ministro-de-cultura-ernest-urtasun\/","title":{"rendered":"EMPOWER presenta su modelo de accesibilidad cultural al ministro de Cultura, Ernest Urtasun"},"content":{"rendered":"<p style=\"text-align: center\"><img loading=\"lazy\" decoding=\"async\" class=\"alignnone size-medium wp-image-48703\" src=\"https:\/\/marqalicante-admin.qwair.com\/wp-content\/uploads\/2026\/04\/IMG_0131-500x325.jpg\" alt=\"\" width=\"500\" height=\"325\" srcset=\"https:\/\/marqalicante-admin.qwair.com\/wp-content\/uploads\/2026\/04\/IMG_0131-500x325.jpg 500w, https:\/\/marqalicante-admin.qwair.com\/wp-content\/uploads\/2026\/04\/IMG_0131-300x195.jpg 300w, https:\/\/marqalicante-admin.qwair.com\/wp-content\/uploads\/2026\/04\/IMG_0131-18x12.jpg 18w, https:\/\/marqalicante-admin.qwair.com\/wp-content\/uploads\/2026\/04\/IMG_0131-115x75.jpg 115w, https:\/\/marqalicante-admin.qwair.com\/wp-content\/uploads\/2026\/04\/IMG_0131-480x312.jpg 480w\" sizes=\"auto, (max-width:767px) 480px, 500px\" \/><\/p>\n<p style=\"text-align: justify\"><strong>EMPOWER<\/strong>, organizaci\u00f3n que trabaja en el \u00e1mbito de la mediaci\u00f3n y la educaci\u00f3n cultural, se ha reunido este mi\u00e9rcoles con el <strong>ministro de Cultura, Ernest Urtasun<\/strong>, para presentar su modelo de trabajo orientado a acercar la cultura a las infancias con autismo, a trav\u00e9s de propuestas inclusivas y adaptadas a la diversidad.<\/p>\n<p style=\"text-align: justify\">Durante el encuentro, que ha tenido lugar en el Museo Nacional de Antropolog\u00eda, la <strong>Fundaci\u00f3n CV MARQ, a trav\u00e9s de la coordinadora de la Unidad de Accesibilidad, Did\u00e1ctica, RSC y Club Llumiq, Gema Sala<\/strong>, ha compartido su <strong>experiencia en la colaboraci\u00f3n con asociaciones de familias con autismo e instituciones culturales para crear espacios y contenidos accesibles<\/strong>, poniendo en el centro las necesidades, intereses y derechos de personas con autismo y sus familias. Este proyecto es beneficiario de las <strong>ayudas a proyectos culturales con especial impacto social<\/strong> del Ministerio de Cultura en su edici\u00f3n de 2025.<\/p>\n<p style=\"text-align: justify\">Al evento tambi\u00e9n han asistido la <strong>directora general de Derechos Culturales, Jazmin Beirak<\/strong>, y la ministra de Cultura de Brasil, Margareth Meneses, as\u00ed como otros representantes institucionales del Ministerio de Cultura. Asimismo, han estado presentes representantes de entidades que forman parte de la Red Empower: <strong>Museo Nacional de Antropolog\u00eda, Museo de Am\u00e9rica, Museo Nacional de Ciencias Naturales-CSIC, Real Jard\u00edn Bot\u00e1nico-CSIC, Fundaci\u00f3n ICO, Fundaci\u00f3n Ciudad de la Energ\u00eda (CIUDEN), Fundaci\u00f3n CV MARQ &#8211; Museo Arqueol\u00f3gico Provincial de Alicante, Museo de Pontevedra, Comunidad de Madrid y Fundaci\u00f3n Telef\u00f3nica<\/strong>.<\/p>\n<p style=\"text-align: justify\">La fundadora y CEO de EMPOWER, Laura Donis, ha presentado el modelo EMPOWER y su <strong>impacto real en las familias y en las instituciones que se han adherido a su red<\/strong>. \u201cNuestro objetivo no es generar actividades puntuales, sino acompa\u00f1ar procesos de cambio dentro de las instituciones, para que la accesibilidad forme parte de su funcionamiento habitual\u201d, ha explicado Donis, quien ha subrayado que \u201cmientras las familias encuentran espacios culturales donde participar con seguridad y continuidad, las instituciones desarrollan nuevas formas de relacionarse con la sociedad desde una mirada m\u00e1s diversa, accesible y transformadora\u201d.<\/p>\n<p style=\"text-align: justify\">Para ello, tal y como ha concretado, el trabajo desde EMPOWER se articula en torno a tres ejes: el trabajo directo con familias, la formaci\u00f3n y acompa\u00f1amiento a los equipos profesionales y la adaptaci\u00f3n de los entornos culturales para hacerlos comprensibles y accesibles.<\/p>\n<p style=\"text-align: justify\">En este sentido, la portavoz de EMPOWER ha se\u00f1alado como clave el programa <strong>Empower Parents<\/strong>, en el que los mediadores culturales trabajan junto a las familias y las infancias con autismo a trav\u00e9s de din\u00e1micas participativas y herramientas espec\u00edficas durante 16 sesiones. As\u00ed pues, desde 2020, la entidad ha acompa\u00f1ado a <strong>m\u00e1s de 4.500 personas con autismo y sus familias en 16 espacios culturales<\/strong>.<\/p>\n<p style=\"text-align: justify\">En este encuentro tambi\u00e9n <strong>se ha puesto de manifiesto la<\/strong> <strong>solidez y el recorrido de la Red Empower<\/strong>, formada por entidades que llevan a\u00f1os trabajando de manera continuada en la Red, como el Museo ICO|Fundaci\u00f3n ICO, donde se implementa el programa desde 2013. A estas instituciones pioneras se suman nuevas incorporaciones como el Museo de la Energ\u00eda. F\u00e1brica de la luz y La T\u00e9rmica Cultural, y el Museo de Pontevedra, que desde su reciente adhesi\u00f3n est\u00e1n demostrando que el modelo Empower es adaptable y sostenible y que cuenta con un amplio potencial de crecimiento.<\/p>\n<p style=\"text-align: justify\">Asimismo, tambi\u00e9n han participado en el evento algunas de las familias que han tomado parte en el programa Empower Parents. Durante sus intervenciones se han referido a su anterior relaci\u00f3n con la cultura y a c\u00f3mo ahora, tras su participaci\u00f3n en el programa, han adquirido nuevas <strong>herramientas que les permiten incorporar las visitas a los museos como una actividad de ocio m\u00e1s<\/strong> con sus hijos e hijas con autismo.<\/p>\n<p style=\"text-align: justify\">Tal y como explic\u00f3 de Carola M\u00e9ndez, que particip\u00f3 en el programa con su hija Alaia, \u201cla inclusi\u00f3n no es s\u00f3lo que puedan tener una vida digna con sus necesidades b\u00e1sicas adaptadas, lo que es fundamental, sino tambi\u00e9n poder tener una vida feliz y completa pudiendo acceder a la cultura, donde desde Empower Parents se pone el foco y un despliegue de medios para conseguirlo\u201d.<\/p>\n<p style=\"text-align: justify\">A este respecto, Donis ha se\u00f1alado que \u201cpoder compartir este enfoque con el ministro de Cultura supone un paso importante para avanzar hacia pol\u00edticas culturales m\u00e1s inclusivas y sostenibles en el tiempo\u201d.<\/p>\n<p style=\"text-align: justify\">\u201cGarantizar el acceso a la cultura de las personas con autismo no es solo una cuesti\u00f3n de accesibilidad, sino de transformaci\u00f3n estructural. Cuando incorporamos la diversidad desde el dise\u00f1o, avanzamos hacia instituciones m\u00e1s abiertas, m\u00e1s sostenibles y m\u00e1s conectadas con la sociedad. Es un cambio que beneficia tanto a las personas como al propio sistema cultural\u201d, ha concluido Donis.<\/p>\n<p style=\"text-align: justify\"><strong>EMPOWER<\/strong><\/p>\n<p style=\"text-align: justify\">EMPOWER trabaja para fortalecer las instituciones culturales, ayud\u00e1ndolas a convertirse en espacios m\u00e1s inclusivos, equitativos y diversos. Dise\u00f1amos programas formativos adaptados, ofrecemos herramientas pr\u00e1cticas y fomentamos redes de colaboraci\u00f3n entre universidades, comunidades locales y organizaciones sociales. Nuestro prop\u00f3sito est\u00e1 orientado a eliminar barreras de acceso, fomentar la representaci\u00f3n de todas las comunidades, ampliando el acceso a la cultura de manera sostenible y medible.<\/p>\n<p style=\"text-align: justify\"><strong>Red EMPOWER<\/strong><\/p>\n<p style=\"text-align: justify\">La Red EMPOWER es una alianza estrat\u00e9gica de instituciones culturales, p\u00fablicas y privadas, orientada a ampliar la reivindicaci\u00f3n de espacios y pr\u00e1cticas m\u00e1s inclusivas y accesibles para las personas con autismo y alcanzar un mayor impacto en la implementaci\u00f3n del Programa EMPOWER Parents, a nivel nacional e internacional.<\/p>\n<p style=\"text-align: justify\">Forman parte de ella el Museo ICO, el Museo Nacional de Ciencias Naturales-CSIC, el Real Jard\u00edn Bot\u00e1nico-CSIC, Fundaci\u00f3n Telef\u00f3nica, la Fundaci\u00f3n CV MARQ de Alicante, el Museo Nacional de Antropolog\u00eda, el Museo de Am\u00e9rica, la Red de museos y espacios de arte de Comunidad de Madrid, Fundaci\u00f3n Ciudad de la Energ\u00eda (CIUDEN) y el Museo de Pontevedra.<\/p>\n<p style=\"text-align: justify\">\n<p>&nbsp;<\/p>\n","protected":false},"excerpt":{"rendered":"<p>EMPOWER, organizaci\u00f3n que trabaja en el \u00e1mbito de la mediaci\u00f3n y la educaci\u00f3n cultural, se<span class=\"excerpt-hellip\"> [\u2026]<\/span><\/p>\n","protected":false},"author":8,"featured_media":48704,"comment_status":"open","ping_status":"open","sticky":false,"template":"","format":"standard","meta":{"kia_subtitle":"Este proyecto es beneficiario de las ayudas a proyectos culturales con especial impacto social del Ministerio de Cultura","footnotes":""},"categories":[1],"tags":[],"class_list":["post-48702","post","type-post","status-publish","format-standard","has-post-thumbnail","hentry","category-sin-categoria"],"meta_box":[],"_links":{"self":[{"href":"https:\/\/marqalicante-admin.qwair.com\/es\/wp-json\/wp\/v2\/posts\/48702","targetHints":{"allow":["GET"]}}],"collection":[{"href":"https:\/\/marqalicante-admin.qwair.com\/es\/wp-json\/wp\/v2\/posts"}],"about":[{"href":"https:\/\/marqalicante-admin.qwair.com\/es\/wp-json\/wp\/v2\/types\/post"}],"author":[{"embeddable":true,"href":"https:\/\/marqalicante-admin.qwair.com\/es\/wp-json\/wp\/v2\/users\/8"}],"replies":[{"embeddable":true,"href":"https:\/\/marqalicante-admin.qwair.com\/es\/wp-json\/wp\/v2\/comments?post=48702"}],"version-history":[{"count":1,"href":"https:\/\/marqalicante-admin.qwair.com\/es\/wp-json\/wp\/v2\/posts\/48702\/revisions"}],"predecessor-version":[{"id":48705,"href":"https:\/\/marqalicante-admin.qwair.com\/es\/wp-json\/wp\/v2\/posts\/48702\/revisions\/48705"}],"wp:featuredmedia":[{"embeddable":true,"href":"https:\/\/marqalicante-admin.qwair.com\/es\/wp-json\/wp\/v2\/media\/48704"}],"wp:attachment":[{"href":"https:\/\/marqalicante-admin.qwair.com\/es\/wp-json\/wp\/v2\/media?parent=48702"}],"wp:term":[{"taxonomy":"category","embeddable":true,"href":"https:\/\/marqalicante-admin.qwair.com\/es\/wp-json\/wp\/v2\/categories?post=48702"},{"taxonomy":"post_tag","embeddable":true,"href":"https:\/\/marqalicante-admin.qwair.com\/es\/wp-json\/wp\/v2\/tags?post=48702"}],"curies":[{"name":"wp","href":"https:\/\/api.w.org\/{rel}","templated":true}]}}