{"id":47467,"date":"2025-10-28T19:53:59","date_gmt":"2025-10-28T19:53:59","guid":{"rendered":"https:\/\/marqalicante-admin.qwair.com\/?p=47467"},"modified":"2025-10-30T11:22:32","modified_gmt":"2025-10-30T11:22:32","slug":"inaugurada-la-xiv-edicion-de-un-hospital-de-cuento-en-colaboracion-con-el-hospital-general-universitario-doctor-balmis-y-la-fundacion-isabial","status":"publish","type":"post","link":"https:\/\/marqalicante-admin.qwair.com\/es\/inaugurada-la-xiv-edicion-de-un-hospital-de-cuento-en-colaboracion-con-el-hospital-general-universitario-doctor-balmis-y-la-fundacion-isabial\/","title":{"rendered":"El MARQ acerca la historia y la arqueolog\u00eda a los ni\u00f1os y ni\u00f1as de larga estancia del Hospital General de Alicante"},"content":{"rendered":"<p style=\"text-align: center\"><img loading=\"lazy\" decoding=\"async\" class=\"alignnone size-medium wp-image-47468\" src=\"https:\/\/marqalicante-admin.qwair.com\/wp-content\/uploads\/2025\/10\/Hospital-Cuento-1-2025-375x500.jpeg\" alt=\"\" width=\"375\" height=\"500\" srcset=\"https:\/\/marqalicante-admin.qwair.com\/wp-content\/uploads\/2025\/10\/Hospital-Cuento-1-2025-375x500.jpeg 375w, https:\/\/marqalicante-admin.qwair.com\/wp-content\/uploads\/2025\/10\/Hospital-Cuento-1-2025-768x1024.jpeg 768w, https:\/\/marqalicante-admin.qwair.com\/wp-content\/uploads\/2025\/10\/Hospital-Cuento-1-2025-225x300.jpeg 225w, https:\/\/marqalicante-admin.qwair.com\/wp-content\/uploads\/2025\/10\/Hospital-Cuento-1-2025-1152x1536.jpeg 1152w, https:\/\/marqalicante-admin.qwair.com\/wp-content\/uploads\/2025\/10\/Hospital-Cuento-1-2025-9x12.jpeg 9w, https:\/\/marqalicante-admin.qwair.com\/wp-content\/uploads\/2025\/10\/Hospital-Cuento-1-2025-56x75.jpeg 56w, https:\/\/marqalicante-admin.qwair.com\/wp-content\/uploads\/2025\/10\/Hospital-Cuento-1-2025-563x750.jpeg 563w, https:\/\/marqalicante-admin.qwair.com\/wp-content\/uploads\/2025\/10\/Hospital-Cuento-1-2025-480x640.jpeg 480w, https:\/\/marqalicante-admin.qwair.com\/wp-content\/uploads\/2025\/10\/Hospital-Cuento-1-2025-800x1067.jpeg 800w, https:\/\/marqalicante-admin.qwair.com\/wp-content\/uploads\/2025\/10\/Hospital-Cuento-1-2025.jpeg 1200w\" sizes=\"auto, (max-width:767px) 375px, 375px\" \/><\/p>\n<p>El cuento elaborado el curso anterior sobre la exposici\u00f3n \u2018Ciudades de Luz. \u00c1kra Leuk\u00e9. Lucentum. Laqant\u2019 se vender\u00e1 en el museo y los beneficios ir\u00e1n destinados a la investigaci\u00f3n del c\u00e1ncer infantil a trav\u00e9s de la Fundaci\u00f3n ISABIAL<\/p>\n<p style=\"text-align: justify\">El <strong>MARQ<\/strong> ha puesto en marcha esta semana el programa<strong> \u2018Un Hospital de Cuento\u2019<\/strong> en el <strong>Hospital General Universitario Doctor Balmis<\/strong>. Una iniciativa que cumple su XIX edici\u00f3n con la finalidad de acercar la arqueolog\u00eda y la historia a los ni\u00f1os y ni\u00f1as de larga estancia.<\/p>\n<p style=\"text-align: justify\">Un a\u00f1o m\u00e1s, la <strong>Fundaci\u00f3n MARQ<\/strong> en colaboraci\u00f3n con el <strong>Servicio de Pediatr\u00eda y la Unidad Pedag\u00f3gica<\/strong> Hospitalaria del Hospital y con el <strong>Instituto de Investigaci\u00f3n Sanitaria y Biom\u00e9dica<\/strong> de Alicante, Isabial, ha puesto en marcha esta iniciativa \u201c<u>con la que se ofrece un espacio com\u00fan de trabajo en beneficio de los peque\u00f1os ingresados para que su estancia en el hospital sea m\u00e1s agradable<\/u>\u201d, ha explicado el diputado de Cultura, <strong>Juan de Dios Navarro<\/strong>.<\/p>\n<p style=\"text-align: justify\">El proyecto est\u00e1 dirigido a menores de <strong>entre 4 y 14 a\u00f1os<\/strong> y cuenta con la asistencia de profesorado especializado, adem\u00e1s de personal t\u00e9cnico y monitores de la <strong>Unidad de Did\u00e1ctica de la Fundaci\u00f3n CV MARQ<\/strong>, que este curso desarrollar\u00e1n distintas actividades en torno a la <strong>Edad Media<\/strong> mediante charlas, talleres did\u00e1cticos, juegos, cuentacuentos o visitas teatralizadas. Desde su implantaci\u00f3n en 2011, cerca de <strong>400 ni\u00f1os y ni\u00f1as han participado en estos talleres<\/strong>.<\/p>\n<p style=\"text-align: justify\">La Fundaci\u00f3n CV MARQ ha editado un cuento sobre la \u00faltima exposici\u00f3n temporal \u2018Ciudades de Luz. \u00c1kra Leuk\u00e9. Lucentum. Laqant\u2019 que se vender\u00e1 en la tienda del MARQ y cuyos beneficios ir\u00e1n destinados a la <strong>investigaci\u00f3n del c\u00e1ncer infantil a trav\u00e9s de la Fundaci\u00f3n ISABIAL<\/strong>. Los dibujos que ilustran este cuento han sido realizados por los menores hospitalizados que participaron en el programa durante el curso pasado.<\/p>\n<p style=\"text-align: justify\">La jornada de apertura del programa ha contado con la participaci\u00f3n de <strong>Francisco Soriano<\/strong>, gerente del Departamento de Salud Alicante-Hospital General; <strong>Javier Gonz\u00e1lez de Dios<\/strong>, jefe del Servicio de Pediatr\u00eda del Hospital General Universitario Doctor Balmis; <strong>Jes\u00fas Soriano<\/strong>, profesor de la Unidad Pedag\u00f3gica Hospitalaria (UPH); <strong>Paloma Vela<\/strong>, directora cient\u00edfica de ISABIAL; <strong>Gema Sala<\/strong>, coordinadora de la Unidad de Did\u00e1ctica, Accesibilidad, Club LLumiq y Responsabilidad Social de la Fundaci\u00f3n CV MARQ; y <strong>Josep Albert Cort\u00e9s<\/strong>, director gerente de la Fundaci\u00f3n MARQ.<\/p>\n<p style=\"text-align: justify\">Este proyecto forma parte de los numerosos <strong>programas de Responsabilidad Social<\/strong> que la Fundaci\u00f3n MARQ realiza con distintas asociaciones e instituciones de la provincia y cuyo objetivo es mejorar la calidad de vida de los participantes a trav\u00e9s de la cultura.<\/p>\n<p style=\"text-align: justify\">\n<p style=\"text-align: justify\">\n","protected":false},"excerpt":{"rendered":"<p>El cuento elaborado el curso anterior sobre la exposici\u00f3n \u2018Ciudades de Luz. \u00c1kra Leuk\u00e9. Lucentum.<span class=\"excerpt-hellip\"> [\u2026]<\/span><\/p>\n","protected":false},"author":8,"featured_media":47469,"comment_status":"open","ping_status":"open","sticky":false,"template":"","format":"standard","meta":{"kia_subtitle":"La XIV edici\u00f3n de \u2018Un Hospital de Cuento\u2019 ofrece un completo programa did\u00e1ctico con charlas, talleres, juegos, cuentacuentos y visitas teatralizadas","footnotes":""},"categories":[1],"tags":[],"class_list":["post-47467","post","type-post","status-publish","format-standard","has-post-thumbnail","hentry","category-sin-categoria"],"meta_box":[],"_links":{"self":[{"href":"https:\/\/marqalicante-admin.qwair.com\/es\/wp-json\/wp\/v2\/posts\/47467","targetHints":{"allow":["GET"]}}],"collection":[{"href":"https:\/\/marqalicante-admin.qwair.com\/es\/wp-json\/wp\/v2\/posts"}],"about":[{"href":"https:\/\/marqalicante-admin.qwair.com\/es\/wp-json\/wp\/v2\/types\/post"}],"author":[{"embeddable":true,"href":"https:\/\/marqalicante-admin.qwair.com\/es\/wp-json\/wp\/v2\/users\/8"}],"replies":[{"embeddable":true,"href":"https:\/\/marqalicante-admin.qwair.com\/es\/wp-json\/wp\/v2\/comments?post=47467"}],"version-history":[{"count":3,"href":"https:\/\/marqalicante-admin.qwair.com\/es\/wp-json\/wp\/v2\/posts\/47467\/revisions"}],"predecessor-version":[{"id":47473,"href":"https:\/\/marqalicante-admin.qwair.com\/es\/wp-json\/wp\/v2\/posts\/47467\/revisions\/47473"}],"wp:featuredmedia":[{"embeddable":true,"href":"https:\/\/marqalicante-admin.qwair.com\/es\/wp-json\/wp\/v2\/media\/47469"}],"wp:attachment":[{"href":"https:\/\/marqalicante-admin.qwair.com\/es\/wp-json\/wp\/v2\/media?parent=47467"}],"wp:term":[{"taxonomy":"category","embeddable":true,"href":"https:\/\/marqalicante-admin.qwair.com\/es\/wp-json\/wp\/v2\/categories?post=47467"},{"taxonomy":"post_tag","embeddable":true,"href":"https:\/\/marqalicante-admin.qwair.com\/es\/wp-json\/wp\/v2\/tags?post=47467"}],"curies":[{"name":"wp","href":"https:\/\/api.w.org\/{rel}","templated":true}]}}