{"id":47437,"date":"2025-10-20T12:13:28","date_gmt":"2025-10-20T12:13:28","guid":{"rendered":"https:\/\/marqalicante-admin.qwair.com\/?p=47437"},"modified":"2025-10-20T12:17:29","modified_gmt":"2025-10-20T12:17:29","slug":"el-marq-expone-en-el-museo-arqueologico-nacional-el-ajuar-funerario-de-la-edad-de-bronce-hallado-en-orihuela","status":"publish","type":"post","link":"https:\/\/marqalicante-admin.qwair.com\/es\/el-marq-expone-en-el-museo-arqueologico-nacional-el-ajuar-funerario-de-la-edad-de-bronce-hallado-en-orihuela\/","title":{"rendered":"El MARQ expone en el Museo Arqueol\u00f3gico Nacional el ajuar funerario de la Edad de Bronce hallado en Orihuela"},"content":{"rendered":"<p style=\"text-align: center\"><img loading=\"lazy\" decoding=\"async\" class=\"alignnone size-medium wp-image-47442\" src=\"https:\/\/marqalicante-admin.qwair.com\/wp-content\/uploads\/2025\/10\/image001-1-500x457.jpg\" alt=\"\" width=\"500\" height=\"457\" srcset=\"https:\/\/marqalicante-admin.qwair.com\/wp-content\/uploads\/2025\/10\/image001-1-500x457.jpg 500w, https:\/\/marqalicante-admin.qwair.com\/wp-content\/uploads\/2025\/10\/image001-1-300x274.jpg 300w, https:\/\/marqalicante-admin.qwair.com\/wp-content\/uploads\/2025\/10\/image001-1-13x12.jpg 13w, https:\/\/marqalicante-admin.qwair.com\/wp-content\/uploads\/2025\/10\/image001-1-82x75.jpg 82w, https:\/\/marqalicante-admin.qwair.com\/wp-content\/uploads\/2025\/10\/image001-1-480x439.jpg 480w\" sizes=\"auto, (max-width:767px) 480px, 500px\" \/><\/p>\n<p style=\"text-align: justify\">La muestra, inaugurada en Madrid por el diputado de Cultura, la subsecretaria del Ministerio de Cultura y la directora del MAN, estar\u00e1 abierta hasta enero.<\/p>\n<p style=\"text-align: justify\">El <strong>MARQ<\/strong> ha inaugurado esta ma\u00f1ana en el <strong>Museo Arqueol\u00f3gico Nacional de Madrid<\/strong> la exposici\u00f3n <strong>\u2018La Princesa de los C\u00e1rpatos\u201d<\/strong>, un excepcional conjunto con m\u00e1s de 4.000 a\u00f1os de antig\u00fcedad hallado en una sepultura arg\u00e1rica de San Ant\u00f3n (Orihuela).<\/p>\n<p style=\"text-align: justify\">El diputado de Cultura, <strong>Juan de Dios Navarro<\/strong>, ha presentado la muestra junto a la subsecretaria del Ministerio de Cultura, <strong>Carmen P\u00e1ez<\/strong>, la directora del MAN, <strong>Isabel Izquierdo<\/strong>, el director del MARQ, <strong>Manuel Olcina<\/strong>, y el arque\u00f3logo del MARQ y comisario de la muestra, <strong>Juan Antonio L\u00f3pez Padilla<\/strong>.<\/p>\n<p style=\"text-align: justify\">\u201c<u>Para la Diputaci\u00f3n de Alicante supone una gran satisfacci\u00f3n exhibir esta muestra en el MAN y ofrecer una oportunidad \u00fanica para admirar un ajuar funerario de la Edad de Bronce y conocer su extraordinaria historia gracias a la larga labor de investigaci\u00f3n llevada a cabo por el equipo de arque\u00f3logos y t\u00e9cnicos del MARQ<\/u>\u201d, ha manifestado Navarro, quien ha recordado la importante l\u00ednea de colaboraci\u00f3n que hay establecida entre los dos museos.<\/p>\n<p style=\"text-align: justify\"><strong>Hasta el 25 de enero de 2026<\/strong>, la Sala de Novedades Arqueol\u00f3gicas situada en el vest\u00edbulo del MAN acoger\u00e1 la exposici\u00f3n que incluye un <strong>vaso de cer\u00e1mica, un cuchillo y un punz\u00f3n de metal con mango de hueso, dos espirales de plata y 42 conos de oro<\/strong>, procedentes de una sepultura de la Edad del Bronce del yacimiento oriolano de San Ant\u00f3n, as\u00ed como tres <strong>coleteros y cuatro anillos de oro<\/strong> del mismo yacimiento. Todos pertenecen a la colecci\u00f3n permanente de la Diputaci\u00f3n de Alicante que custodia el MARQ.<\/p>\n<p style=\"text-align: justify\">Se trata de un conjunto de piezas de la <strong>Edad de Bronce, con m\u00e1s de 4.000 a\u00f1os de antig\u00fcedad<\/strong>, hallados en Orihuela hace m\u00e1s de un siglo por el jesuita <strong>Julio Furg\u00fas <\/strong>en una sepultura perteneciente a la denominada <strong>cultura de El Argar<\/strong>. La mujer que yac\u00eda en esa tumba estaba ataviada con dos espirales de plata, un cuchillo de cobre envuelto en un pa\u00f1uelo de lino, un punz\u00f3n de metal, as\u00ed como una vasija de cer\u00e1mica hecha a mano, colocada frente a su cabeza, y un conjunto de 75 peque\u00f1\u00edsimos conos de oro perforados, de apenas 3 mil\u00edmetros de grosor, a la altura del cuello.<\/p>\n<p style=\"text-align: justify\">Tal como ha explicado Olcina, \u201c<u>estos min\u00fasculos conos de oro son \u00fanicos, puesto que sigue sin haberse encontrado nada parecido en el contexto de la Edad del Bronce peninsular, y las investigaciones se\u00f1alan hacia Europa oriental donde, en torno a la cuenca de los C\u00e1rpatos y en \u00e9poca contempor\u00e1nea a la cultura de El Argar, se elaboraban piezas id\u00e9nticas que se cos\u00edan a las telas<\/u>\u201d.<\/p>\n<p style=\"text-align: justify\">Los \u00faltimos estudios han podido demostrar que en la sociedad arg\u00e1rica, como otras muchas en la Europa de la Edad del Bronce, las mujeres abandonaban sus aldeas de origen para casarse. En el caso de las \u00e9lites, estos intercambios matrimoniales eran los que permit\u00edan forjar <strong>alianzas comerciales internacionales con familias de un mismo estatus social<\/strong>, pero de otros puntos de Europa y del Mediterr\u00e1neo.<\/p>\n<p style=\"text-align: justify\">Este descubrimiento es resultado de un arduo trabajo en torno a la Edad del Bronce en general, y a la sociedad de El Argar en particular, que desde hace ya m\u00e1s de quince a\u00f1os viene desarroll\u00e1ndose desde el MARQ, con el respaldo de la Diputaci\u00f3n. En los trabajos, encabezados por L\u00f3pez Padilla, han participado el catedr\u00e1tico de Prehistoria <strong>Francisco Javier Jover<\/strong> y los especialistas de la Universidad de Alicante,<strong> Ricardo E. Basso<\/strong> y <strong>Mar\u00eda Pastor.<\/strong><\/p>\n","protected":false},"excerpt":{"rendered":"<p>La muestra, inaugurada en Madrid por el diputado de Cultura, la subsecretaria del Ministerio de<span class=\"excerpt-hellip\"> [\u2026]<\/span><\/p>\n","protected":false},"author":8,"featured_media":47439,"comment_status":"open","ping_status":"open","sticky":false,"template":"","format":"standard","meta":{"kia_subtitle":"","footnotes":""},"categories":[1],"tags":[],"class_list":["post-47437","post","type-post","status-publish","format-standard","has-post-thumbnail","hentry","category-sin-categoria"],"meta_box":[],"_links":{"self":[{"href":"https:\/\/marqalicante-admin.qwair.com\/es\/wp-json\/wp\/v2\/posts\/47437","targetHints":{"allow":["GET"]}}],"collection":[{"href":"https:\/\/marqalicante-admin.qwair.com\/es\/wp-json\/wp\/v2\/posts"}],"about":[{"href":"https:\/\/marqalicante-admin.qwair.com\/es\/wp-json\/wp\/v2\/types\/post"}],"author":[{"embeddable":true,"href":"https:\/\/marqalicante-admin.qwair.com\/es\/wp-json\/wp\/v2\/users\/8"}],"replies":[{"embeddable":true,"href":"https:\/\/marqalicante-admin.qwair.com\/es\/wp-json\/wp\/v2\/comments?post=47437"}],"version-history":[{"count":5,"href":"https:\/\/marqalicante-admin.qwair.com\/es\/wp-json\/wp\/v2\/posts\/47437\/revisions"}],"predecessor-version":[{"id":47447,"href":"https:\/\/marqalicante-admin.qwair.com\/es\/wp-json\/wp\/v2\/posts\/47437\/revisions\/47447"}],"wp:featuredmedia":[{"embeddable":true,"href":"https:\/\/marqalicante-admin.qwair.com\/es\/wp-json\/wp\/v2\/media\/47439"}],"wp:attachment":[{"href":"https:\/\/marqalicante-admin.qwair.com\/es\/wp-json\/wp\/v2\/media?parent=47437"}],"wp:term":[{"taxonomy":"category","embeddable":true,"href":"https:\/\/marqalicante-admin.qwair.com\/es\/wp-json\/wp\/v2\/categories?post=47437"},{"taxonomy":"post_tag","embeddable":true,"href":"https:\/\/marqalicante-admin.qwair.com\/es\/wp-json\/wp\/v2\/tags?post=47437"}],"curies":[{"name":"wp","href":"https:\/\/api.w.org\/{rel}","templated":true}]}}