{"id":46009,"date":"2025-07-07T11:13:52","date_gmt":"2025-07-07T11:13:52","guid":{"rendered":"https:\/\/marqalicante-admin.qwair.com\/?p=46009"},"modified":"2025-07-07T11:13:52","modified_gmt":"2025-07-07T11:13:52","slug":"la-campana-de-excavaciones-del-marq-aumenta-su-dotacion-y-arranca-en-seis-yacimientos-de-la-provincia","status":"publish","type":"post","link":"https:\/\/marqalicante-admin.qwair.com\/es\/la-campana-de-excavaciones-del-marq-aumenta-su-dotacion-y-arranca-en-seis-yacimientos-de-la-provincia\/","title":{"rendered":"La campa\u00f1a de excavaciones del MARQ aumenta su dotaci\u00f3n y arranca en seis yacimientos de la provincia"},"content":{"rendered":"<p style=\"text-align: center\"><img loading=\"lazy\" decoding=\"async\" class=\"alignnone size-medium wp-image-46010\" src=\"https:\/\/marqalicante-admin.qwair.com\/wp-content\/uploads\/2025\/07\/070725-R.P.-excavaciones-marq-500x333.jpg\" alt=\"\" width=\"500\" height=\"333\" srcset=\"https:\/\/marqalicante-admin.qwair.com\/wp-content\/uploads\/2025\/07\/070725-R.P.-excavaciones-marq-500x333.jpg 500w, https:\/\/marqalicante-admin.qwair.com\/wp-content\/uploads\/2025\/07\/070725-R.P.-excavaciones-marq-300x200.jpg 300w, https:\/\/marqalicante-admin.qwair.com\/wp-content\/uploads\/2025\/07\/070725-R.P.-excavaciones-marq-18x12.jpg 18w, https:\/\/marqalicante-admin.qwair.com\/wp-content\/uploads\/2025\/07\/070725-R.P.-excavaciones-marq-113x75.jpg 113w, https:\/\/marqalicante-admin.qwair.com\/wp-content\/uploads\/2025\/07\/070725-R.P.-excavaciones-marq-480x320.jpg 480w\" sizes=\"auto, (max-width:767px) 480px, 500px\" \/><\/p>\n<ul>\n<li><u>Cerca de treinta voluntarios participan en esta edici\u00f3n que se desarrollar\u00e1 entre agosto y octubre coordinada por el director del Museo, Manuel Olcina<\/u><\/li>\n<\/ul>\n<p style=\"text-align: justify\">El <strong>MARQ<\/strong> pondr\u00e1 en marcha, un a\u00f1o m\u00e1s, el <strong>Plan de excavaciones e investigaciones arqueol\u00f3gicas<\/strong> en <strong>seis enclaves <\/strong>de la provincia. Una iniciativa que contribuye al incremento y preservaci\u00f3n del <strong>patrimonio hist\u00f3rico y cultural<\/strong> y que ha aumentado en casi treinta mil euros su presupuesto hasta los <strong>140.000 euros<\/strong>.<\/p>\n<p style=\"text-align: justify\">El diputado de Cultura, <strong>Juan de Dios Navarro<\/strong>, ha presentado esta ma\u00f1ana los pormenores de esta campa\u00f1a acompa\u00f1ado por el director del Museo, <strong>Manuel Olcina<\/strong>, y ha manifestado que \u201c<u>la Diputaci\u00f3n mantiene firme su apuesta por la investigaci\u00f3n arqueol\u00f3gica a trav\u00e9s de este amplio programa en media docena de yacimientos, localizados en el norte, sur y centro de la provincia, que abarcan periodos desde la prehistoria hasta la Baja Edad Media y nos proporcionan excelentes herramientas para profundizar en nuestro pasado como territorio y conoce nuestra historia<\/u>\u201d.<\/p>\n<p style=\"text-align: justify\">Coordinado por Olcina , el plan cuenta con la colaboraci\u00f3n de <strong>una treintena de voluntarios <\/strong>y cumple con el objetivo de documentar y realizar una <strong>amplia investigaci\u00f3n cient\u00edfica<\/strong> de los <strong>hallazgos<\/strong>, as\u00ed como de avanzar en el conocimiento de las <strong>antiguas civilizaciones<\/strong> que poblaron distintos enclaves del territorio.<\/p>\n<p style=\"text-align: justify\"><strong><u>Illeta dels Banyets de El Campello. \u00c9poca ib\u00e9rica (s. IV-III aC)<\/u><\/strong><\/p>\n<p style=\"text-align: justify\">Situado en El Campello, se trata de un yacimiento de larga ocupaci\u00f3n, desde la prehistoria hasta la \u00e9poca romana. En esta tercera edici\u00f3n, el objetivo ser\u00e1 concluir la excavaci\u00f3n del primero de los m\u00f3dulos constructivos localizado a continuaci\u00f3n del patio del Lagar de la casa del Cura, llegando hasta el nivel de pavimentos para tratar de esclarecer su funcionalidad y conocer los motivos por los que tuvo una destrucci\u00f3n traum\u00e1tica. Bajo la direcci\u00f3n de Olcina y <strong>Adoraci\u00f3n Mart\u00ednez<\/strong>, los trabajos se prolongar\u00e1n durante cuatro semanas y contar\u00e1n con un presupuesto de 25.000 euros.<\/p>\n<p style=\"text-align: justify\"><strong><u>Cabezo Molino de Rojales.<\/u><\/strong> <strong><u>\u00c9poca ermiral (siglos VIII-IX)<\/u><\/strong><\/p>\n<p style=\"text-align: justify\">Este enclave abarca desde la Antig\u00fcedad Tard\u00eda a los inicios de la Edad Media, de \u00c9poca Isl\u00e1mica (ss. VI al IX), y este a\u00f1o continuar\u00e1 con las labores de excavaci\u00f3n en campo ya iniciadas, especialmente para delimitar el \u00e1rea de enterramientos, as\u00ed como documentar la posible presencia de una edificaci\u00f3n en el entorno del yacimiento. Bajo la direcci\u00f3n de <strong>Juan Antonio L\u00f3pez Padilla<\/strong> y <strong>Teresa Ximenez de Emb\u00fan<\/strong>, se actuar\u00e1 durante 25 d\u00edas gracias a un presupuesto de 19.000 euros.<\/p>\n<p style=\"text-align: justify\"><strong><u>El Tabay\u00e0 de Aspe. Prehistoria, cultura del Argar<\/u><\/strong><\/p>\n<p style=\"text-align: justify\">Este importante yacimiento de la cultura del Argar (segundo milenio a. C.) es una aldea asentada sobre una elevaci\u00f3n de \u00e1spera orograf\u00eda que fue probablemente un puesto de vigilancia y control en el curso del Vinalop\u00f3. El equipo dirigido por L\u00f3pez Padilla trabajar\u00e1 durante cinco semanas para tratar de conocer con mayor detalle las caracter\u00edsticas culturales de este periodo prehist\u00f3rico. La actuaci\u00f3n cuenta con un presupuesto de 25.000 euros.<\/p>\n<p style=\"text-align: justify\"><strong><u>Tossal de Manises de Alicante. \u00c9poca romana (siglo I d. C.)<\/u><\/strong><\/p>\n<p style=\"text-align: justify\">Para el ejercicio 2025, en el Tossal de Manises est\u00e1 previsto retomar las excavaciones arqueol\u00f3gicas, iniciando un nuevo Plan General de Actuaci\u00f3n de acuerdo con la normativa legal vigente con un presupuesto de 25-000 euros. La zona elegida para la intervenci\u00f3n se sit\u00faa en el centro del yacimiento, junto al espacio forense y la finalidad de esta campa\u00f1a es profundizar en la comprensi\u00f3n del proceso de abandono del municipio romano de Lucentum; definir la funcionalidad de la gran construcci\u00f3n adosada al espacio forense romano, puesto que se accede desde \u00e9l descendiendo de cota; conocer en planta las estructuras que en la fundaci\u00f3n del municipio definieron el trazado de la calle de Popilio, que conformaron, junto al foro, el germen arquitect\u00f3nico de la nueva ciudad; y, finalmente, profundizar en el conocimiento del entramado urbano de la ciudad p\u00fanica de \u00c1kra Leuk\u00e9.<\/p>\n<p style=\"text-align: justify\"><strong><u>La Alcudia de Elche. Ciudad ib\u00e9rica y romana<\/u><\/strong><\/p>\n<p style=\"text-align: justify\">Con una destacada ocupaci\u00f3n ib\u00e9rica sobre la que se levant\u00f3 una colonia romana, perdurando la poblaci\u00f3n hasta los inicios de la Edad Media, La Alcudia es uno de los m\u00e1s importantes yacimientos arqueol\u00f3gicos espa\u00f1oles. La intervenci\u00f3n consistir\u00e1 fundamentalmente en la conservaci\u00f3n y estabilizaci\u00f3n de las estructuras analizadas durante el a\u00f1o pasado. Las estructuras presentan un avanzado estado de degradaci\u00f3n con peligro de derrumbe de muros y pavimentos y esta actuaci\u00f3n ser\u00e1 el inicio para la definitiva recuperaci\u00f3n de este importante edificio de la Ilici romana. Bajo la direcci\u00f3n de Olcina, <strong>Rafael P\u00e9rez<\/strong> (\u00c1rea de Arquitectura de la Diputaci\u00f3n), <strong>Ana Ronda<\/strong> y <strong>Mercedes Tendero<\/strong> (Fundaci\u00f3n Universitaria La Alcudia de Investigaci\u00f3n Arqueol\u00f3gica, FUAIA, dependiente de la Universidad de Alicante), las labores se prolongar\u00e1n durante cinco semanas y contar\u00e1n con un presupuesto de 21.000 euros.<\/p>\n<p style=\"text-align: justify\"><strong><u>Pobla d\u2019Ifac de Calp. Epoca bajomedieval (s. XIV)<\/u><\/strong><\/p>\n<p style=\"text-align: justify\">La vig\u00e9sima actuaci\u00f3n de este yacimiento continuar\u00e1 con el Edificio XIV, una estructura extramuros de la ciudad que se halla anexa a la entrada oeste a la Pobla. Terminar de excavar este edificio y documentar su funci\u00f3n ser\u00e1 el principal objetivo de la campa\u00f1a dirigida por <strong>Jos\u00e9 Luis Menendez Fueyo<\/strong> que se prolongar\u00e1 durante todo el mes de agosto y est\u00e1 dotada con 25.000 euros. Por otra parte, se plantea la posibilidad de realizar una retirada mec\u00e1nica parcial, con seguimiento arqueol\u00f3gico de las tierras, escombros y material constructivo del antiguo hotel Palace Ifach situado en el sector este del yacimiento, que hasta ahora impiden el acceso a los niveles arqueol\u00f3gicos con vistas a su futura investigaci\u00f3n y a preparar las zonas de intervenci\u00f3n para una puesta en valor.<strong><u>\u00a0<\/u><\/strong><\/p>\n","protected":false},"excerpt":{"rendered":"<p>Cerca de treinta voluntarios participan en esta edici\u00f3n que se desarrollar\u00e1 entre agosto y octubre<span class=\"excerpt-hellip\"> [\u2026]<\/span><\/p>\n","protected":false},"author":8,"featured_media":46010,"comment_status":"open","ping_status":"open","sticky":false,"template":"","format":"standard","meta":{"kia_subtitle":"","footnotes":""},"categories":[1],"tags":[],"class_list":["post-46009","post","type-post","status-publish","format-standard","has-post-thumbnail","hentry","category-sin-categoria"],"meta_box":[],"_links":{"self":[{"href":"https:\/\/marqalicante-admin.qwair.com\/es\/wp-json\/wp\/v2\/posts\/46009","targetHints":{"allow":["GET"]}}],"collection":[{"href":"https:\/\/marqalicante-admin.qwair.com\/es\/wp-json\/wp\/v2\/posts"}],"about":[{"href":"https:\/\/marqalicante-admin.qwair.com\/es\/wp-json\/wp\/v2\/types\/post"}],"author":[{"embeddable":true,"href":"https:\/\/marqalicante-admin.qwair.com\/es\/wp-json\/wp\/v2\/users\/8"}],"replies":[{"embeddable":true,"href":"https:\/\/marqalicante-admin.qwair.com\/es\/wp-json\/wp\/v2\/comments?post=46009"}],"version-history":[{"count":1,"href":"https:\/\/marqalicante-admin.qwair.com\/es\/wp-json\/wp\/v2\/posts\/46009\/revisions"}],"predecessor-version":[{"id":46011,"href":"https:\/\/marqalicante-admin.qwair.com\/es\/wp-json\/wp\/v2\/posts\/46009\/revisions\/46011"}],"wp:featuredmedia":[{"embeddable":true,"href":"https:\/\/marqalicante-admin.qwair.com\/es\/wp-json\/wp\/v2\/media\/46010"}],"wp:attachment":[{"href":"https:\/\/marqalicante-admin.qwair.com\/es\/wp-json\/wp\/v2\/media?parent=46009"}],"wp:term":[{"taxonomy":"category","embeddable":true,"href":"https:\/\/marqalicante-admin.qwair.com\/es\/wp-json\/wp\/v2\/categories?post=46009"},{"taxonomy":"post_tag","embeddable":true,"href":"https:\/\/marqalicante-admin.qwair.com\/es\/wp-json\/wp\/v2\/tags?post=46009"}],"curies":[{"name":"wp","href":"https:\/\/api.w.org\/{rel}","templated":true}]}}