{"id":45857,"date":"2025-05-19T10:15:26","date_gmt":"2025-05-19T10:15:26","guid":{"rendered":"https:\/\/marqalicante-admin.qwair.com\/?p=45857"},"modified":"2025-05-19T10:15:26","modified_gmt":"2025-05-19T10:15:26","slug":"el-marq-celebra-el-dia-internacional-de-los-museos-con-la-asistencia-de-1-387-personas-en-las-dos-jornadas-de-puertas-abiertas","status":"publish","type":"post","link":"https:\/\/marqalicante-admin.qwair.com\/es\/el-marq-celebra-el-dia-internacional-de-los-museos-con-la-asistencia-de-1-387-personas-en-las-dos-jornadas-de-puertas-abiertas\/","title":{"rendered":"El MARQ celebra el D\u00eda Internacional de los Museos con la asistencia de 1.387 personas en las dos jornadas de puertas abiertas"},"content":{"rendered":"<p style=\"text-align: center\">\u00a0<img loading=\"lazy\" decoding=\"async\" class=\"alignnone size-medium wp-image-45859\" src=\"https:\/\/marqalicante-admin.qwair.com\/wp-content\/uploads\/2025\/05\/WhatsApp-Image-2025-05-19-at-12.11.28-500x375.jpeg\" alt=\"\" width=\"500\" height=\"375\" srcset=\"https:\/\/marqalicante-admin.qwair.com\/wp-content\/uploads\/2025\/05\/WhatsApp-Image-2025-05-19-at-12.11.28-500x375.jpeg 500w, https:\/\/marqalicante-admin.qwair.com\/wp-content\/uploads\/2025\/05\/WhatsApp-Image-2025-05-19-at-12.11.28-300x225.jpeg 300w, https:\/\/marqalicante-admin.qwair.com\/wp-content\/uploads\/2025\/05\/WhatsApp-Image-2025-05-19-at-12.11.28-16x12.jpeg 16w, https:\/\/marqalicante-admin.qwair.com\/wp-content\/uploads\/2025\/05\/WhatsApp-Image-2025-05-19-at-12.11.28-100x75.jpeg 100w, https:\/\/marqalicante-admin.qwair.com\/wp-content\/uploads\/2025\/05\/WhatsApp-Image-2025-05-19-at-12.11.28-480x360.jpeg 480w\" sizes=\"auto, (max-width:767px) 480px, 500px\" \/><\/p>\n<p>&nbsp;<\/p>\n<p style=\"text-align: justify\">1.387 personas han participado en las dos jornadas de puertas abiertas con las que la Fundaci\u00f3n CV MARQ ha celebrado durante los d\u00edas 17 y 18 de mayo el <strong>D\u00eda Internacional de los Museos.<\/strong> Actividades para las familias, visitas teatralizadas, talleres relacionados con la exposici\u00f3n temporal Ciudades de Luz, talleres de observaci\u00f3n solar y teatro han sido algunas de las actividades programadas por la Unidad de Accesibilidad, Did\u00e1ctica, Club Llumiq y Responsabilidad Social Corporativa para atraer a p\u00fablico y visitantes al MARQ.<\/p>\n<p style=\"text-align: justify\">Durante los dos d\u00edas de puertas abiertas, el Museo Arqueol\u00f3gico de la Diputaci\u00f3n de Alicante, MARQ, ha recibido la visita de 1.134 personas, mientras que en los yacimientos de La Illeta en El Campello y Lucentum, en la Albufereta las cifras han sido de 116 y 117 personas, respectivamente y de 20 personas en la Torre almohade de Almudaina.<\/p>\n","protected":false},"excerpt":{"rendered":"<p>\u00a0 &nbsp; 1.387 personas han participado en las dos jornadas de puertas abiertas con las<span class=\"excerpt-hellip\"> [\u2026]<\/span><\/p>\n","protected":false},"author":8,"featured_media":45858,"comment_status":"open","ping_status":"open","sticky":false,"template":"","format":"standard","meta":{"kia_subtitle":"","footnotes":""},"categories":[1],"tags":[],"class_list":["post-45857","post","type-post","status-publish","format-standard","has-post-thumbnail","hentry","category-sin-categoria"],"meta_box":[],"_links":{"self":[{"href":"https:\/\/marqalicante-admin.qwair.com\/es\/wp-json\/wp\/v2\/posts\/45857","targetHints":{"allow":["GET"]}}],"collection":[{"href":"https:\/\/marqalicante-admin.qwair.com\/es\/wp-json\/wp\/v2\/posts"}],"about":[{"href":"https:\/\/marqalicante-admin.qwair.com\/es\/wp-json\/wp\/v2\/types\/post"}],"author":[{"embeddable":true,"href":"https:\/\/marqalicante-admin.qwair.com\/es\/wp-json\/wp\/v2\/users\/8"}],"replies":[{"embeddable":true,"href":"https:\/\/marqalicante-admin.qwair.com\/es\/wp-json\/wp\/v2\/comments?post=45857"}],"version-history":[{"count":2,"href":"https:\/\/marqalicante-admin.qwair.com\/es\/wp-json\/wp\/v2\/posts\/45857\/revisions"}],"predecessor-version":[{"id":45861,"href":"https:\/\/marqalicante-admin.qwair.com\/es\/wp-json\/wp\/v2\/posts\/45857\/revisions\/45861"}],"wp:featuredmedia":[{"embeddable":true,"href":"https:\/\/marqalicante-admin.qwair.com\/es\/wp-json\/wp\/v2\/media\/45858"}],"wp:attachment":[{"href":"https:\/\/marqalicante-admin.qwair.com\/es\/wp-json\/wp\/v2\/media?parent=45857"}],"wp:term":[{"taxonomy":"category","embeddable":true,"href":"https:\/\/marqalicante-admin.qwair.com\/es\/wp-json\/wp\/v2\/categories?post=45857"},{"taxonomy":"post_tag","embeddable":true,"href":"https:\/\/marqalicante-admin.qwair.com\/es\/wp-json\/wp\/v2\/tags?post=45857"}],"curies":[{"name":"wp","href":"https:\/\/api.w.org\/{rel}","templated":true}]}}