{"id":45233,"date":"2025-03-31T10:55:39","date_gmt":"2025-03-31T10:55:39","guid":{"rendered":"https:\/\/marqalicante-admin.qwair.com\/?p=45233"},"modified":"2025-03-31T10:55:39","modified_gmt":"2025-03-31T10:55:39","slug":"el-marq-expone-en-madrid-su-programa-para-acercar-la-cultura-al-entorno-de-ninos-y-ninas-con-autismo","status":"publish","type":"post","link":"https:\/\/marqalicante-admin.qwair.com\/es\/el-marq-expone-en-madrid-su-programa-para-acercar-la-cultura-al-entorno-de-ninos-y-ninas-con-autismo\/","title":{"rendered":"El MARQ expone en Madrid su programa para acercar la cultura al entorno de ni\u00f1os y ni\u00f1as con autismo"},"content":{"rendered":"<p style=\"text-align: center\"><img loading=\"lazy\" decoding=\"async\" class=\"alignnone size-medium wp-image-45234\" src=\"https:\/\/marqalicante-admin.qwair.com\/wp-content\/uploads\/2025\/03\/piratas-500x375.jpg\" alt=\"\" width=\"500\" height=\"375\" srcset=\"https:\/\/marqalicante-admin.qwair.com\/wp-content\/uploads\/2025\/03\/piratas-500x375.jpg 500w, https:\/\/marqalicante-admin.qwair.com\/wp-content\/uploads\/2025\/03\/piratas-300x225.jpg 300w, https:\/\/marqalicante-admin.qwair.com\/wp-content\/uploads\/2025\/03\/piratas-16x12.jpg 16w, https:\/\/marqalicante-admin.qwair.com\/wp-content\/uploads\/2025\/03\/piratas-100x75.jpg 100w, https:\/\/marqalicante-admin.qwair.com\/wp-content\/uploads\/2025\/03\/piratas-480x360.jpg 480w\" sizes=\"auto, (max-width:767px) 480px, 500px\" \/><\/p>\n<p style=\"text-align: justify\">La <strong>Fundaci\u00f3n CV MARQ<\/strong> participar\u00e1 ma\u00f1ana martes en un encuentro nacional en el que mostrar\u00e1 la experiencia con la puesta en marcha del proyecto <strong>Empower Parents en el MARQ<\/strong>, convirtiendo el museo en un espacio de relaci\u00f3n y exploraci\u00f3n donde las familias con ni\u00f1os y ni\u00f1as con autismo pueden compartir vivencias, establecer v\u00ednculos y favorecer su acceso a la oferta cultural del MARQ.<\/p>\n<p style=\"text-align: justify\">La coordinadora de la Unidad de Did\u00e1ctica, Accesibilidad y Responsabilidad Social de la Fundaci\u00f3n CV MARQ, <strong>Gema Sala<\/strong>, ser\u00e1 quien ofrezca los resultados de los <strong>tres a\u00f1os de vigencia de este proyecto<\/strong>, en el que desde 2022 <strong>han participado cerca de treinta familias alicantinas<\/strong> con alg\u00fan miembro con autismo. En este encuentro se proyectar\u00e1 el v\u00eddeo realizado por la Fundaci\u00f3n CV MARQ, e impulsado por la Diputaci\u00f3n de Alicante, en el que se explica el <strong>proceso de adaptaci\u00f3n metodol\u00f3gico del programa EMPOWER Parents y su impacto en el MARQ<\/strong> con los testimonios de las familias, representantes institucionales y educadores sobre la importancia de la accesibilidad cultural.<\/p>\n<p style=\"text-align: justify\">El encuentro nacional se celebra en el marco del <strong>D\u00eda Mundial de la Concienciaci\u00f3n sobre el autismo<\/strong>. EMPOWER, organizaci\u00f3n que trabaja en el \u00e1mbito de la mediaci\u00f3n y la educaci\u00f3n cultural, trasladar\u00e1 en el marco del Real Jard\u00edn Bot\u00e1nico-CSIC, el compromiso conjunto de todas las instituciones que forman parte del programa, por impulsar la inclusi\u00f3n y el acceso cultural de familias con ni\u00f1os y ni\u00f1as dentro del espectro del autismo.<\/p>\n<p style=\"text-align: justify\">Este es uno de los principales mensajes que ser\u00e1 pronunciado por una representaci\u00f3n de las instituciones que conforman la red de EMPOWER, con la lectura del manifiesto, en el encuentro abierto, moderado por <strong>Laura Donis<\/strong>, en el que participar\u00e1n, junto a Gema Sala, la responsable de programas de Educaci\u00f3n y Accesibilidad de Fundaci\u00f3n ICO, <strong>Silvia Consuegra<\/strong>; la responsable de la Unidad de Cultura Cient\u00edfica del RJB-CSIC, <strong>Irene Fern\u00e1ndez de Tejada<\/strong>; la coordinadora de programas p\u00fablicos y desarrollo de audiencias de la subdirecci\u00f3n general de Bellas Artes de la Consejer\u00eda de Cultura, Turismo y Deporte de la Comunidad de Madrid, <strong>Macu Ledesma<\/strong>; la vicedirectora de comunicaci\u00f3n y cultura del Museo Nacional de Ciencias Naturales, <strong>Pilar L\u00f3pez Garc\u00eda-Gallo<\/strong>; la coordinadora de la Unidad de Did\u00e1ctica, Accesibilidad y Responsabilidad Social de la Fundaci\u00f3n CV MARQ, <strong>Gema Sala<\/strong> y\u00a0 la jefa de \u00e1rea de difusi\u00f3n y desarrollo de la Subdirecci\u00f3n General de Museos Estatales del Ministerio de Cultura (SGME), <strong>Olga Ovejero<\/strong>.<\/p>\n<p style=\"text-align: justify\">El encuentro nacional finalizar\u00e1 con una actividad participativa, un <strong>recorrido sensorial por el Jard\u00edn Bot\u00e1nico<\/strong>, que permitir\u00e1 a los asistentes descubrir el entorno natural a trav\u00e9s de los sentidos.<\/p>\n","protected":false},"excerpt":{"rendered":"<p>La Fundaci\u00f3n CV MARQ participar\u00e1 ma\u00f1ana martes en un encuentro nacional en el que mostrar\u00e1<span class=\"excerpt-hellip\"> [\u2026]<\/span><\/p>\n","protected":false},"author":8,"featured_media":45235,"comment_status":"open","ping_status":"open","sticky":false,"template":"","format":"standard","meta":{"kia_subtitle":"La red de EMPOWER PARENTS organiza un encuentro nacional ma\u00f1ana martes, 1 de abril, en el Real Jard\u00edn Bot\u00e1nico-CSIC","footnotes":""},"categories":[1],"tags":[],"class_list":["post-45233","post","type-post","status-publish","format-standard","has-post-thumbnail","hentry","category-sin-categoria"],"meta_box":[],"_links":{"self":[{"href":"https:\/\/marqalicante-admin.qwair.com\/es\/wp-json\/wp\/v2\/posts\/45233","targetHints":{"allow":["GET"]}}],"collection":[{"href":"https:\/\/marqalicante-admin.qwair.com\/es\/wp-json\/wp\/v2\/posts"}],"about":[{"href":"https:\/\/marqalicante-admin.qwair.com\/es\/wp-json\/wp\/v2\/types\/post"}],"author":[{"embeddable":true,"href":"https:\/\/marqalicante-admin.qwair.com\/es\/wp-json\/wp\/v2\/users\/8"}],"replies":[{"embeddable":true,"href":"https:\/\/marqalicante-admin.qwair.com\/es\/wp-json\/wp\/v2\/comments?post=45233"}],"version-history":[{"count":2,"href":"https:\/\/marqalicante-admin.qwair.com\/es\/wp-json\/wp\/v2\/posts\/45233\/revisions"}],"predecessor-version":[{"id":45237,"href":"https:\/\/marqalicante-admin.qwair.com\/es\/wp-json\/wp\/v2\/posts\/45233\/revisions\/45237"}],"wp:featuredmedia":[{"embeddable":true,"href":"https:\/\/marqalicante-admin.qwair.com\/es\/wp-json\/wp\/v2\/media\/45235"}],"wp:attachment":[{"href":"https:\/\/marqalicante-admin.qwair.com\/es\/wp-json\/wp\/v2\/media?parent=45233"}],"wp:term":[{"taxonomy":"category","embeddable":true,"href":"https:\/\/marqalicante-admin.qwair.com\/es\/wp-json\/wp\/v2\/categories?post=45233"},{"taxonomy":"post_tag","embeddable":true,"href":"https:\/\/marqalicante-admin.qwair.com\/es\/wp-json\/wp\/v2\/tags?post=45233"}],"curies":[{"name":"wp","href":"https:\/\/api.w.org\/{rel}","templated":true}]}}