{"id":45194,"date":"2025-03-25T13:01:13","date_gmt":"2025-03-25T13:01:13","guid":{"rendered":"https:\/\/marqalicante-admin.qwair.com\/?p=45194"},"modified":"2025-03-25T13:01:13","modified_gmt":"2025-03-25T13:01:13","slug":"el-marq-amplia-a-septiembre-la-exposicion-ciudades-de-luz-que-ha-recibido-19-000-visitas-en-tres-meses","status":"publish","type":"post","link":"https:\/\/marqalicante-admin.qwair.com\/es\/el-marq-amplia-a-septiembre-la-exposicion-ciudades-de-luz-que-ha-recibido-19-000-visitas-en-tres-meses\/","title":{"rendered":"El MARQ ampl\u00eda a septiembre la exposici\u00f3n \u2018Ciudades de luz\u2019, que ha recibido 19.000 visitas en tres meses"},"content":{"rendered":"<p style=\"text-align: center\"><img loading=\"lazy\" decoding=\"async\" class=\"alignnone size-medium wp-image-45195\" src=\"https:\/\/marqalicante-admin.qwair.com\/wp-content\/uploads\/2025\/03\/ciudades-de-luz-500x333.jpg\" alt=\"\" width=\"500\" height=\"333\" srcset=\"https:\/\/marqalicante-admin.qwair.com\/wp-content\/uploads\/2025\/03\/ciudades-de-luz-500x333.jpg 500w, https:\/\/marqalicante-admin.qwair.com\/wp-content\/uploads\/2025\/03\/ciudades-de-luz-300x200.jpg 300w, https:\/\/marqalicante-admin.qwair.com\/wp-content\/uploads\/2025\/03\/ciudades-de-luz-18x12.jpg 18w, https:\/\/marqalicante-admin.qwair.com\/wp-content\/uploads\/2025\/03\/ciudades-de-luz-113x75.jpg 113w, https:\/\/marqalicante-admin.qwair.com\/wp-content\/uploads\/2025\/03\/ciudades-de-luz-480x320.jpg 480w\" sizes=\"auto, (max-width:767px) 480px, 500px\" \/><\/p>\n<p style=\"text-align: justify\">La muestra \u2018Ciudades de luz. \u00c1kra Leuk\u00e9, Lucentum, Laqant\u2019 prorrogar\u00e1 su estancia en el MARQ hasta el pr\u00f3ximo <strong>7 de septiembre <\/strong>ante la <strong>excelente respuesta del p\u00fablico<\/strong>, que ha superado todas las expectativas alcanzando los <strong>19.000 visitantes<\/strong> cuando se cumplen tres meses desde su inauguraci\u00f3n.<\/p>\n<p style=\"text-align: justify\">Como ha recordado el diputado de Cultura, <strong>Juan de Dios Navarro<\/strong>, esta <strong>propuesta de producci\u00f3n propia<\/strong> es la muestra <strong>temporal que mayor superficie ha ocupado<\/strong> en la historia del museo y tiene como finalidad ilustrar la sucesi\u00f3n de <strong>enclaves antiguos<\/strong> que habitaron el paraje de <strong>La Albufereta<\/strong> de Alicante, empleando como <strong>eje vertebrador<\/strong> el yacimiento arqueol\u00f3gico del <strong>Tossal de Manises<\/strong>.<\/p>\n<p style=\"text-align: justify\">Impulsada por la <strong>Diputaci\u00f3n de Alicante<\/strong> a trav\u00e9s del Museo Arqueol\u00f3gico de Alicante y la Fundaci\u00f3n C.V. MARQ, la muestra ha contado con la colaboraci\u00f3n de una <strong>treintena de entidades culturales espa\u00f1olas<\/strong> entre museos, archivos y fundaciones que han prestado parte de sus fondos, piezas y materiales, para su exhibici\u00f3n al p\u00fablico, junto a las de la instituci\u00f3n provincial, que custodia el MARQ.<\/p>\n<p style=\"text-align: justify\">El <strong>yacimiento arqueol\u00f3gico del Tossal de Manises<\/strong> es el eje vertebrador de esta exposici\u00f3n que pone el foco en la investigaci\u00f3n, restauraci\u00f3n, puesta en valor, protecci\u00f3n y divulgaci\u00f3n del propio yacimiento que lo han convertido en un espacio socializado abierto a la ciudadan\u00eda. \u2018Ciudades de Luz\u2019 est\u00e1 omisariada por <strong>Manuel Olcina<\/strong>, director del MARQ, <strong>Rafael P\u00e9rez<\/strong>, director del \u00c1rea de Arquitectura de la Diputaci\u00f3n y por los t\u00e9cnicos de Arqueolog\u00eda de la Fundaci\u00f3n C.V. MARQ, <strong>Eva Tendero<\/strong> y <strong>Antonio Guilabert<\/strong>.<\/p>\n<p style=\"text-align: justify\">De las 19.000 personas que ya la han visitado destaca en el ranking de <strong>procedencias internacionales<\/strong> las visitas del p\u00fablico de pa\u00edses del Este, seguidos de Gran Breta\u00f1a, Am\u00e9rica, Pa\u00edses N\u00f3rdicos, Francia, Pa\u00edses Bajos y Alemania. Respecto de las <strong>procedencias nacionales<\/strong>, m\u00e1s all\u00e1 de las de nuestra provincia, en primer lugar encontramos las provenientes de Madrid, seguidos de Castilla La Mancha, Valencia, Andaluc\u00eda y Castilla Le\u00f3n.<\/p>\n<p style=\"text-align: justify\">\n","protected":false},"excerpt":{"rendered":"<p>La muestra \u2018Ciudades de luz. \u00c1kra Leuk\u00e9, Lucentum, Laqant\u2019 prorrogar\u00e1 su estancia en el MARQ<span class=\"excerpt-hellip\"> [\u2026]<\/span><\/p>\n","protected":false},"author":8,"featured_media":45186,"comment_status":"open","ping_status":"open","sticky":false,"template":"","format":"standard","meta":{"kia_subtitle":"","footnotes":""},"categories":[1],"tags":[],"class_list":["post-45194","post","type-post","status-publish","format-standard","has-post-thumbnail","hentry","category-sin-categoria"],"meta_box":[],"_links":{"self":[{"href":"https:\/\/marqalicante-admin.qwair.com\/es\/wp-json\/wp\/v2\/posts\/45194","targetHints":{"allow":["GET"]}}],"collection":[{"href":"https:\/\/marqalicante-admin.qwair.com\/es\/wp-json\/wp\/v2\/posts"}],"about":[{"href":"https:\/\/marqalicante-admin.qwair.com\/es\/wp-json\/wp\/v2\/types\/post"}],"author":[{"embeddable":true,"href":"https:\/\/marqalicante-admin.qwair.com\/es\/wp-json\/wp\/v2\/users\/8"}],"replies":[{"embeddable":true,"href":"https:\/\/marqalicante-admin.qwair.com\/es\/wp-json\/wp\/v2\/comments?post=45194"}],"version-history":[{"count":1,"href":"https:\/\/marqalicante-admin.qwair.com\/es\/wp-json\/wp\/v2\/posts\/45194\/revisions"}],"predecessor-version":[{"id":45196,"href":"https:\/\/marqalicante-admin.qwair.com\/es\/wp-json\/wp\/v2\/posts\/45194\/revisions\/45196"}],"wp:featuredmedia":[{"embeddable":true,"href":"https:\/\/marqalicante-admin.qwair.com\/es\/wp-json\/wp\/v2\/media\/45186"}],"wp:attachment":[{"href":"https:\/\/marqalicante-admin.qwair.com\/es\/wp-json\/wp\/v2\/media?parent=45194"}],"wp:term":[{"taxonomy":"category","embeddable":true,"href":"https:\/\/marqalicante-admin.qwair.com\/es\/wp-json\/wp\/v2\/categories?post=45194"},{"taxonomy":"post_tag","embeddable":true,"href":"https:\/\/marqalicante-admin.qwair.com\/es\/wp-json\/wp\/v2\/tags?post=45194"}],"curies":[{"name":"wp","href":"https:\/\/api.w.org\/{rel}","templated":true}]}}