{"id":34871,"date":"2025-01-23T08:19:04","date_gmt":"2025-01-23T08:19:04","guid":{"rendered":"https:\/\/marqalicante-admin.qwair.com\/?p=34871"},"modified":"2025-03-10T14:02:52","modified_gmt":"2025-03-10T14:02:52","slug":"renfe-y-fundacion-marq-acuerdan-promocionar-el-tren-para-acudir-a-las-actividades-del-museo","status":"publish","type":"post","link":"https:\/\/marqalicante-admin.qwair.com\/es\/renfe-y-fundacion-marq-acuerdan-promocionar-el-tren-para-acudir-a-las-actividades-del-museo\/","title":{"rendered":"Renfe y Fundaci\u00f3n MARQ acuerdan promocionar el tren para acudir a las actividades del museo"},"content":{"rendered":"<p style=\"text-align: center\"><img loading=\"lazy\" decoding=\"async\" class=\"alignnone size-medium wp-image-34872\" src=\"https:\/\/marqalicante-admin.qwair.com\/wp-content\/uploads\/2025\/01\/WhatsApp-Image-2025-01-29-at-14.49.45-500x375.jpeg\" alt=\"\" width=\"500\" height=\"375\" srcset=\"https:\/\/marqalicante-admin.qwair.com\/wp-content\/uploads\/2025\/01\/WhatsApp-Image-2025-01-29-at-14.49.45-500x375.jpeg 500w, https:\/\/marqalicante-admin.qwair.com\/wp-content\/uploads\/2025\/01\/WhatsApp-Image-2025-01-29-at-14.49.45-300x225.jpeg 300w, https:\/\/marqalicante-admin.qwair.com\/wp-content\/uploads\/2025\/01\/WhatsApp-Image-2025-01-29-at-14.49.45-16x12.jpeg 16w, https:\/\/marqalicante-admin.qwair.com\/wp-content\/uploads\/2025\/01\/WhatsApp-Image-2025-01-29-at-14.49.45-100x75.jpeg 100w, https:\/\/marqalicante-admin.qwair.com\/wp-content\/uploads\/2025\/01\/WhatsApp-Image-2025-01-29-at-14.49.45-480x360.jpeg 480w\" sizes=\"auto, (max-width:767px) 480px, 500px\" \/><\/p>\n<p style=\"text-align: justify\">Renfe y la Fundaci\u00f3n CV MARQ han suscrito un convenio, en el marco de la Feria Internacional de Turismo (Fitur), por el que han acordado promocionar el uso del tren a la hora de desplazarse a actividades que organice la Fundaci\u00f3n CV MARQ.<\/p>\n<p style=\"text-align: justify\">El documento, firmado por el presidente de la Diputaci\u00f3n y presidente de la Fundaci\u00f3n CV MARQ, Toni P\u00e9rez y el director del \u00c1rea de Negocio de Alta Velocidad y Otros Servicios Comerciales de Renfe, Javier P\u00e9rez L\u00f3pez, persigue promocionar el programa de exposiciones del MARQ y fomentar y promover el uso de trenes de alta velocidad (AVE), larga distancia y alta velocidad de bajo coste (Avlo).<\/p>\n<p style=\"text-align: justify\">La Fundaci\u00f3n CV MARQ se compromete a promocionar y difundir los servicios de Renfe Viajeros como medio de transporte en todas las actividades que realice, as\u00ed como informar a sus visitantes e las condiciones especiales que oferta la compa\u00f1\u00eda ferroviaria.<\/p>\n<p style=\"text-align: justify\">Por su parte, Renfe ofrecer\u00e1 descuentos sobre la tarifa abierta en el momento de la compra en cualquiera de las opciones disponibles: b\u00e1sico, elige, elige confort y premium.<\/p>\n<p style=\"text-align: justify\">La Fundaci\u00f3n realizar\u00e1 un descuento del 100% a los clientes de Renfe Viajeros en el precio de las entradas tanto para visitas libres como guiadas en el MARQ, previa presentaci\u00f3n del billete individual y nominativo de AVE, Larga Distancia o AVLO en las taquillas del Museo as\u00ed como en los yacimientos y monumentos de gesti\u00f3n de la Fundaci\u00f3n como son La Illeta en El Campello y Lucentum en la Albufereta; Torre almohade de Almudaina; Pla de Petracos en Castell de Castells; Cova de l\u00b4Or en Beniarr\u00e9s y Cava Gran de Agres.<\/p>\n<p style=\"text-align: justify\">\n","protected":false},"excerpt":{"rendered":"<p>Renfe y la Fundaci\u00f3n CV MARQ han suscrito un convenio, en el marco de la<span class=\"excerpt-hellip\"> [\u2026]<\/span><\/p>\n","protected":false},"author":8,"featured_media":34873,"comment_status":"open","ping_status":"open","sticky":false,"template":"","format":"standard","meta":{"kia_subtitle":"Convenio Renfe y la Fundaci\u00f3n CV MARQ","footnotes":""},"categories":[1],"tags":[],"class_list":["post-34871","post","type-post","status-publish","format-standard","has-post-thumbnail","hentry","category-sin-categoria"],"meta_box":[],"_links":{"self":[{"href":"https:\/\/marqalicante-admin.qwair.com\/es\/wp-json\/wp\/v2\/posts\/34871","targetHints":{"allow":["GET"]}}],"collection":[{"href":"https:\/\/marqalicante-admin.qwair.com\/es\/wp-json\/wp\/v2\/posts"}],"about":[{"href":"https:\/\/marqalicante-admin.qwair.com\/es\/wp-json\/wp\/v2\/types\/post"}],"author":[{"embeddable":true,"href":"https:\/\/marqalicante-admin.qwair.com\/es\/wp-json\/wp\/v2\/users\/8"}],"replies":[{"embeddable":true,"href":"https:\/\/marqalicante-admin.qwair.com\/es\/wp-json\/wp\/v2\/comments?post=34871"}],"version-history":[{"count":3,"href":"https:\/\/marqalicante-admin.qwair.com\/es\/wp-json\/wp\/v2\/posts\/34871\/revisions"}],"predecessor-version":[{"id":36009,"href":"https:\/\/marqalicante-admin.qwair.com\/es\/wp-json\/wp\/v2\/posts\/34871\/revisions\/36009"}],"wp:featuredmedia":[{"embeddable":true,"href":"https:\/\/marqalicante-admin.qwair.com\/es\/wp-json\/wp\/v2\/media\/34873"}],"wp:attachment":[{"href":"https:\/\/marqalicante-admin.qwair.com\/es\/wp-json\/wp\/v2\/media?parent=34871"}],"wp:term":[{"taxonomy":"category","embeddable":true,"href":"https:\/\/marqalicante-admin.qwair.com\/es\/wp-json\/wp\/v2\/categories?post=34871"},{"taxonomy":"post_tag","embeddable":true,"href":"https:\/\/marqalicante-admin.qwair.com\/es\/wp-json\/wp\/v2\/tags?post=34871"}],"curies":[{"name":"wp","href":"https:\/\/api.w.org\/{rel}","templated":true}]}}