{"id":34790,"date":"2024-10-11T14:18:00","date_gmt":"2024-10-11T14:18:00","guid":{"rendered":"https:\/\/marqalicante-admin.qwair.com\/2024\/10\/11\/el-marq-participa-en-la-exposicion-iberos-y-la-muerte-en-el-museo-arqueologico-de-murcia\/"},"modified":"2024-10-11T14:18:00","modified_gmt":"2024-10-11T14:18:00","slug":"el-marq-participa-en-la-exposicion-iberos-y-la-muerte-en-el-museo-arqueologico-de-murcia","status":"publish","type":"post","link":"https:\/\/marqalicante-admin.qwair.com\/es\/el-marq-participa-en-la-exposicion-iberos-y-la-muerte-en-el-museo-arqueologico-de-murcia\/","title":{"rendered":"El MARQ participa en la exposici\u00f3n \u00cdberos y la muerte en el Museo Arqueol\u00f3gico de Murcia"},"content":{"rendered":"<p style=\"text-align:center\">&nbsp; &nbsp; &nbsp; &nbsp; &nbsp; &nbsp; &nbsp; &nbsp; &nbsp; &nbsp; &nbsp; &nbsp; &nbsp; &nbsp; &nbsp; &nbsp; &nbsp; &nbsp; &nbsp; &nbsp; &nbsp; &nbsp; &nbsp; &nbsp; &nbsp; &nbsp; &nbsp; &nbsp; &nbsp; &nbsp; &nbsp; &nbsp; &nbsp; &nbsp; &nbsp; &nbsp; &nbsp; &nbsp; &nbsp; &nbsp; &nbsp; &nbsp; &nbsp; &nbsp; &nbsp; &nbsp; &nbsp; &nbsp; &nbsp; &nbsp; &nbsp; &nbsp; &nbsp; &nbsp; &nbsp; &nbsp; &nbsp; &nbsp; &nbsp; &nbsp; &nbsp; &nbsp; &nbsp; &nbsp;<img decoding=\"async\" alt=\"\" src=\"\/contenido\/genericas\/WhatsApp%20Image%202024-09-27%20at%2009_09_02(1).jpg\" style=\"height:225px; width:500px\" \/><\/p>\n<p>&nbsp;<\/p>\n<p><span style=\"font-size:11pt\"><span style=\"font-family:Calibri,sans-serif\"><span style=\"font-size:12.0pt\"><span style=\"font-family:&quot;Arial&quot;,sans-serif\">El MAM, Museo Arqueol&oacute;gico de Murcia, acoge varias piezas del MARQ en la exposici&oacute;n temporal <em>&Iacute;beros y la muerte: necr&oacute;polis ib&eacute;ricas en la regi&oacute;n de Murcia<\/em> inaugurada el pasado 26 de septiembre y que podr&aacute; visitarse hasta el 26 de enero pr&oacute;ximo. <\/span><\/span><\/span><\/span><\/p>\n<p style=\"margin-left:0cm; margin-right:0cm; text-align:justify\"><span style=\"font-size:11pt\"><span style=\"font-family:Calibri,sans-serif\"><span style=\"font-size:12.0pt\"><span style=\"font-family:&quot;Arial&quot;,sans-serif\">La exposici&oacute;n temporal instalada en el Museo Arqueol&oacute;gico de Murcia est&aacute; consagrada al mundo funerario ib&eacute;rico en la Contestania, espacio que en su momento ocupaba buena parte del territorio de Murcia, Alicante y sur de Albacete.&nbsp;<\/span><\/span><\/span><\/span><\/p>\n<p style=\"margin-left:0cm; margin-right:0cm; text-align:justify\"><span style=\"font-size:11pt\"><span style=\"font-family:Calibri,sans-serif\"><span style=\"font-size:12.0pt\"><span style=\"font-family:&quot;Arial&quot;,sans-serif\">Entre las piezas que el MARQ, Museo Arqueol&oacute;gico de Alicante, dependiente de la Diputaci&oacute;n de Alicante, ha cedido para la exposici&oacute;n de MAM destaca&nbsp;la escultura de grifo, un animal m&iacute;tico procedente de la necr&oacute;polis ib&eacute;rica de Cabezo Lucero en Guardamar.Por su parte, el Museo de La Alcudia de Elche ha cedido el llamado torso del guerrero procedente del yacimiento de La Alcudia.<\/span><\/span><\/span><\/span><\/p>\n<p style=\"margin-left:0cm; margin-right:0cm; text-align:justify\"><span style=\"font-size:11pt\"><span style=\"font-family:Calibri,sans-serif\"><span style=\"font-size:12.0pt\"><span style=\"font-family:&quot;Arial&quot;,sans-serif\">Este &aacute;mbito es particularmente rico en la Regi&oacute;n de Murcia al disponer de varias de las necr&oacute;polis m&aacute;s importantes que se conocen como son el Cabecico del Tesoro (Verdolay, Murcia), con 609 enterramientos exhumados, El Cigarralejo (Mula) con 547 incineraciones documentadas y posiblemente la necr&oacute;polis ib&eacute;rica mejor conocida y publicada, o Coimbra del Barranco Ancho (Jumilla), con 277 tumbas catalogadas. Los Nietos (Cartagena), Castillejo de los Ba&ntilde;os (Fortuna), Cabezo del T&iacute;o P&iacute;o (Archena), Archivel (Caravaca de la Cruz) o el casco urbano de Lorca completan el elenco.<\/span><\/span><\/span><\/span><\/p>\n<p style=\"margin-left:0cm; margin-right:0cm; text-align:justify\"><span style=\"font-size:11pt\"><span style=\"font-family:Calibri,sans-serif\"><span style=\"font-size:12.0pt\"><span style=\"font-family:&quot;Arial&quot;,sans-serif\">Esto supone un conocimiento exhaustivo del ritual funerario ib&eacute;rico en Murcia, siendo uno de los mejor conocidos en el &aacute;mbito nacional, apoyado en excelentes trabajos de campo e infinidad de publicaciones cient&iacute;ficas, como las desarrolladas por investigadores de la talla de Gratiniano Nieto, Emeterio Cuadrado, Ana Mar&iacute;a Mu&ntilde;oz, Jos&eacute; Miguel Garc&iacute;a Cano o Virginia Page.<\/span><\/span><\/span><\/span><\/p>\n<p style=\"margin-left:0cm; margin-right:0cm; text-align:justify\"><span style=\"font-size:11pt\"><span style=\"font-family:Calibri,sans-serif\"><span style=\"font-size:12.0pt\"><span style=\"font-family:&quot;Arial&quot;,sans-serif\">Entre las piezas m&aacute;s destacadas podemos ver&nbsp;los <em>jinetes de Coimbra del Barranco Ancho<\/em>, de Jumilla, una de las piezas maestras de la escultura ib&eacute;rica a escala nacional, y el <em>centauro de los Royos<\/em>, de Caravaca de la Cruz, un bronce griego arcaico que por primera vez se exhibe en Murcia.<\/span><\/span><\/span><\/span><\/p>\n<p style=\"margin-left:0cm; margin-right:0cm; text-align:center\"><img decoding=\"async\" alt=\"\" src=\"\/contenido\/genericas\/WhatsApp%20Image%202024-09-27%20at%2009_09_18.jpg\" style=\"height:225px; width:500px\" \/><\/p>\n","protected":false},"excerpt":{"rendered":"<p>&nbsp; &nbsp; &nbsp; &nbsp; &nbsp; &nbsp; &nbsp; &nbsp; &nbsp; &nbsp; &nbsp; &nbsp; &nbsp; &nbsp; &nbsp;<span class=\"excerpt-hellip\"> [\u2026]<\/span><\/p>\n","protected":false},"author":3,"featured_media":0,"comment_status":"open","ping_status":"open","sticky":false,"template":"","format":"standard","meta":{"kia_subtitle":"","footnotes":""},"categories":[],"tags":[],"class_list":["post-34790","post","type-post","status-publish","format-standard","hentry"],"meta_box":[],"_links":{"self":[{"href":"https:\/\/marqalicante-admin.qwair.com\/es\/wp-json\/wp\/v2\/posts\/34790","targetHints":{"allow":["GET"]}}],"collection":[{"href":"https:\/\/marqalicante-admin.qwair.com\/es\/wp-json\/wp\/v2\/posts"}],"about":[{"href":"https:\/\/marqalicante-admin.qwair.com\/es\/wp-json\/wp\/v2\/types\/post"}],"author":[{"embeddable":true,"href":"https:\/\/marqalicante-admin.qwair.com\/es\/wp-json\/wp\/v2\/users\/3"}],"replies":[{"embeddable":true,"href":"https:\/\/marqalicante-admin.qwair.com\/es\/wp-json\/wp\/v2\/comments?post=34790"}],"version-history":[{"count":0,"href":"https:\/\/marqalicante-admin.qwair.com\/es\/wp-json\/wp\/v2\/posts\/34790\/revisions"}],"wp:attachment":[{"href":"https:\/\/marqalicante-admin.qwair.com\/es\/wp-json\/wp\/v2\/media?parent=34790"}],"wp:term":[{"taxonomy":"category","embeddable":true,"href":"https:\/\/marqalicante-admin.qwair.com\/es\/wp-json\/wp\/v2\/categories?post=34790"},{"taxonomy":"post_tag","embeddable":true,"href":"https:\/\/marqalicante-admin.qwair.com\/es\/wp-json\/wp\/v2\/tags?post=34790"}],"curies":[{"name":"wp","href":"https:\/\/api.w.org\/{rel}","templated":true}]}}