{"id":34724,"date":"2024-03-01T09:57:00","date_gmt":"2024-03-01T09:57:00","guid":{"rendered":"https:\/\/marqalicante-admin.qwair.com\/2024\/03\/01\/los-dias-5-6-7-8-y-10-de-marzo-con-la-mujer-como-protagonista-desde-la-perspectiva-historica-charlas-talleres-y-visitas-animadas-en-el-marq-para-celebrar-el-dia-internacional-de-la-mujer\/"},"modified":"2024-03-01T09:57:00","modified_gmt":"2024-03-01T09:57:00","slug":"los-dias-5-6-7-8-y-10-de-marzo-con-la-mujer-como-protagonista-desde-la-perspectiva-historica-charlas-talleres-y-visitas-animadas-en-el-marq-para-celebrar-el-dia-internacional-de-la-mujer","status":"publish","type":"post","link":"https:\/\/marqalicante-admin.qwair.com\/es\/los-dias-5-6-7-8-y-10-de-marzo-con-la-mujer-como-protagonista-desde-la-perspectiva-historica-charlas-talleres-y-visitas-animadas-en-el-marq-para-celebrar-el-dia-internacional-de-la-mujer\/","title":{"rendered":"Los d\u00edas 5, 6, 7, 8 y 10 de marzo, con la mujer como protagonista desde la perspectiva hist\u00f3rica  Charlas, talleres y visitas animadas en el MARQ para celebrar el D\u00eda Internacional de la Mujer"},"content":{"rendered":"<p>&nbsp;<img decoding=\"async\" alt=\"\" src=\"\/contenido\/genericas\/Mujer%2024%201.jpg\" style=\"height:525px; width:700px\" \/><\/p>\n<p style=\"margin-left:0cm; margin-right:0cm; text-align:justify\"><span style=\"font-size:11pt\"><span style=\"font-family:Calibri,sans-serif\"><span style=\"font-size:12.0pt\"><span style=\"font-family:&quot;Arial&quot;,sans-serif\">La Fundaci&oacute;n CV MARQ se adhiere a la celebraci&oacute;n del D&iacute;a Internacional de la Mujer 2024 con un programa de actividades con charlas, talleres y visitas a las salas temporales del MARQ, que tendr&aacute;n como protagonista a la mujer desde la perspectiva hist&oacute;rica. <\/span><\/span><\/span><\/span><\/p>\n<p style=\"margin-left:0cm; margin-right:0cm; text-align:justify\"><span style=\"font-size:11pt\"><span style=\"font-family:Calibri,sans-serif\"><span style=\"font-size:12.0pt\"><span style=\"font-family:&quot;Arial&quot;,sans-serif\">Con el lema &ldquo;<em>Invertir en las mujeres, acelerar el progreso&rdquo;<\/em>, este 8 de marzo se celebra el D&iacute;a Internacional de la Mujer y para conmemorarlo, l<\/span><\/span><span style=\"font-size:12.0pt\"><span style=\"font-family:&quot;Arial&quot;,sans-serif\">a Diputaci&oacute;n de Alicante, a trav&eacute;s de la Fundaci&oacute;n CV MARQ y su Unidad de Did&aacute;ctica, Accesibilidad, Club Llumiq y Responsabilidad Social ha dise&ntilde;ado diversas actividades. As&iacute;, los visitantes que se acerquen al MARQ el 8 de marzo podr&aacute;n conocer el papel que desempe&ntilde;aron las mujeres a lo largo de la historia, a trav&eacute;s de un <strong>QR interactivo<\/strong> con preguntas que les llevar&aacute; a recorrer las diferentes salas de la colecci&oacute;n permanente del Museo, centr&aacute;ndose en el papel de la mujer a lo largo de la historia.&nbsp;&nbsp;<\/span><\/span><\/span><\/span><\/p>\n<p style=\"margin-left:0cm; margin-right:0cm; text-align:justify\"><span style=\"font-size:11pt\"><span style=\"font-family:Calibri,sans-serif\"><a name=\"_Hlk160097321\"><span style=\"font-size:12.0pt\"><span style=\"font-family:&quot;Arial&quot;,sans-serif\">Los d&iacute;as con programaci&oacute;n espec&iacute;fica son el 5, 6, 7, 8 y 10 de marzo. El primero de ellos, el 5 de marzo, e<\/span><\/span><\/a><span style=\"font-size:12.0pt\"><span style=\"font-family:&quot;Arial&quot;,sans-serif\">n el Hospital General de Alicante y dentro del proyecto <strong><em>Un Hospital de cuento<\/em><\/strong> que se lleva a cabo con la Unidad Pedag&oacute;gica Hospitalaria del Hospital General Universitario de Alicante Doctor Balmis para los ni&ntilde;os hospitalizados, se realizar&aacute; el taller <\/span><\/span><strong><em><span style=\"font-size:12.0pt\"><span style=\"font-family:&quot;Arial&quot;,sans-serif\">El Talento de OCU<\/span><\/span><\/em><\/strong><span style=\"font-size:12.0pt\"><span style=\"font-family:&quot;Arial&quot;,sans-serif\">. Una actividad con la que dar a conocer c&oacute;mo ser&iacute;a la vida cotidiana en la Prehistoria y cuyo objetivo es fomentar los valores sobre el trabajo femenino y la importancia que ha tenido la mujer en el desarrollo de nuestras sociedades. <\/span><\/span><\/span><\/span><\/p>\n<p style=\"margin-left:0cm; margin-right:0cm; text-align:justify\"><span style=\"font-size:11pt\"><span style=\"font-family:Calibri,sans-serif\"><span style=\"font-size:12.0pt\"><span style=\"font-family:&quot;Arial&quot;,sans-serif\">El d&iacute;a 6 de marzo y en el Centro Penitenciario Fontcalent de Alicante, tendr&aacute; lugar la <em>Charla sobre los legados del MARQ, <\/em><\/span><\/span><span style=\"font-size:12.0pt\"><span style=\"font-family:&quot;Arial&quot;,sans-serif\">con la que presentaremos el registro material que se expone en las colecciones permanentes del Museo relacionado con el papel social de la mujer. Esta actividad se enmarca dentro del proyecto <strong><em>Regresar con una nueva Historia<\/em> <\/strong>que se imparte en <strong>el Centro Penitenciario de Alicante. <\/strong><\/span><\/span><\/span><\/span><\/p>\n<p style=\"margin-left:0cm; margin-right:0cm; text-align:justify\"><span style=\"font-size:11pt\"><span style=\"font-family:Calibri,sans-serif\"><span style=\"font-size:12.0pt\"><span style=\"font-family:&quot;Arial&quot;,sans-serif\">El jueves 7 de marzo, en el Centro de Formaci&oacute;n de APSA-Alicante y dentro del proyecto <strong><em>Historia sin barreras MARQ-APSA<\/em><\/strong>, se ha programado la c<\/span><\/span><span style=\"font-size:12.0pt\"><span style=\"font-family:&quot;Arial&quot;,sans-serif\">harla <strong><em>La<\/em><\/strong><\/span><\/span><strong><em><span style=\"font-size:12.0pt\"><span style=\"font-family:&quot;Arial&quot;,sans-serif\"> mujer en &eacute;poca romana<\/span><\/span><\/em><\/strong><span style=\"font-size:12.0pt\"><span style=\"font-family:&quot;Arial&quot;,sans-serif\">, en la que<\/span><\/span><span style=\"font-size:12.0pt\"><span style=\"font-family:&quot;Arial&quot;,sans-serif\"> hablaremos del papel de la mujer en la sociedad romana. <\/span><\/span><\/span><\/span><\/p>\n<p style=\"margin-left:0cm; margin-right:0cm; text-align:justify\"><span style=\"font-size:11pt\"><span style=\"font-family:Calibri,sans-serif\"><span style=\"font-size:12.0pt\"><span style=\"font-family:&quot;Arial&quot;,sans-serif\">El <\/span><\/span><span style=\"font-size:12.0pt\"><span style=\"font-family:&quot;Arial&quot;,sans-serif\">8 de marzo en el MARQ, est&aacute; prevista la charla <strong><em>Tras los velos de la Historia: Las grandes monarcas del pasado<\/em><\/strong>, donde haremos un peque&ntilde;o recorrido por algunas de las reinas m&aacute;s importantes de la historia. Una <\/span><\/span><span style=\"font-size:12.0pt\"><span style=\"font-family:&quot;Arial&quot;,sans-serif\">actividad que tendr&aacute; lugar en la Sala de Juntas del MARQ, dentro del proyecto <strong>MARQ + 65<\/strong> que llevamos a cabo con Aulas de la Tercera Edad (ASAUTE) de Alicante. <\/span><\/span><\/span><\/span><\/p>\n<p style=\"margin-left:0cm; margin-right:0cm; text-align:justify\"><span style=\"font-size:11pt\"><span style=\"font-family:Calibri,sans-serif\"><span style=\"font-size:12.0pt\"><span style=\"font-family:&quot;Arial&quot;,sans-serif\">Y ese mismo d&iacute;a, en el Yacimiento de La Illeta dels Banyets en El Campello, <\/span><\/span><strong><em><span style=\"font-size:12.0pt\"><span style=\"font-family:&quot;Arial&quot;,sans-serif\">Descubriendo a nuestros antepasados<\/span><\/span><\/em><\/strong><span style=\"font-size:12.0pt\"><span style=\"font-family:&quot;Arial&quot;,sans-serif\">. Actividad consistente en un taller de excavaci&oacute;n para escolares. Los participantes conocer&aacute;n tambi&eacute;n el papel de la arqueolog&iacute;a en los estudios de g&eacute;nero. Ser&aacute; necesaria la c<\/span><\/span><span style=\"font-size:12.0pt\"><span style=\"font-family:&quot;Arial&quot;,sans-serif\">oncertaci&oacute;n previa de la visita. <\/span><\/span><\/span><\/span><\/p>\n<p style=\"margin-left:0cm; margin-right:0cm; text-align:justify\"><span style=\"font-size:11pt\"><span style=\"font-family:Calibri,sans-serif\"><span style=\"font-size:12.0pt\"><span style=\"font-family:&quot;Arial&quot;,sans-serif\">Para finalizar el domingo 10 de marzo con una visita animada a la sala de Prehistoria y un taller sobre pintura rupestre, en la que los participantes podr&aacute;n conocer c&oacute;mo era la vida cotidiana en la Prehistoria con Cavernus. Durante la actividad mostraremos la importancia que la mujer ha tenido en el desarrollo de nuestras sociedades y finalizaremos con el taller did&aacute;ctico sobre pintura rupestre. <\/span><\/span><span style=\"font-size:12.0pt\"><span style=\"font-family:&quot;Arial&quot;,sans-serif\">&nbsp;Una a<\/span><\/span><span style=\"font-size:12.0pt\"><span style=\"font-family:&quot;Arial&quot;,sans-serif\">ctividad gratuita destinada a familias con menores de entre 5 y 10 a&ntilde;os. <\/span><\/span><span style=\"font-size:12.0pt\"><span style=\"font-family:&quot;Arial&quot;,sans-serif\">La inscripci&oacute;n se realizar&aacute; telef&oacute;nicamente y en las taquillas del MARQ. <\/span><\/span><\/span><\/span><\/p>\n<p style=\"margin-left:0cm; margin-right:0cm; text-align:justify\"><span style=\"font-size:11pt\"><span style=\"font-family:Calibri,sans-serif\"><span style=\"font-size:12.0pt\"><span style=\"font-family:&quot;Arial&quot;,sans-serif\">Disponible toda la informaci&oacute;n en: <\/span><\/span><a href=\"https:\/\/www.marqalicante.com\/Paginas\/es\/D%C3%8DA-INTERNACIONAL-DE-LA-MUJER-2024-P786-M1.html\" target=\"_blank\" rel=\"noopener\">MARQ &#8211; D&Iacute;A INTERNACIONAL DE LA MUJER 2024 (marqalicante.com)<\/a><\/span><\/span><\/p>\n<p style=\"margin-left:0cm; margin-right:0cm; text-align:justify\">&nbsp;<\/p>\n","protected":false},"excerpt":{"rendered":"<p>&nbsp; La Fundaci&oacute;n CV MARQ se adhiere a la celebraci&oacute;n del D&iacute;a Internacional de la<span class=\"excerpt-hellip\"> [\u2026]<\/span><\/p>\n","protected":false},"author":3,"featured_media":0,"comment_status":"open","ping_status":"open","sticky":false,"template":"","format":"standard","meta":{"kia_subtitle":"","footnotes":""},"categories":[],"tags":[],"class_list":["post-34724","post","type-post","status-publish","format-standard","hentry"],"meta_box":[],"_links":{"self":[{"href":"https:\/\/marqalicante-admin.qwair.com\/es\/wp-json\/wp\/v2\/posts\/34724","targetHints":{"allow":["GET"]}}],"collection":[{"href":"https:\/\/marqalicante-admin.qwair.com\/es\/wp-json\/wp\/v2\/posts"}],"about":[{"href":"https:\/\/marqalicante-admin.qwair.com\/es\/wp-json\/wp\/v2\/types\/post"}],"author":[{"embeddable":true,"href":"https:\/\/marqalicante-admin.qwair.com\/es\/wp-json\/wp\/v2\/users\/3"}],"replies":[{"embeddable":true,"href":"https:\/\/marqalicante-admin.qwair.com\/es\/wp-json\/wp\/v2\/comments?post=34724"}],"version-history":[{"count":0,"href":"https:\/\/marqalicante-admin.qwair.com\/es\/wp-json\/wp\/v2\/posts\/34724\/revisions"}],"wp:attachment":[{"href":"https:\/\/marqalicante-admin.qwair.com\/es\/wp-json\/wp\/v2\/media?parent=34724"}],"wp:term":[{"taxonomy":"category","embeddable":true,"href":"https:\/\/marqalicante-admin.qwair.com\/es\/wp-json\/wp\/v2\/categories?post=34724"},{"taxonomy":"post_tag","embeddable":true,"href":"https:\/\/marqalicante-admin.qwair.com\/es\/wp-json\/wp\/v2\/tags?post=34724"}],"curies":[{"name":"wp","href":"https:\/\/api.w.org\/{rel}","templated":true}]}}