{"id":34632,"date":"2023-03-17T08:28:00","date_gmt":"2023-03-17T08:28:00","guid":{"rendered":"https:\/\/marqalicante-admin.qwair.com\/2023\/03\/17\/un-flashmob-y-talleres-didacticos-centran-las-actividades-para-conmemorar-en-el-marq-el-dia-mundial-del-sindrome-down\/"},"modified":"2023-03-17T08:28:00","modified_gmt":"2023-03-17T08:28:00","slug":"un-flashmob-y-talleres-didacticos-centran-las-actividades-para-conmemorar-en-el-marq-el-dia-mundial-del-sindrome-down","status":"publish","type":"post","link":"https:\/\/marqalicante-admin.qwair.com\/es\/un-flashmob-y-talleres-didacticos-centran-las-actividades-para-conmemorar-en-el-marq-el-dia-mundial-del-sindrome-down\/","title":{"rendered":"Un flashmob y talleres did\u00e1cticos centran las actividades para conmemorar en el MARQ el D\u00eda Mundial del S\u00edndrome Down"},"content":{"rendered":"<pre style=\"margin-left:0cm; margin-right:0cm; text-align:justify\"><span style=\"font-size:10pt\"><span style=\"background-color:white\"><span style=\"font-family:&quot;Courier New&quot;\"><span style=\"font-size:11.0pt\"><span style=\"font-family:&quot;Verdana&quot;,sans-serif\"><span style=\"color:black\"><img decoding=\"async\" alt=\"\" src=\"\/contenido\/genericas\/IMG_1005%20(2)(1).JPG\" style=\"height:375px; width:500px\" \/><\/span><\/span><\/span><\/span><\/span><\/span><\/pre>\n<p style=\"margin-left:0cm; margin-right:0cm; text-align:justify\"><span style=\"font-size:12pt\"><span style=\"font-family:LTAroma\"><span style=\"font-size:11.0pt\"><span style=\"font-family:&quot;Verdana&quot;,sans-serif\">Un a&ntilde;o m&aacute;s, el MARQ llevar&aacute; a cabo una programaci&oacute;n especial de actividades que, en esta ocasi&oacute;n, incluye una actuaci&oacute;n de baile basada en el tema <em>Fleur East<\/em> de la artista <strong>Sax<\/strong>. Los jardines del museo acoger&aacute;n esta coreograf&iacute;a realizada por el grupo de j&oacute;venes que participan en el <strong>Programa de Danza y Movimiento de Down Alicante<\/strong>. Al t&eacute;rmino del <em>flashmob<\/em>, la <strong>Unidad de Did&aacute;ctica y Accesibilidad de la Fundaci&oacute;n CV MARQ<\/strong> organizar&aacute; diferentes talleres para todos los asistentes.&nbsp; <\/span><\/span><\/span><\/span><\/p>\n<p style=\"margin-left:0cm; margin-right:0cm; text-align:justify\"><span style=\"font-size:12pt\"><span style=\"font-family:&quot;Times New Roman&quot;,serif\"><span style=\"font-size:11.0pt\"><span style=\"font-family:&quot;Verdana&quot;,sans-serif\">La Fundaci&oacute;n CV MARQ colabora en la celebraci&oacute;n de este d&iacute;a con la <strong>Asociaci&oacute;n Down Alicante<\/strong>, con la que mantiene un convenio de colaboraci&oacute;n desde hace diez a&ntilde;os. Esta asociaci&oacute;n fue creada en 1996 por un grupo de padres y madres dispuestos a mejorar el futuro de las personas con S&iacute;ndrome de Down. <\/span><\/span><\/span><\/span><\/p>\n<p style=\"margin-left:0cm; margin-right:0cm; text-align:justify\"><span style=\"font-size:12pt\"><span style=\"font-family:LTAroma\"><span style=\"color:black\"><strong><span style=\"font-size:11.0pt\"><span style=\"font-family:&quot;Verdana&quot;,sans-serif\">D&iacute;a Mundial del S&iacute;ndrome de Down<\/span><\/span><\/strong><\/span><\/span><\/span><\/p>\n<p style=\"margin-left:0cm; margin-right:0cm; text-align:justify\"><span style=\"font-size:12pt\"><span style=\"font-family:&quot;Times New Roman&quot;,serif\"><span style=\"font-size:11.0pt\"><span style=\"font-family:&quot;Verdana&quot;,sans-serif\">La Asamblea General de la ONU design&oacute; el 21 de marzo como D&iacute;a Mundial del S&iacute;ndrome de Down con el objetivo de aumentar la conciencia p&uacute;blica y recordar la <strong>dignidad inherente, val&iacute;a y valiosas contribuciones de las personas con discapacidad intelectual como promotores del bienestar y de la diversidad de sus comunidades<\/strong>, adem&aacute;s de resaltar la importancia de su autonom&iacute;a e independencia individual, en particular la libertad de tomar sus propias decisiones.<\/span><\/span><\/span><\/span><\/p>\n","protected":false},"excerpt":{"rendered":"<p>Un a&ntilde;o m&aacute;s, el MARQ llevar&aacute; a cabo una programaci&oacute;n especial de actividades que, en<span class=\"excerpt-hellip\"> [\u2026]<\/span><\/p>\n","protected":false},"author":3,"featured_media":0,"comment_status":"open","ping_status":"open","sticky":false,"template":"","format":"standard","meta":{"kia_subtitle":"","footnotes":""},"categories":[],"tags":[],"class_list":["post-34632","post","type-post","status-publish","format-standard","hentry"],"meta_box":[],"_links":{"self":[{"href":"https:\/\/marqalicante-admin.qwair.com\/es\/wp-json\/wp\/v2\/posts\/34632","targetHints":{"allow":["GET"]}}],"collection":[{"href":"https:\/\/marqalicante-admin.qwair.com\/es\/wp-json\/wp\/v2\/posts"}],"about":[{"href":"https:\/\/marqalicante-admin.qwair.com\/es\/wp-json\/wp\/v2\/types\/post"}],"author":[{"embeddable":true,"href":"https:\/\/marqalicante-admin.qwair.com\/es\/wp-json\/wp\/v2\/users\/3"}],"replies":[{"embeddable":true,"href":"https:\/\/marqalicante-admin.qwair.com\/es\/wp-json\/wp\/v2\/comments?post=34632"}],"version-history":[{"count":0,"href":"https:\/\/marqalicante-admin.qwair.com\/es\/wp-json\/wp\/v2\/posts\/34632\/revisions"}],"wp:attachment":[{"href":"https:\/\/marqalicante-admin.qwair.com\/es\/wp-json\/wp\/v2\/media?parent=34632"}],"wp:term":[{"taxonomy":"category","embeddable":true,"href":"https:\/\/marqalicante-admin.qwair.com\/es\/wp-json\/wp\/v2\/categories?post=34632"},{"taxonomy":"post_tag","embeddable":true,"href":"https:\/\/marqalicante-admin.qwair.com\/es\/wp-json\/wp\/v2\/tags?post=34632"}],"curies":[{"name":"wp","href":"https:\/\/api.w.org\/{rel}","templated":true}]}}