{"id":34628,"date":"2023-03-08T15:37:00","date_gmt":"2023-03-08T15:37:00","guid":{"rendered":"https:\/\/marqalicante-admin.qwair.com\/2023\/03\/08\/la-mujer-y-la-arqueologia-centran-las-actividades-de-la-fundacion-cv-marq-para-conmemorar-el-dia-internacional-de-la-mujer\/"},"modified":"2023-03-08T15:37:00","modified_gmt":"2023-03-08T15:37:00","slug":"la-mujer-y-la-arqueologia-centran-las-actividades-de-la-fundacion-cv-marq-para-conmemorar-el-dia-internacional-de-la-mujer","status":"publish","type":"post","link":"https:\/\/marqalicante-admin.qwair.com\/es\/la-mujer-y-la-arqueologia-centran-las-actividades-de-la-fundacion-cv-marq-para-conmemorar-el-dia-internacional-de-la-mujer\/","title":{"rendered":"La mujer y la arqueolog\u00eda centran las actividades de la Fundaci\u00f3n CV MARQ para conmemorar el D\u00eda Internacional de la Mujer"},"content":{"rendered":"<p style=\"margin-left:0cm; margin-right:0cm; text-align:center\"><img decoding=\"async\" alt=\"\" src=\"\/contenido\/genericas\/IMG_1005%20(2).JPG\" style=\"height:375px; width:500px\" \/><\/p>\n<p style=\"margin-left:0cm; margin-right:0cm; text-align:justify\"><span style=\"font-size:11pt\"><span style=\"font-family:Calibri,sans-serif\"><span style=\"font-family:&quot;Verdana&quot;,sans-serif\">La Fundaci&oacute;n CV MARQ se adhiere a la celebraci&oacute;n del D&iacute;a Internacional de la Mujer con un programa de actividades que tiene como protagonista a la mujer desde una perspectiva hist&oacute;rica. <\/span><\/span><\/span><\/p>\n<p style=\"margin-left:0cm; margin-right:0cm; text-align:justify\"><span style=\"font-size:11pt\"><span style=\"font-family:Calibri,sans-serif\"><span style=\"font-family:&quot;Verdana&quot;,sans-serif\">Los visitantes que se acerquen al MARQ los d&iacute;as 8 y 11 de marzo podr&aacute;n conocer el papel que desempe&ntilde;aron las mujeres a lo largo de la historia, se desterrar&aacute;n mitos relacionados en la construcci&oacute;n hist&oacute;rica y de la sociedad a trav&eacute;s de un <strong>QR interactivo<\/strong> con preguntas que les llevar&aacute;n a recorrer las diferentes salas de la colecci&oacute;n permanente del Museo, centradas siempre en la figura de la mujer. Adem&aacute;s, l<\/span><span style=\"font-family:&quot;Verdana&quot;,sans-serif\">a p&aacute;gina web del MARQ acoger&aacute; la colecci&oacute;n &ldquo;<em>La Arqueolog&iacute;a en femenino<\/em>&rdquo; con el objetivo de visibilizar a las mujeres en la arqueolog&iacute;a. <\/span><\/span><\/span><\/p>\n<p style=\"margin-left:0cm; margin-right:0cm; text-align:justify\"><span style=\"font-size:11pt\"><span style=\"font-family:Calibri,sans-serif\"><span style=\"font-family:&quot;Verdana&quot;,sans-serif\">Para el d&iacute;a de la celebraci&oacute;n, el 8 de marzo y organizado <\/span><span style=\"font-family:&quot;Verdana&quot;,sans-serif\">por la Unidad de Did&aacute;ctica y Accesibilidad de la Fundaci&oacute;n CV MARQ, se ha organizado de 10 a 12 horas el taller <\/span><em><span style=\"font-family:&quot;Verdana&quot;,sans-serif\">&ldquo;El Talento de OCU&rdquo;; <\/span><\/em><span style=\"font-family:&quot;Verdana&quot;,sans-serif\">para un p&uacute;blico infantil y donde los menores<\/span><span style=\"font-family:&quot;Verdana&quot;,sans-serif\"> podr&aacute;n conocer c&oacute;mo ser&iacute;a la vida cotidiana en la Prehistoria. Uno de los objetivos de este taller es fomentar los valores sobre el trabajo femenino y la importancia que la mujer ha tenido en el desarrollo de nuestras sociedades.<\/span><\/span><\/span><\/p>\n<p style=\"margin-left:0cm; margin-right:0cm; text-align:justify\"><span style=\"font-size:11pt\"><span style=\"font-family:Calibri,sans-serif\"><strong><span style=\"font-size:14.0pt\"><span style=\"font-family:&quot;Arial&quot;,sans-serif\">D&iacute;a Internacional de la Mujer<\/span><\/span><\/strong><\/span><\/span><\/p>\n<p style=\"margin-left:0cm; margin-right:0cm; text-align:justify\"><span style=\"font-size:11pt\"><span style=\"font-family:Calibri,sans-serif\"><span style=\"font-family:&quot;Verdana&quot;,sans-serif\">A partir de las 11 horas se celebrar&aacute; el taller-homenaje a <strong>Solveig Nordstr&ouml;m<\/strong>&nbsp;<em>Cer&aacute;mica &iacute;bera<\/em>, en el que se realizar&aacute; la decoraci&oacute;n de la cer&aacute;mica &iacute;bera con borde dentado que figura en la Sala de &Iacute;beros del Museo, procedente del yacimiento ib&eacute;rico de la Escuera (San Fulgencio, Alicante) y que fue descubierta por esta arque&oacute;loga sueca amiga del MARQ. Esta actividad se desarrollar&aacute; dentro del proyecto &ldquo;Un Hospital de cuento&rdquo; que la Fundaci&oacute;n CV MARQ realiza con la Unidad Pedag&oacute;gica Hospitalaria del Hospital General Universitario de Alicante Doctor Balmis. <\/span><\/span><\/span><\/p>\n<p style=\"margin-left:0cm; margin-right:0cm; text-align:justify\"><span style=\"font-size:11pt\"><span style=\"font-family:Calibri,sans-serif\"><span style=\"font-family:&quot;Verdana&quot;,sans-serif\">La jornada se cierra en el MARQ con una visita guiada a la <strong>Sala de Cultura Romana<\/strong> del museo donde se les mostrar&aacute; el papel de la mujer en la sociedad romana. <\/span><\/span><\/span><\/p>\n<p style=\"margin-left:0cm; margin-right:0cm; text-align:justify\"><span style=\"font-size:11pt\"><span style=\"font-family:Calibri,sans-serif\"><span style=\"font-family:&quot;Verdana&quot;,sans-serif\">En el yacimiento de <strong>Lucentum <\/strong>de <\/span><span style=\"font-family:&quot;Verdana&quot;,sans-serif\">10.00 a 12.00 horas est&aacute; previsto el talle<\/span><span style=\"font-family:&quot;Verdana&quot;,sans-serif\">r de excavaci&oacute;n para escolares<em> &ldquo;Descubriendo nuestros antepasados&rdquo;<\/em>, en el que los participantes conocer&aacute;n el papel de la Arqueolog&iacute;a en los estudios de g&eacute;nero. <\/span><\/span><\/span><\/p>\n<p style=\"margin-left:0cm; margin-right:0cm; text-align:justify\"><span style=\"font-size:11pt\"><span style=\"font-family:Calibri,sans-serif\"><span style=\"font-family:&quot;Verdana&quot;,sans-serif\">Las actividades finalizar&aacute;n el s&aacute;bado 11 de marzo, con la visita de <\/span><span style=\"font-family:&quot;Verdana&quot;,sans-serif\">17:30 a 19:00 horas a la sala de Cultura Romana del museo con el taller &ldquo;<em>La historia de Pyraltide&rdquo;<\/em>, en el que descubrir a esta mujer que vivi&oacute; en Lucentum. <\/span><\/span><\/span><\/p>\n<p style=\"margin-left:0cm; margin-right:0cm; text-align:justify\"><span style=\"font-size:11pt\"><span style=\"font-family:Calibri,sans-serif\"><span style=\"font-family:&quot;Verdana&quot;,sans-serif\">Seguiremos la actividad con un taller sobre frescos romanos y la Caja Misteriosa&hellip; &iquest;Conseguir&aacute;n nuestros participantes descifrar el misterio? <\/span><em><span style=\"font-family:&quot;Verdana&quot;,sans-serif\">Taller destinado a ni&ntilde;os\/as de entre 6 a 10 a&ntilde;os.<\/span><\/em><\/span><\/span><\/p>\n<p style=\"margin-left:0cm; margin-right:0cm; text-align:justify\"><span style=\"font-size:11pt\"><span style=\"font-family:Calibri,sans-serif\"><span style=\"font-family:&quot;Verdana&quot;,sans-serif\">Para participar en las actividades es necesario realizar una inscripci&oacute;n previa en el tel&eacute;fono 965 149 000 o en las taquillas del MARQ.<\/span><\/span><\/span><\/p>\n<p style=\"margin-left:0cm; margin-right:0cm; text-align:justify\">&nbsp;<\/p>\n<p style=\"margin-left:0cm; margin-right:0cm; text-align:justify\">&nbsp;<\/p>\n<p style=\"margin-left:0cm; margin-right:0cm; text-align:justify\">&nbsp;<\/p>\n","protected":false},"excerpt":{"rendered":"<p>La Fundaci&oacute;n CV MARQ se adhiere a la celebraci&oacute;n del D&iacute;a Internacional de la Mujer<span class=\"excerpt-hellip\"> [\u2026]<\/span><\/p>\n","protected":false},"author":3,"featured_media":0,"comment_status":"open","ping_status":"open","sticky":false,"template":"","format":"standard","meta":{"kia_subtitle":"","footnotes":""},"categories":[],"tags":[],"class_list":["post-34628","post","type-post","status-publish","format-standard","hentry"],"meta_box":[],"_links":{"self":[{"href":"https:\/\/marqalicante-admin.qwair.com\/es\/wp-json\/wp\/v2\/posts\/34628","targetHints":{"allow":["GET"]}}],"collection":[{"href":"https:\/\/marqalicante-admin.qwair.com\/es\/wp-json\/wp\/v2\/posts"}],"about":[{"href":"https:\/\/marqalicante-admin.qwair.com\/es\/wp-json\/wp\/v2\/types\/post"}],"author":[{"embeddable":true,"href":"https:\/\/marqalicante-admin.qwair.com\/es\/wp-json\/wp\/v2\/users\/3"}],"replies":[{"embeddable":true,"href":"https:\/\/marqalicante-admin.qwair.com\/es\/wp-json\/wp\/v2\/comments?post=34628"}],"version-history":[{"count":0,"href":"https:\/\/marqalicante-admin.qwair.com\/es\/wp-json\/wp\/v2\/posts\/34628\/revisions"}],"wp:attachment":[{"href":"https:\/\/marqalicante-admin.qwair.com\/es\/wp-json\/wp\/v2\/media?parent=34628"}],"wp:term":[{"taxonomy":"category","embeddable":true,"href":"https:\/\/marqalicante-admin.qwair.com\/es\/wp-json\/wp\/v2\/categories?post=34628"},{"taxonomy":"post_tag","embeddable":true,"href":"https:\/\/marqalicante-admin.qwair.com\/es\/wp-json\/wp\/v2\/tags?post=34628"}],"curies":[{"name":"wp","href":"https:\/\/api.w.org\/{rel}","templated":true}]}}