{"id":34570,"date":"2022-06-15T08:04:00","date_gmt":"2022-06-15T08:04:00","guid":{"rendered":"https:\/\/marqalicante-admin.qwair.com\/2022\/06\/15\/empower-y-fundacion-ico-replican-en-espana-una-metodologia-orientada-a-garantizar-el-acceso-y-la-participacion-de-las-personas-con-autismo-a-la-vida-cultural\/"},"modified":"2022-06-15T08:04:00","modified_gmt":"2022-06-15T08:04:00","slug":"empower-y-fundacion-ico-replican-en-espana-una-metodologia-orientada-a-garantizar-el-acceso-y-la-participacion-de-las-personas-con-autismo-a-la-vida-cultural","status":"publish","type":"post","link":"https:\/\/marqalicante-admin.qwair.com\/es\/empower-y-fundacion-ico-replican-en-espana-una-metodologia-orientada-a-garantizar-el-acceso-y-la-participacion-de-las-personas-con-autismo-a-la-vida-cultural\/","title":{"rendered":"EMPOWER y Fundaci\u00f3n ICO replican en Espa\u00f1a una metodolog\u00eda orientada a garantizar el acceso y la participaci\u00f3n de las personas con autismo a la vida cultural."},"content":{"rendered":"<p style=\"margin-left:0cm; margin-right:0cm; text-align:center\"><img decoding=\"async\" alt=\"cr\u00e9ditos Mercedes Herr\u00e1n.\" src=\"\/contenido\/genericas\/foto%20empower.jpg\" style=\"height:333px; width:500px\" \/><\/p>\n<p style=\"margin-left:0cm; margin-right:0cm\"><span style=\"font-size:11pt\"><span style=\"font-family:Calibri,sans-serif\">cr&eacute;ditos Mercedes Herr&aacute;n.<\/span><\/span><\/p>\n<p style=\"margin-left:0cm; margin-right:0cm\"><span style=\"background-color:white; font-family:Arial,sans-serif; font-size:12pt; text-align:justify\">La organizaci&oacute;n EMPOWER traslada su modelo de pr&aacute;ctica, con la poblaci&oacute;n con autismo, para que participen y disfruten de la cultura, a la Fundaci&oacute;n C.V. MARQ y con ella al Museo Arqueol&oacute;gico Provincial de Alicante, a trav&eacute;s de la Red Empower.<\/span><\/p>\n<p style=\"margin-left:0cm; margin-right:0cm; text-align:justify\"><span style=\"font-size:11pt\"><span style=\"background-color:white\"><span style=\"font-family:Calibri,sans-serif\"><span style=\"font-size:12.0pt\"><span style=\"font-family:&quot;Arial&quot;,sans-serif\"><span style=\"color:black\">EMPOWER, en el marco de su colaboraci&oacute;n con la Fundaci&oacute;n ICO\/Museo ICO ha hecho extensivo, a otras instituciones culturales, su programa de actividades para familias con hijos e hijas con diferentes tipos y niveles de afectaci&oacute;n de autismo, entre los 5 y los 12 a&ntilde;os.&nbsp;El programa busca facilitar herramientas a las familias para que puedan acceder con sus hijos, de forma aut&oacute;noma, a la vida cultural.<\/span><\/span><\/span><\/span><\/span><\/span><\/p>\n<p style=\"margin-left:0cm; margin-right:0cm; text-align:justify\"><span style=\"font-size:11pt\"><span style=\"background-color:white\"><span style=\"font-family:Calibri,sans-serif\"><span style=\"font-size:12.0pt\"><span style=\"font-family:&quot;Arial&quot;,sans-serif\"><span style=\"color:black\">La experiencia adquirida desde el inicio del programa en 2013 y la metodolog&iacute;a implementada por EMPOWER en el Museo ICO servir&aacute; para ampliar las oportunidades y la oferta cultural contribuyendo a crear una red m&aacute;s amplia de espacios culturales y muse&iacute;sticos no excluyentes en toda Espa&ntilde;a.<\/span><\/span><\/span><\/span><\/span><\/span><\/p>\n<p style=\"margin-left:0cm; margin-right:0cm; text-align:justify\"><span style=\"font-size:11pt\"><span style=\"background-color:white\"><span style=\"font-family:Calibri,sans-serif\"><span style=\"font-size:12.0pt\"><span style=\"font-family:&quot;Arial&quot;,sans-serif\"><span style=\"color:black\">En total 32 familias han participado en las actividades educativas programadas por la Red Empower a lo largo del a&ntilde;o, de las cuales 12 han asistido a las visitas y sesiones del Museo ICO y otras 18 han formado parte de las organizadas en los nuevos centros incorporados a la red. Desde el lanzamiento de esta iniciativa, en 2013, ya han disfrutado de esta iniciativa m&aacute;s de 100 familias en instituciones culturales de toda Espa&ntilde;a.<\/span><\/span><\/span><\/span><\/span><\/span><\/p>\n<p style=\"margin-left:0cm; margin-right:0cm; text-align:justify\">&nbsp;<\/p>\n<p style=\"margin-left:0cm; margin-right:0cm; text-align:justify\"><span style=\"font-size:11pt\"><span style=\"background-color:white\"><span style=\"font-family:Calibri,sans-serif\"><strong><span style=\"font-size:12.0pt\"><span style=\"font-family:&quot;Arial&quot;,sans-serif\"><span style=\"color:black\">Empoderamiento profesional e institucional<\/span><\/span><\/span><\/strong><\/span><\/span><\/span><\/p>\n<p style=\"margin-left:0cm; margin-right:0cm; text-align:justify\"><span style=\"font-size:11pt\"><span style=\"background-color:white\"><span style=\"font-family:Calibri,sans-serif\"><span style=\"font-size:12.0pt\"><span style=\"font-family:&quot;Arial&quot;,sans-serif\"><span style=\"color:black\">El programa de transferencia metodol&oacute;gica cuenta, adem&aacute;s, con una l&iacute;nea de trabajo denominada &ldquo;Aprendizajes&rdquo;, orientada a la investigaci&oacute;n y empoderamiento de los profesionales del &aacute;mbito cultural. Consiste en la configuraci&oacute;n de un espacio de encuentro para compartir y reflexionar en torno a pr&aacute;cticas no excluyentes en los espacios culturales, a trav&eacute;s de la revisi&oacute;n de pr&aacute;cticas de las instituciones participantes. En este espacio colabora la red de organizaciones de personas con discapacidad intelectual, Plena Inclusi&oacute;n Madrid y la Universidad Aut&oacute;noma de Madrid.<\/span><\/span><\/span><\/span><\/span><\/span><\/p>\n<p style=\"margin-left:0cm; margin-right:0cm; text-align:justify\"><span style=\"font-size:11pt\"><span style=\"background-color:white\"><span style=\"font-family:Calibri,sans-serif\"><span style=\"font-size:12.0pt\"><span style=\"font-family:&quot;Arial&quot;,sans-serif\"><span style=\"color:black\">A lo largo del a&ntilde;o, m&aacute;s de 50 profesionales (gestores, personal de museos, equipos de educaci&oacute;n y mediaci&oacute;n) han participado en el programa de formaci&oacute;n, concebidas para crear espacios culturales m&aacute;s humanizados y accesibles.<\/span><\/span><\/span><\/span><\/span><\/span><\/p>\n<p style=\"margin-left:0cm; margin-right:0cm; text-align:justify\"><span style=\"font-size:11pt\"><span style=\"background-color:white\"><span style=\"font-family:Calibri,sans-serif\"><span style=\"font-size:12.0pt\"><span style=\"font-family:&quot;Arial&quot;,sans-serif\"><span style=\"color:black\">Seg&uacute;n explica Laura Donis, fundadora Y directora de EMPOWER &ldquo;Es fundamental poder dotar de herramientas y recursos a todos los profesionales del &aacute;mbito cultural para que sean ellos quienes lideren la transformaci&oacute;n de pr&aacute;cticas est&aacute;ticas, hasta el momento, a otras menos excluyentes y m&aacute;s comprometidas socialmente&rdquo;.<\/span><\/span><\/span><\/span><\/span><\/span><\/p>\n<p style=\"margin-left:0cm; margin-right:0cm; text-align:justify\"><span style=\"font-size:11pt\"><span style=\"background-color:white\"><span style=\"font-family:Calibri,sans-serif\"><strong><span style=\"font-size:12.0pt\"><span style=\"font-family:&quot;Arial&quot;,sans-serif\"><span style=\"color:black\">Un proyecto din&aacute;mico con visi&oacute;n de futuro<\/span><\/span><\/span><\/strong><\/span><\/span><\/span><\/p>\n<p style=\"margin-left:0cm; margin-right:0cm; text-align:justify\"><span style=\"font-size:11pt\"><span style=\"background-color:white\"><span style=\"font-family:Calibri,sans-serif\"><span style=\"font-size:12.0pt\"><span style=\"font-family:&quot;Arial&quot;,sans-serif\"><span style=\"color:black\">Empower Parents se inici&oacute; en 2013, a partir de una experiencia llevada a cabo en el <em>Queens Museum<\/em> de Nueva York, y de la mano de Fundaci&oacute;n ICO, gracias a un premio concedido por la <em>American Alliance of Museums<\/em> dentro del programa Museums Connect, dependiente del Departamento de Estado de los Estados Unidos de Am&eacute;rica. <\/span><\/span><\/span><\/span><\/span><\/span><\/p>\n<p style=\"margin-left:0cm; margin-right:0cm; text-align:justify\"><span style=\"font-size:11pt\"><span style=\"background-color:white\"><span style=\"font-family:Calibri,sans-serif\"><span style=\"font-size:12.0pt\"><span style=\"font-family:&quot;Arial&quot;,sans-serif\"><span style=\"color:black\">En 2015, Empower Parents fue incluido en el Plan Nacional Museos + Sociales del Ministerio de Educaci&oacute;n, Cultura y Deporte del gobierno de Espa&ntilde;a que tiene como misi&oacute;n conseguir que las instituciones muse&iacute;sticas se adapten a las realidades sociales actuales. <\/span><\/span><\/span><\/span><\/span><\/span><\/p>\n<p style=\"margin-left:0cm; margin-right:0cm; text-align:justify\"><span style=\"font-size:11pt\"><span style=\"background-color:white\"><span style=\"font-family:Calibri,sans-serif\"><span style=\"font-size:12.0pt\"><span style=\"font-family:&quot;Arial&quot;,sans-serif\"><span style=\"color:black\">Adem&aacute;s, en 2017, el programa fue reconocido como uno de los tres proyectos m&aacute;s innovadores e integradores de las industrias culturales europeas en los <em>NICE Awards <\/em>2017, <em>Network for Innovations in Culture and Creativity in Europe<\/em>, organizado por el <em>European Centre for Creative Economy<\/em> (ECCE). <\/span><\/span><\/span><\/span><\/span><\/span><\/p>\n<p style=\"margin-left:0cm; margin-right:0cm; text-align:justify\"><span style=\"font-size:11pt\"><span style=\"font-family:Calibri,sans-serif\"><span style=\"font-size:12.0pt\"><span style=\"font-family:&quot;Arial&quot;,sans-serif\">En 2020 la alianza de EMPOWER y Fundaci&oacute;n ICO\/Museo ICO activan un programa orientado a transferir la metodolog&iacute;a y aprendizajes del programa.<\/span><\/span><\/span><\/span><\/p>\n<p style=\"margin-left:0cm; margin-right:0cm\"><span style=\"background-color:white\"><span style=\"font-size:11pt\"><span style=\"background-color:white\"><span style=\"font-family:Calibri,sans-serif\"><strong><span style=\"font-family:&quot;Arial&quot;,sans-serif\"><span style=\"color:black\">Sobre EMPOWER<\/span><\/span><\/strong><\/span><\/span><\/span><\/span><\/p>\n<p style=\"margin-left:0cm; margin-right:0cm; text-align:justify\"><span style=\"font-size:11pt\"><span style=\"font-family:Calibri,sans-serif\"><span style=\"color:blue\"><span style=\"font-family:&quot;Arial&quot;,sans-serif\"><a href=\"http:\/\/www.empower.org.es\/\" target=\"_blank\" rel=\"noopener\">EMPOWER<\/a><\/span><\/span><span style=\"font-family:&quot;Arial&quot;,sans-serif\"><span style=\"color:black\"> es una organizaci&oacute;n civil sin &aacute;nimo de lucro, creada en 2020, que trabaja en la intersecci&oacute;n de la mediaci&oacute;n cultural, las pr&aacute;cticas colaborativas y la democracia cultural, defendiendo el acceso y la participaci&oacute;n de todas las personas en la vida cultural. <\/span><\/span><\/span><\/span><\/p>\n<p style=\"margin-left:0cm; margin-right:0cm; text-align:justify\"><span style=\"font-size:11pt\"><span style=\"font-family:Calibri,sans-serif\"><span style=\"font-family:&quot;Arial&quot;,sans-serif\"><span style=\"color:black\">La organizaci&oacute;n est&aacute; formada por los profesionales y familias que desarrollan y coordinan el programa Empower Parents desde 2013, en el Museo ICO. Cuenta con un equipo especializado en procesos de mediaci&oacute;n cultural y art&iacute;stica con personas con autismo.<\/span><\/span><\/span><\/span><\/p>\n<p style=\"margin-left:0cm; margin-right:0cm; text-align:justify\"><span style=\"font-size:11pt\"><span style=\"font-family:Calibri,sans-serif\"><span style=\"font-family:&quot;Arial&quot;,sans-serif\"><span style=\"color:black\">La metodolog&iacute;a de trabajo ha sido desarrollada por Laura Donis y el equipo de EMPOWER que, desde 2013, desarrollan e investigan modelos de intervenci&oacute;n con poblaci&oacute;n con autismo. El museo se convierte as&iacute; en un laboratorio en el que experimentar nuevas pr&aacute;cticas y soportes de accesibilidad que garanticen el disfrute y la visita aut&oacute;noma de personas con autismo y sus familias.<\/span><\/span><\/span><\/span><\/p>\n<p style=\"margin-left:0cm; margin-right:0cm; text-align:justify\">&nbsp;<\/p>\n<p style=\"margin-left:0cm; margin-right:0cm; text-align:justify\">&nbsp;<\/p>\n","protected":false},"excerpt":{"rendered":"<p>cr&eacute;ditos Mercedes Herr&aacute;n. La organizaci&oacute;n EMPOWER traslada su modelo de pr&aacute;ctica, con la poblaci&oacute;n con<span class=\"excerpt-hellip\"> [\u2026]<\/span><\/p>\n","protected":false},"author":3,"featured_media":0,"comment_status":"open","ping_status":"open","sticky":false,"template":"","format":"standard","meta":{"kia_subtitle":"","footnotes":""},"categories":[],"tags":[],"class_list":["post-34570","post","type-post","status-publish","format-standard","hentry"],"meta_box":[],"_links":{"self":[{"href":"https:\/\/marqalicante-admin.qwair.com\/es\/wp-json\/wp\/v2\/posts\/34570","targetHints":{"allow":["GET"]}}],"collection":[{"href":"https:\/\/marqalicante-admin.qwair.com\/es\/wp-json\/wp\/v2\/posts"}],"about":[{"href":"https:\/\/marqalicante-admin.qwair.com\/es\/wp-json\/wp\/v2\/types\/post"}],"author":[{"embeddable":true,"href":"https:\/\/marqalicante-admin.qwair.com\/es\/wp-json\/wp\/v2\/users\/3"}],"replies":[{"embeddable":true,"href":"https:\/\/marqalicante-admin.qwair.com\/es\/wp-json\/wp\/v2\/comments?post=34570"}],"version-history":[{"count":0,"href":"https:\/\/marqalicante-admin.qwair.com\/es\/wp-json\/wp\/v2\/posts\/34570\/revisions"}],"wp:attachment":[{"href":"https:\/\/marqalicante-admin.qwair.com\/es\/wp-json\/wp\/v2\/media?parent=34570"}],"wp:term":[{"taxonomy":"category","embeddable":true,"href":"https:\/\/marqalicante-admin.qwair.com\/es\/wp-json\/wp\/v2\/categories?post=34570"},{"taxonomy":"post_tag","embeddable":true,"href":"https:\/\/marqalicante-admin.qwair.com\/es\/wp-json\/wp\/v2\/tags?post=34570"}],"curies":[{"name":"wp","href":"https:\/\/api.w.org\/{rel}","templated":true}]}}