{"id":34565,"date":"2022-05-28T13:26:00","date_gmt":"2022-05-28T13:26:00","guid":{"rendered":"https:\/\/marqalicante-admin.qwair.com\/2022\/05\/28\/associacao-portuguesa-de-museologia-otorga-cuatro-premios-a-la-muestra-idolos-miradas-milenarias\/"},"modified":"2022-05-28T13:26:00","modified_gmt":"2022-05-28T13:26:00","slug":"associacao-portuguesa-de-museologia-otorga-cuatro-premios-a-la-muestra-idolos-miradas-milenarias","status":"publish","type":"post","link":"https:\/\/marqalicante-admin.qwair.com\/es\/associacao-portuguesa-de-museologia-otorga-cuatro-premios-a-la-muestra-idolos-miradas-milenarias\/","title":{"rendered":"Associa\u00e7\u00e3o Portuguesa de Museolog\u00eda otorga cuatro premios a la muestra \u2018\u00cddolos. Miradas milenarias\u2019"},"content":{"rendered":"<p style=\"margin-left:0cm; margin-right:0cm; text-align:center\"><img decoding=\"async\" alt=\"\" src=\"\/contenido\/genericas\/Imagen.jpg\" style=\"height:250px; width:500px\" \/><\/p>\n<p style=\"margin-left:0cm; margin-right:0cm; text-align:justify\">&nbsp;<\/p>\n<p style=\"margin-left:0cm; margin-right:0cm; text-align:justify\"><span style=\"font-size:12pt\"><span style=\"font-family:&quot;Times New Roman&quot;,&quot;serif&quot;\"><span style=\"font-size:11.0pt\"><span style=\"font-family:&quot;Verdana&quot;,&quot;sans-serif&quot;\"><span style=\"color:black\">La exposici&oacute;n<\/span><\/span><\/span> <strong><span style=\"font-size:11.0pt\"><span style=\"font-family:&quot;Verdana&quot;,&quot;sans-serif&quot;\"><span style=\"color:black\">&lsquo;Idolos. Miradas Milenarias&rsquo;<\/span><\/span><\/span><\/strong><span style=\"font-size:11.0pt\"><span style=\"font-family:&quot;Verdana&quot;,&quot;sans-serif&quot;\"><span style=\"color:black\"> ha sido galardonada con los premios al <strong>Mejor trabajo de museolog&iacute;a<\/strong>, <strong>Mejor proyecto internacional<\/strong>,<strong> Mejor cat&aacute;logo<\/strong> y <strong>Mejor transporte de patrimonio de bienes culturales<\/strong>. Estos galardones otorgados por la <strong>Associa&ccedil;&atilde;o Portuguesa de Museologia (APOM) <\/strong>a los trabajos expositivos realizados en 2021.<\/span><\/span><\/span><\/span><\/span><\/p>\n<p style=\"margin-left:0cm; margin-right:0cm; text-align:justify\"><span style=\"font-size:12pt\"><span style=\"font-family:&quot;Times New Roman&quot;,&quot;serif&quot;\"><span style=\"font-size:11.0pt\"><span style=\"font-family:&quot;Verdana&quot;,&quot;sans-serif&quot;\"><span style=\"color:black\">La vicepresidenta y diputada de Cultura, <strong>Julia Parra<\/strong>, ha mostrado su satisfacci&oacute;n &ldquo;por el reconocimiento a una muestra internacional promovida desde el MARQ que comenz&oacute; su andadura en 2021, primero en Alicante y despu&eacute;s en Madrid y Lisboa, y en todos los museos donde ha estado ha cosechado un gran &eacute;xito&rdquo;. <\/span><\/span><\/span><\/span><\/span><\/p>\n<p style=\"margin-left:0cm; margin-right:0cm; text-align:justify\"><span style=\"font-size:12pt\"><span style=\"font-family:&quot;Times New Roman&quot;,&quot;serif&quot;\"><span style=\"font-size:11.0pt\"><span style=\"font-family:&quot;Verdana&quot;,&quot;sans-serif&quot;\"><span style=\"color:black\">La exposici&oacute;n premiada es una iniciativa del <strong>Museo Arqueol&oacute;gico de Alicante<\/strong> y la <strong>Fundaci&oacute;n C.V. MARQ<\/strong> que ha contado con la colaboraci&oacute;n del <strong>Museo Arqueol&oacute;gico Regional de la Comunidad de Madrid <\/strong>(MAR) y del <strong>Museo Nacional de Arqueolog&iacute;a de Portugal<\/strong> (MNA).<\/span><\/span><\/span><\/span><\/span><\/p>\n<p style=\"margin-left:0cm; margin-right:0cm; text-align:justify\"><span style=\"font-size:12pt\"><span style=\"font-family:&quot;Times New Roman&quot;,&quot;serif&quot;\"><span style=\"font-size:11.0pt\"><span style=\"font-family:&quot;Verdana&quot;,&quot;sans-serif&quot;\"><span style=\"color:black\">El fallo del certamen y la <strong>ceremonia oficial de entrega de los premios<\/strong> APOM 2022 se celebraron los pasados d&iacute;as 26 y 27 de mayo en el Museo Militar y la Academia Amadora de Lisboa, contando la gala con numerosa presencia de autoridades del pa&iacute;s luso as&iacute; como la de la embajadora espa&ntilde;ola <strong>Marta Betanzos Roig<\/strong>, qui&eacute;n adem&aacute;s recibi&oacute; el Premio a la Cooperaci&oacute;n Internacional que recay&oacute; en esta edici&oacute;n en la Embajada de Espa&ntilde;a en Portugal.<\/span><\/span><\/span><\/span><\/span><\/p>\n<p style=\"margin-left:0cm; margin-right:0cm; text-align:justify\"><span style=\"font-size:12pt\"><span style=\"font-family:&quot;Times New Roman&quot;,&quot;serif&quot;\"><strong><span style=\"font-size:11.0pt\"><span style=\"font-family:&quot;Verdana&quot;,&quot;sans-serif&quot;\"><span style=\"color:black\">&Iacute;dolos<\/span><\/span><\/span><\/strong><span style=\"font-size:11.0pt\"><span style=\"font-family:&quot;Verdana&quot;,&quot;sans-serif&quot;\"><span style=\"color:black\">, que compet&iacute;a en cinco categor&iacute;as finalmente <strong>se ha alzado con cuatro de los galardones<\/strong>. El de Transporte de Bienes Culturales ha reconocido el trabajo realizado en la recogida y devoluci&oacute;n de <strong>m&aacute;s de 250 piezas desde los 28 museos prestadores de Espa&ntilde;a y Portugal<\/strong> hasta la sede del MNA en Lisboa y el retorno posterior a cada uno de ellos.&nbsp; El Premio de mejor museograf&iacute;a ha valorado la <strong>impactante puesta en escena <\/strong>en la Sala de Exposiciones del MNA, en el antiguo Monasterio de los Jer&oacute;nimos de Bel&eacute;m. <\/span><\/span><\/span><\/span><\/span><\/p>\n<p style=\"margin-left:0cm; margin-right:0cm; text-align:justify\"><span style=\"font-size:12pt\"><span style=\"font-family:&quot;Times New Roman&quot;,&quot;serif&quot;\"><span style=\"font-size:11.0pt\"><span style=\"font-family:&quot;Verdana&quot;,&quot;sans-serif&quot;\"><span style=\"color:black\">Tambi&eacute;n los premios a Mejor proyecto internacional y Mejor cat&aacute;logo reconocen el gran esfuerzo realizado por el <strong>equipo internacional <\/strong>integrado por profesionales de <strong>Espa&ntilde;a y Portugal<\/strong>, pertenecientes a los museos participantes con sede en Alicante, Alcal&aacute; de Henares y Lisboa.<\/span><\/span><\/span><\/span><\/span><\/p>\n<p style=\"margin-left:0cm; margin-right:0cm; text-align:justify\"><span style=\"font-size:12pt\"><span style=\"font-family:&quot;Times New Roman&quot;,&quot;serif&quot;\"><span style=\"font-size:11.0pt\"><span style=\"font-family:&quot;Verdana&quot;,&quot;sans-serif&quot;\"><span style=\"color:black\">La <strong>Associa&ccedil;&atilde;o Portuguesa de Museologia (APOM),<\/strong> promotora de los premios, fue fundada en 1965 como la primera organizaci&oacute;n profesional vinculada a los museos que se fund&oacute; en Portugal. Hoy cuenta con alrededor de doscientos miembros a t&iacute;tulo individual y una docena de miembros institucionales.<\/span><\/span><\/span><\/span><\/span><\/p>\n<p style=\"margin-left:0cm; margin-right:0cm; text-align:justify\"><span style=\"font-size:12pt\"><span style=\"font-family:&quot;Times New Roman&quot;,&quot;serif&quot;\"><span style=\"font-size:11.0pt\"><span style=\"font-family:&quot;Verdana&quot;,&quot;sans-serif&quot;\"><span style=\"color:black\">La exposici&oacute;n &lsquo;&Iacute;dolos. Miradas Milenarias&rsquo; reuni&oacute; en Lisboa <strong>m&aacute;s de 250 piezas procedentes de 28 museos de Espa&ntilde;a y Portugal<\/strong>. Se trata de un conjunto mueble <strong>de representaciones genuinas y esquem&aacute;ticas del cuerpo y el rostro human<\/strong>o de diversa naturaleza y forma que se concentran en la mitad meridional de la Pen&iacute;nsula Ib&eacute;rica, constituyendo el mejor testimonio de creencias que, entre el 3300 y el 2500 a.C., compart&iacute;an colectivos del Neol&iacute;tico Final y el Calcol&iacute;tico.<\/span><\/span><\/span><\/span><\/span><\/p>\n<p style=\"margin-left:0cm; margin-right:0cm; text-align:justify\"><span style=\"font-size:12pt\"><span style=\"font-family:&quot;Times New Roman&quot;,&quot;serif&quot;\"><span style=\"font-size:11.0pt\"><span style=\"font-family:&quot;Verdana&quot;,&quot;sans-serif&quot;\"><span style=\"color:black\">La muestra ha sido comisariada por los doctores <strong>Primitiva Bueno Ram&iacute;rez<\/strong>, catedr&aacute;tica de Prehistoria de la Universidad de Alcal&aacute; de Henares, y <strong>Jorge A. Soler D&iacute;az<\/strong>, conservador de Prehistoria del MARQ, director de Exposiciones Fundaci&oacute;n C.V. MARQ y director del MUBAG.<\/span><\/span><\/span><\/span><\/span><\/p>\n","protected":false},"excerpt":{"rendered":"<p>&nbsp; La exposici&oacute;n &lsquo;Idolos. Miradas Milenarias&rsquo; ha sido galardonada con los premios al Mejor trabajo<span class=\"excerpt-hellip\"> [\u2026]<\/span><\/p>\n","protected":false},"author":3,"featured_media":0,"comment_status":"open","ping_status":"open","sticky":false,"template":"","format":"standard","meta":{"kia_subtitle":"","footnotes":""},"categories":[],"tags":[],"class_list":["post-34565","post","type-post","status-publish","format-standard","hentry"],"meta_box":[],"_links":{"self":[{"href":"https:\/\/marqalicante-admin.qwair.com\/es\/wp-json\/wp\/v2\/posts\/34565","targetHints":{"allow":["GET"]}}],"collection":[{"href":"https:\/\/marqalicante-admin.qwair.com\/es\/wp-json\/wp\/v2\/posts"}],"about":[{"href":"https:\/\/marqalicante-admin.qwair.com\/es\/wp-json\/wp\/v2\/types\/post"}],"author":[{"embeddable":true,"href":"https:\/\/marqalicante-admin.qwair.com\/es\/wp-json\/wp\/v2\/users\/3"}],"replies":[{"embeddable":true,"href":"https:\/\/marqalicante-admin.qwair.com\/es\/wp-json\/wp\/v2\/comments?post=34565"}],"version-history":[{"count":0,"href":"https:\/\/marqalicante-admin.qwair.com\/es\/wp-json\/wp\/v2\/posts\/34565\/revisions"}],"wp:attachment":[{"href":"https:\/\/marqalicante-admin.qwair.com\/es\/wp-json\/wp\/v2\/media?parent=34565"}],"wp:term":[{"taxonomy":"category","embeddable":true,"href":"https:\/\/marqalicante-admin.qwair.com\/es\/wp-json\/wp\/v2\/categories?post=34565"},{"taxonomy":"post_tag","embeddable":true,"href":"https:\/\/marqalicante-admin.qwair.com\/es\/wp-json\/wp\/v2\/tags?post=34565"}],"curies":[{"name":"wp","href":"https:\/\/api.w.org\/{rel}","templated":true}]}}