{"id":34542,"date":"2021-12-20T09:03:00","date_gmt":"2021-12-20T09:03:00","guid":{"rendered":"https:\/\/marqalicante-admin.qwair.com\/2021\/12\/20\/el-marq-organiza-una-intensa-programacion-para-las-fiestas-navidenas-con-teatro-infantil-y-talleres-didacticos\/"},"modified":"2021-12-20T09:03:00","modified_gmt":"2021-12-20T09:03:00","slug":"el-marq-organiza-una-intensa-programacion-para-las-fiestas-navidenas-con-teatro-infantil-y-talleres-didacticos","status":"publish","type":"post","link":"https:\/\/marqalicante-admin.qwair.com\/es\/el-marq-organiza-una-intensa-programacion-para-las-fiestas-navidenas-con-teatro-infantil-y-talleres-didacticos\/","title":{"rendered":"El MARQ organiza una intensa programaci\u00f3n para las fiestas navide\u00f1as con teatro infantil y talleres did\u00e1cticos"},"content":{"rendered":"<p>La diputada de Cultura, Julia Parra, destaca que las propuestas se han adaptado para permitir la participaci&oacute;n de ni&ntilde;os de diversas edades<\/p>\n<p style=\"margin-left:0cm; margin-right:0cm; text-align:justify\"><span style=\"font-size:12pt\"><span style=\"font-family:LTAroma\"><span style=\"color:black\"><span style=\"font-size:11.0pt\"><span style=\"font-family:&quot;Verdana&quot;,sans-serif\"><font style=\"vertical-align:inherit\"><font style=\"vertical-align:inherit\">One more year, the <\/font><\/font><strong><font style=\"vertical-align:inherit\"><font style=\"vertical-align:inherit\">Archaeological Museum of Alicante<\/font><\/font><\/strong><font style=\"vertical-align:inherit\"><font style=\"vertical-align:inherit\"> has programmed a complete <\/font><\/font><strong><font style=\"vertical-align:inherit\"><font style=\"vertical-align:inherit\">calendar of theater and workshops<\/font><\/font><\/strong><font style=\"vertical-align:inherit\"><font style=\"vertical-align:inherit\"> focused on children during the Christmas holidays. <\/font><font style=\"vertical-align:inherit\">In addition, the MARQ will have a <a href=\"https:\/\/karanfilvet.com\" target=\"_blank\" rel=\"noopener\">bat\u0131kent veteriner<\/a> space at the <\/font><\/font><strong><font style=\"vertical-align:inherit\"><font style=\"vertical-align:inherit\">IFA children&#39;s and youth leisure fair, Exponadal<\/font><\/font><\/strong><font style=\"vertical-align:inherit\"><font style=\"vertical-align:inherit\"> .<\/font><\/font><\/span><\/span><\/span><\/span><\/span><\/p>\n<p style=\"margin-left:0cm; margin-right:0cm; text-align:justify\"><span style=\"font-size:12pt\"><span style=\"font-family:&quot;Times New Roman&quot;,serif\"><span style=\"font-size:11.0pt\"><span style=\"font-family:&quot;Verdana&quot;,sans-serif\"><span style=\"color:black\"><font style=\"vertical-align:inherit\"><font style=\"vertical-align:inherit\">The vice president and deputy for Culture, <\/font><\/font><strong><font style=\"vertical-align:inherit\"><font style=\"vertical-align:inherit\">Julia Parra<\/font><\/font><\/strong><font style=\"vertical-align:inherit\"><font style=\"vertical-align:inherit\"> , has detailed that &quot;the proposal, aimed at the little ones, begins this week with the intention of offering fun and entertainment through content of an educational nature adapted to allow the participation of children of different ages, guaranteeing at all times that the current safety and health measures are complied with.&rdquo;<\/font><\/font><\/span><\/span><\/span><\/span><\/span><\/p>\n<p style=\"margin-left:0cm; margin-right:0cm; text-align:justify\"><span style=\"font-size:12pt\"><span style=\"font-family:&quot;Times New Roman&quot;,serif\"><span style=\"font-size:11.0pt\"><span style=\"font-family:&quot;Verdana&quot;,sans-serif\"><span style=\"color:black\">Este a&ntilde;o la Unidad de Did&aacute;ctica de la Fundaci&oacute;n MARQ ha programado junto al &Aacute;rea de Cultura <strong>cinco talleres did&aacute;cticos<\/strong> &ndash;de 10:45 a 11:45 horas- dedicados a los peque&ntilde;os de <strong>entre 6 y 12 a&ntilde;os<\/strong>. Este <strong>jueves 23 de diciembre<\/strong> tendr&aacute; lugar el primero de ellos, con todos los detalles para aprender a elaborar una <strong>tarjeta navide&ntilde;a<\/strong>, y continuar&aacute;n la pr&oacute;xima semana los d&iacute;as <strong>28 &lsquo;Paisaje nevado&rsquo;<\/strong>, <strong>29 &lsquo;Guirnalda saturnalias romanas&rsquo;<\/strong> y <strong>30 con &lsquo;Adorno para &aacute;rbol de Navidad&rsquo;<\/strong>. Ya en enero, el <strong>martes 4<\/strong>, los participantes en el &uacute;ltimo de los talleres aprender&aacute;n a <strong>hacer una vidriera navide&ntilde;a con el motivo de los Reyes Magos y la estrella<\/strong>. La inscripci&oacute;n a estas propuestas se podr&aacute; formalizar en las taquillas del museo el mismo d&iacute;a de la actividad, cuyo <strong>aforo est&aacute; limitado a quince participantes<\/strong>. &nbsp;<\/span><\/span><\/span><\/span><\/span><\/p>\n<p><span style=\"font-size:11.0pt\"><span style=\"font-family:&quot;Verdana&quot;,sans-serif\"><span style=\"color:black\">Tambi&eacute;n la pr&oacute;xima semana se han organizado <strong>tres sesiones teatrales<\/strong>, de 12:00 a 13:00 horas, los d&iacute;as 28, 29 y 30 con las obras <em>Un bon regal per Nadal <\/em>de <strong>Taranna Teatre<\/strong>, <em>Magic Christmas<\/em> de <strong>Mago Dalux<\/strong> y <em>Cuento de quita y pon<\/em> de <strong>Al otro lado de la parcela<\/strong>, respectivamente. Asimismo, en la feria <strong>Exponadal &ndash;<\/strong>que se celebrar&aacute;<strong> del 27 al 30 de diciembre y del 2 al 4 de enero <\/strong><font style=\"vertical-align:inherit\"><font style=\"vertical-align:inherit\">at the Instituci&oacute;n Ferial Alicantina- the MARQ will have its own space where games, entertainment and workshops will be held to promote the didactic offer of the museum and its sites. <\/font><font style=\"vertical-align:inherit\">In this edition, specific workshops will be held around the temporary exhibition <\/font><\/font><strong><font style=\"vertical-align:inherit\"><font style=\"vertical-align:inherit\">&#39;Etruscans, the Dawn of Rome&#39;<\/font><\/font><\/strong><font style=\"vertical-align:inherit\"><font style=\"vertical-align:inherit\"> .<\/font><\/font><\/span><\/span><\/span><\/p>\n","protected":false},"excerpt":{"rendered":"<p>La diputada de Cultura, Julia Parra, destaca que las propuestas se han adaptado para permitir<span class=\"excerpt-hellip\"> [\u2026]<\/span><\/p>\n","protected":false},"author":3,"featured_media":0,"comment_status":"open","ping_status":"open","sticky":false,"template":"","format":"standard","meta":{"kia_subtitle":"","footnotes":""},"categories":[],"tags":[],"class_list":["post-34542","post","type-post","status-publish","format-standard","hentry"],"meta_box":[],"_links":{"self":[{"href":"https:\/\/marqalicante-admin.qwair.com\/es\/wp-json\/wp\/v2\/posts\/34542","targetHints":{"allow":["GET"]}}],"collection":[{"href":"https:\/\/marqalicante-admin.qwair.com\/es\/wp-json\/wp\/v2\/posts"}],"about":[{"href":"https:\/\/marqalicante-admin.qwair.com\/es\/wp-json\/wp\/v2\/types\/post"}],"author":[{"embeddable":true,"href":"https:\/\/marqalicante-admin.qwair.com\/es\/wp-json\/wp\/v2\/users\/3"}],"replies":[{"embeddable":true,"href":"https:\/\/marqalicante-admin.qwair.com\/es\/wp-json\/wp\/v2\/comments?post=34542"}],"version-history":[{"count":0,"href":"https:\/\/marqalicante-admin.qwair.com\/es\/wp-json\/wp\/v2\/posts\/34542\/revisions"}],"wp:attachment":[{"href":"https:\/\/marqalicante-admin.qwair.com\/es\/wp-json\/wp\/v2\/media?parent=34542"}],"wp:term":[{"taxonomy":"category","embeddable":true,"href":"https:\/\/marqalicante-admin.qwair.com\/es\/wp-json\/wp\/v2\/categories?post=34542"},{"taxonomy":"post_tag","embeddable":true,"href":"https:\/\/marqalicante-admin.qwair.com\/es\/wp-json\/wp\/v2\/tags?post=34542"}],"curies":[{"name":"wp","href":"https:\/\/api.w.org\/{rel}","templated":true}]}}