{"id":34454,"date":"2021-01-11T13:43:00","date_gmt":"2021-01-11T13:43:00","guid":{"rendered":"https:\/\/marqalicante-admin.qwair.com\/2021\/01\/11\/la-exposicion-idolos-se-despide-de-alcala-de-henares-y-emprende-el-viaje-hacia-su-proximo-destino-en-lisboa\/"},"modified":"2021-01-11T13:43:00","modified_gmt":"2021-01-11T13:43:00","slug":"la-exposicion-idolos-se-despide-de-alcala-de-henares-y-emprende-el-viaje-hacia-su-proximo-destino-en-lisboa","status":"publish","type":"post","link":"https:\/\/marqalicante-admin.qwair.com\/es\/la-exposicion-idolos-se-despide-de-alcala-de-henares-y-emprende-el-viaje-hacia-su-proximo-destino-en-lisboa\/","title":{"rendered":"La exposici\u00f3n \u00cddolos se despide de Alcal\u00e1 de Henares y emprende el viaje hacia su pr\u00f3ximo destino en Lisboa"},"content":{"rendered":"<p style=\"margin-left:0cm; margin-right:0cm; text-align:justify\"><span style=\"font-size:12pt\"><span style=\"font-family:LTAroma\"><span style=\"color:black\"><span style=\"font-size:11.0pt\"><span style=\"font-family:&quot;Verdana&quot;,sans-serif\">El <strong>Museo Arqueol&oacute;gico de Madrid <\/strong>(MAR) ha clausurado este fin de semana la exposici&oacute;n &lsquo;<strong>&Iacute;dolos<\/strong>. <strong>Miradas Milenarias<\/strong>&rsquo;. La muestra, coorganizada con el <strong>Museo Arqueol&oacute;gico Provincial de Alicante <\/strong>(MARQ), ha logrado cerca de 45.000 visitas en sus dos primeras sedes, desde su inauguraci&oacute;n en enero de 2020. Las tareas de desmontaje y embalaje de las piezas se iniciar&aacute;n a partir hoy para su traslado al <strong>Museo Nacional de Arqueolog&iacute;a de Portugal<\/strong> (MNA), en Lisboa, donde se exhibir&aacute;n hasta el pr&oacute;ximo <strong>12 de octubre<\/strong>.<\/span><\/span><\/span><\/span><\/span><\/p>\n<p style=\"margin-left:0cm; margin-right:0cm; text-align:justify\"><span style=\"font-size:12pt\"><span style=\"font-family:LTAroma\"><span style=\"color:black\"><span style=\"font-size:11.0pt\"><span style=\"font-family:&quot;Verdana&quot;,sans-serif\">La vicepresidenta y diputada de Cultura, <strong>Julia Parra<\/strong>, ha explicado que &ldquo;es un proyecto singular y &uacute;nico en el que participar&aacute;n 16 museos espa&ntilde;oles y 13 lusos; estos &uacute;ltimos aumentan su presencia enriqueciendo notablemente una muestra que formar&aacute; parte del programa cultural que se promocionar&aacute; en este primer semestre de 2021, coincidiendo con que Portugal ostenta la presidencia de turno de la Uni&oacute;n Europea&rdquo;. <\/span><\/span><\/span><\/span><\/span><\/p>\n<p style=\"margin-left:0cm; margin-right:0cm; text-align:justify\"><span style=\"font-size:12pt\"><span style=\"font-family:LTAroma\"><span style=\"color:black\"><span style=\"font-size:11.0pt\"><span style=\"font-family:&quot;Verdana&quot;,sans-serif\">La exposici&oacute;n, comisariada por <strong>Primitiva Bueno<\/strong> <strong>Ram&iacute;rez<\/strong>, catedr&aacute;tica de Prehistoria en la Universidad de Alcal&aacute;, y <strong>Jorge A. Soler D&iacute;az<\/strong>, director de Exposiciones y conservador de Prehistoria del MARQ, fue inaugurada en enero de 2020 en Alicante, donde se pudo visitar hasta el pasado 5 julio. El Museo Arqueol&oacute;gico Regional de la Comunidad de Madrid ha acogido la muestra entre el 28 de julio del pasado a&ntilde;o y ayer, domingo 10 de enero, aunque el temporal ha impedido abrir las instalaciones este &uacute;ltimo fin de semana.<\/span><\/span><\/span><\/span><\/span><\/p>\n<p style=\"margin-left:0cm; margin-right:0cm; text-align:justify\"><span style=\"font-size:12pt\"><span style=\"font-family:LTAroma\"><span style=\"color:black\"><span style=\"font-size:11.0pt\"><span style=\"font-family:&quot;Verdana&quot;,sans-serif\">&Iacute;dolos, fruto de la colaboraci&oacute;n entre el MARQ y el MAR, descubre las primeras expresiones art&iacute;sticas de la figura y el rostro humano en soportes tan diversos como piedra, cer&aacute;mica, hueso, marfil y oro. Re&uacute;ne piezas correspondientes a la <strong>prehistoria en la Pen&iacute;nsula Ib&eacute;rica<\/strong>, entre los a&ntilde;os 3.300 y 2.500 a.C., con <strong>el origen de la religiosidad<\/strong>,<strong> la jerarquizaci&oacute;n social o las pervivencias neol&iacute;ticas como protagonistas<\/strong>. <\/span><\/span><\/span><\/span><\/span><\/p>\n<p style=\"margin-left:0cm; margin-right:0cm; text-align:justify\"><span style=\"font-size:12pt\"><span style=\"font-family:LTAroma\"><span style=\"color:black\"><span style=\"font-size:11.0pt\"><span style=\"font-family:&quot;Verdana&quot;,sans-serif\">La exposici&oacute;n re&uacute;ne <strong>226 piezas procedentes de m&aacute;s de veinte museos y colecciones de Espa&ntilde;a y Portuga<\/strong>l, entre los que se encuentran el Museo Arqueol&oacute;gico Nacional, el Museo de Huelva, el Museo de Ja&eacute;n, el Museo Arqueol&oacute;gico de Sevilla, el Museo Arqueol&oacute;gico y Etnol&oacute;gico de C&oacute;rdoba, el Museo Arqueol&oacute;gico Provincial de Badajoz, el Museo de Valladolid, el Museo de Prehistoria de Valencia, el Museo Arqueol&oacute;gico Provincial de Alicante, el Museu Arqueol&ograve;gic Camil Visedo Molt&oacute; de Alcoi, el Museo Municipal de Lorca, el Museu Nacional de Arqueologia de Lisboa, Colecci&oacute;n ERA y el Museo Arqueol&oacute;gico Regional de Madrid. <\/span><\/span><\/span><\/span><\/span><\/p>\n<p style=\"margin-left:0cm; margin-right:0cm; text-align:justify\"><span style=\"font-size:12pt\"><span style=\"font-family:LTAroma\"><span style=\"color:black\"><span style=\"font-size:11.0pt\"><span style=\"font-family:&quot;Verdana&quot;,sans-serif\">La muestra ha sido dise&ntilde;ada por el arquitecto ilicitano <strong>&Aacute;ngel Rocamora<\/strong> y cuenta con el apoyo de distintos audiovisuales dirigidos por el alicantino <strong>Gustavo V&iacute;lchez<\/strong>, en los que se presenta la exposici&oacute;n y el proceso de investigaci&oacute;n de los &iacute;dolos y se evoca su significado.<\/span><\/span><\/span><\/span><\/span><\/p>\n","protected":false},"excerpt":{"rendered":"<p>El Museo Arqueol&oacute;gico de Madrid (MAR) ha clausurado este fin de semana la exposici&oacute;n &lsquo;&Iacute;dolos.<span class=\"excerpt-hellip\"> [\u2026]<\/span><\/p>\n","protected":false},"author":3,"featured_media":0,"comment_status":"open","ping_status":"open","sticky":false,"template":"","format":"standard","meta":{"kia_subtitle":"","footnotes":""},"categories":[],"tags":[],"class_list":["post-34454","post","type-post","status-publish","format-standard","hentry"],"meta_box":[],"_links":{"self":[{"href":"https:\/\/marqalicante-admin.qwair.com\/es\/wp-json\/wp\/v2\/posts\/34454","targetHints":{"allow":["GET"]}}],"collection":[{"href":"https:\/\/marqalicante-admin.qwair.com\/es\/wp-json\/wp\/v2\/posts"}],"about":[{"href":"https:\/\/marqalicante-admin.qwair.com\/es\/wp-json\/wp\/v2\/types\/post"}],"author":[{"embeddable":true,"href":"https:\/\/marqalicante-admin.qwair.com\/es\/wp-json\/wp\/v2\/users\/3"}],"replies":[{"embeddable":true,"href":"https:\/\/marqalicante-admin.qwair.com\/es\/wp-json\/wp\/v2\/comments?post=34454"}],"version-history":[{"count":0,"href":"https:\/\/marqalicante-admin.qwair.com\/es\/wp-json\/wp\/v2\/posts\/34454\/revisions"}],"wp:attachment":[{"href":"https:\/\/marqalicante-admin.qwair.com\/es\/wp-json\/wp\/v2\/media?parent=34454"}],"wp:term":[{"taxonomy":"category","embeddable":true,"href":"https:\/\/marqalicante-admin.qwair.com\/es\/wp-json\/wp\/v2\/categories?post=34454"},{"taxonomy":"post_tag","embeddable":true,"href":"https:\/\/marqalicante-admin.qwair.com\/es\/wp-json\/wp\/v2\/tags?post=34454"}],"curies":[{"name":"wp","href":"https:\/\/api.w.org\/{rel}","templated":true}]}}