{"id":34438,"date":"2020-11-03T00:00:00","date_gmt":"2020-11-03T00:00:00","guid":{"rendered":"https:\/\/marqalicante-admin.qwair.com\/2020\/11\/03\/la-diputacion-da-un-paso-mas-hacia-la-digitalizacion-con-la-puesta-en-marcha-de-la-primera-aplicacion-de-la-agenda-cultural\/"},"modified":"2020-11-03T00:00:00","modified_gmt":"2020-11-03T00:00:00","slug":"la-diputacion-da-un-paso-mas-hacia-la-digitalizacion-con-la-puesta-en-marcha-de-la-primera-aplicacion-de-la-agenda-cultural","status":"publish","type":"post","link":"https:\/\/marqalicante-admin.qwair.com\/es\/la-diputacion-da-un-paso-mas-hacia-la-digitalizacion-con-la-puesta-en-marcha-de-la-primera-aplicacion-de-la-agenda-cultural\/","title":{"rendered":"La Diputaci\u00f3n da un paso m\u00e1s hacia la digitalizaci\u00f3n con la puesta en marcha de la primera aplicaci\u00f3n de la Agenda Cultural"},"content":{"rendered":"<p>&nbsp;<\/p>\n<p><img decoding=\"async\" alt=\"\" src=\"\/contenido\/genericas\/110320%20R_P_%20app%20agenda%20cultural.jpg\" style=\"height:299px; width:448px\" \/><\/p>\n<p style=\"margin-left:0cm; margin-right:0cm; text-align:justify\"><span style=\"font-size:12pt\"><span style=\"font-family:&quot;Times New Roman&quot;,serif\"><span style=\"font-size:11.0pt\"><span style=\"font-family:&quot;Verdana&quot;,&quot;sans-serif&quot;\">&nbsp; &nbsp; La <strong>Diputaci&oacute;n de Alicante<\/strong> ha presentado esta ma&ntilde;ana la <strong>nueva p&aacute;gina web<\/strong> y la <strong>primera aplicaci&oacute;n m&oacute;vil<\/strong> de la <strong>Agenda Cultural<\/strong> que unificar&aacute; la programaci&oacute;n de la instituci&oacute;n ofreciendo al usuario servicios e informaci&oacute;n de las actividades desde cualquier soporte digital.<\/span><\/span><\/span><\/span><\/p>\n<p style=\"margin-left:0cm; margin-right:0cm; text-align:justify\"><span style=\"font-size:12pt\"><span style=\"font-family:&quot;Times New Roman&quot;,serif\"><span style=\"font-size:11.0pt\"><span style=\"font-family:&quot;Verdana&quot;,&quot;sans-serif&quot;\">El proyecto, impulsado desde el <strong>&aacute;rea de Cultura<\/strong> con la colaboraci&oacute;n del departamento de Inform&aacute;tica, agrupa a todos los centros culturales de la instituci&oacute;n provincial, el <strong>ADDA<\/strong>, el <strong>Instituto Alicantino de Cultura Juan Gil-Albert<\/strong> y los museos <strong>MARQ<\/strong> y <strong>MUBAG<\/strong>, e incluir&aacute;, adem&aacute;s, acciones organizadas con otras instituciones y entidades.<\/span><\/span><\/span><\/span><\/p>\n<p style=\"margin-left:0cm; margin-right:0cm; text-align:justify\"><span style=\"font-size:12pt\"><span style=\"font-family:&quot;Times New Roman&quot;,serif\"><span style=\"font-size:11.0pt\"><span style=\"font-family:&quot;Verdana&quot;,&quot;sans-serif&quot;\">La vicepresidenta y diputada de Cultura, <strong>Julia Parra<\/strong>, ha detallado las caracter&iacute;sticas de esta nueva propuesta que cuenta con funcionalidades como establecer <strong>selecciones &ldquo;a la carta&rdquo;<\/strong>,<strong> compra de entradas<\/strong> o <strong>reservas<\/strong>. &ldquo;El p&uacute;blico puede completar todo el proceso, de principio a fin, y elegir en funci&oacute;n de sus preferencias entre todas las opciones a su alcance: conciertos, visitas guiadas, actividades familiares o propuestas digitales, entre otras, personalizando al m&aacute;ximo las posibilidades&rdquo;, ha explicado la diputada.<\/span><\/span><\/span><\/span><\/p>\n<p style=\"margin-left:0cm; margin-right:0cm; text-align:justify\"><span style=\"font-size:12pt\"><span style=\"font-family:&quot;Times New Roman&quot;,serif\"><span style=\"font-size:11.0pt\"><span style=\"font-family:&quot;Verdana&quot;,&quot;sans-serif&quot;\">La nueva web <strong>&ldquo;Dipu Cultura Alicante&rdquo;<\/strong>, m&aacute;s completa y din&aacute;mica, est&aacute; disponible en la URL <a href=\"http:\/\/agendacultural.diputacionalicante.es\/\" target=\"_blank\" rel=\"noopener\">http:\/\/agendacultural.diputacionalicante.es\/<\/a> y su aplicaci&oacute;n para dispositivos m&oacute;viles se podr&aacute; descargar a trav&eacute;s de la Play Store a partir de esta semana. Est&aacute; previsto, adem&aacute;s, que a finales de noviembre se complete una segunda fase de desarrollo para acceder desde dispositivos con sistema operativo iOS.<\/span><\/span><\/span><\/span><\/p>\n<p style=\"margin-left:0cm; margin-right:0cm; text-align:justify\"><span style=\"font-size:12pt\"><span style=\"font-family:&quot;Times New Roman&quot;,serif\"><span style=\"font-size:11.0pt\"><span style=\"font-family:&quot;Verdana&quot;,&quot;sans-serif&quot;\">Entre las novedades, el nuevo desarrollo digital permitir&aacute; al usuario recibir informaci&oacute;n semanal y recordatorios diarios de las actividades a trav&eacute;s del nuevo canal de suscripci&oacute;n abierto. &ldquo;De esta forma, queremos fidelizar a nuestro p&uacute;blico y llegar a m&aacute;s personas para dar a conocer un programa cultural diverso y variado de forma intuitiva, f&aacute;cil y directa&rdquo;, ha detallado la diputada de Cultura.<\/span><\/span><\/span><\/span><\/p>\n<p style=\"margin-left:0cm; margin-right:0cm; text-align:justify\"><span style=\"font-size:12pt\"><span style=\"font-family:&quot;Times New Roman&quot;,serif\"><span style=\"font-size:11.0pt\"><span style=\"font-family:&quot;Verdana&quot;,&quot;sans-serif&quot;\">Esta iniciativa completa un <strong>proceso de digitalizaci&oacute;n<\/strong> que se desarroll&oacute; especialmente con motivo de la pandemia y el cierre de las instalaciones culturales. Desde marzo se ha mantenido una amplia oferta trav&eacute;s de los <strong>canales online<\/strong> de todos los centros culturales de la Diputaci&oacute;n, especialmente intensa en periodo de confinamiento, con visitas virtuales a exposiciones, programas did&aacute;cticos de &aacute;mbito nacional, conciertos, clases magistrales, talleres para ni&ntilde;os o concursos. <\/span><\/span><\/span><\/span><\/p>\n<p style=\"margin-left:0cm; margin-right:0cm; text-align:justify\"><span style=\"font-size:12pt\"><span style=\"font-family:&quot;Times New Roman&quot;,serif\"><span style=\"font-size:11.0pt\"><span style=\"font-family:&quot;Verdana&quot;,&quot;sans-serif&quot;\">Julia Parra ha se&ntilde;alado que &ldquo;el contexto digital, como ya se ha demostrado, es m&aacute;s necesario nunca ante posibles escenarios de restricci&oacute;n de movilidad. Solo as&iacute; podremos seguir disfrutando de la cultura con propuestas adaptadas a los diferentes p&uacute;blicos, necesidades y situaciones sanitarias marcadas por la Covid&rdquo;.<\/span><\/span><\/span><\/span><\/p>\n<p style=\"margin-left:0cm; margin-right:0cm; text-align:justify\">&nbsp;<\/p>\n","protected":false},"excerpt":{"rendered":"<p>&nbsp; &nbsp; &nbsp; La Diputaci&oacute;n de Alicante ha presentado esta ma&ntilde;ana la nueva p&aacute;gina web<span class=\"excerpt-hellip\"> [\u2026]<\/span><\/p>\n","protected":false},"author":3,"featured_media":0,"comment_status":"open","ping_status":"open","sticky":false,"template":"","format":"standard","meta":{"kia_subtitle":"","footnotes":""},"categories":[],"tags":[],"class_list":["post-34438","post","type-post","status-publish","format-standard","hentry"],"meta_box":[],"_links":{"self":[{"href":"https:\/\/marqalicante-admin.qwair.com\/es\/wp-json\/wp\/v2\/posts\/34438","targetHints":{"allow":["GET"]}}],"collection":[{"href":"https:\/\/marqalicante-admin.qwair.com\/es\/wp-json\/wp\/v2\/posts"}],"about":[{"href":"https:\/\/marqalicante-admin.qwair.com\/es\/wp-json\/wp\/v2\/types\/post"}],"author":[{"embeddable":true,"href":"https:\/\/marqalicante-admin.qwair.com\/es\/wp-json\/wp\/v2\/users\/3"}],"replies":[{"embeddable":true,"href":"https:\/\/marqalicante-admin.qwair.com\/es\/wp-json\/wp\/v2\/comments?post=34438"}],"version-history":[{"count":0,"href":"https:\/\/marqalicante-admin.qwair.com\/es\/wp-json\/wp\/v2\/posts\/34438\/revisions"}],"wp:attachment":[{"href":"https:\/\/marqalicante-admin.qwair.com\/es\/wp-json\/wp\/v2\/media?parent=34438"}],"wp:term":[{"taxonomy":"category","embeddable":true,"href":"https:\/\/marqalicante-admin.qwair.com\/es\/wp-json\/wp\/v2\/categories?post=34438"},{"taxonomy":"post_tag","embeddable":true,"href":"https:\/\/marqalicante-admin.qwair.com\/es\/wp-json\/wp\/v2\/tags?post=34438"}],"curies":[{"name":"wp","href":"https:\/\/api.w.org\/{rel}","templated":true}]}}