{"id":34400,"date":"2020-06-30T13:43:00","date_gmt":"2020-06-30T13:43:00","guid":{"rendered":"https:\/\/marqalicante-admin.qwair.com\/2020\/06\/30\/la-diputacion-proyecta-para-esta-legislatura-la-musealizacion-de-la-pobla-medieval-de-ifach-y-entregara-en-breve-el-plan-director-del-banyets-de-la-reina-de-calp\/"},"modified":"2020-06-30T13:43:00","modified_gmt":"2020-06-30T13:43:00","slug":"la-diputacion-proyecta-para-esta-legislatura-la-musealizacion-de-la-pobla-medieval-de-ifach-y-entregara-en-breve-el-plan-director-del-banyets-de-la-reina-de-calp","status":"publish","type":"post","link":"https:\/\/marqalicante-admin.qwair.com\/es\/la-diputacion-proyecta-para-esta-legislatura-la-musealizacion-de-la-pobla-medieval-de-ifach-y-entregara-en-breve-el-plan-director-del-banyets-de-la-reina-de-calp\/","title":{"rendered":"La Diputaci\u00f3n proyecta para esta legislatura la musealizaci\u00f3n de la Pobla Medieval de Ifach y entregar\u00e1 en breve el plan director del Banyets de la Reina de Calp"},"content":{"rendered":"<p style=\"margin-left:0cm; margin-right:0cm; text-align:justify\"><span style=\"font-size:12pt\"><span style=\"font-family:&quot;Times New Roman&quot;,serif\"><span style=\"font-size:11.0pt\"><span style=\"font-family:&quot;Verdana&quot;,sans-serif\">&nbsp;<img decoding=\"async\" alt=\"\" src=\"\/contenido\/genericas\/062920%20Visita%20Calpe%2001.jpg\" style=\"height:333px; width:500px\" \/><\/span><\/span><\/span><\/span><\/p>\n<p style=\"margin-left:0cm; margin-right:0cm; text-align:justify\"><span style=\"font-size:12pt\"><span style=\"font-family:&quot;Times New Roman&quot;,serif\"><span style=\"font-size:11.0pt\"><span style=\"font-family:&quot;Verdana&quot;,sans-serif\">La Diputaci&oacute;n de Alicante tiene previsto iniciar en esta legislatura la <strong>musealizaci&oacute;n del yacimiento de la Pobla Medieval de Ifach<\/strong>, donde el pr&oacute;ximo 3 de agosto arrancar&aacute; la <strong>XVI Campa&ntilde;a de Excavaciones que impulsa el MARQ<\/strong>, que en esta edici&oacute;n se centrar&aacute; en la <strong>consolidaci&oacute;n y documentaci&oacute;n<\/strong> de los restos arqueol&oacute;gicos hallados hasta la fecha. <\/span><\/span><\/span><\/span><\/p>\n<p style=\"margin-left:0cm; margin-right:0cm; text-align:justify\"><span style=\"font-size:12pt\"><span style=\"font-family:&quot;Times New Roman&quot;,serif\"><span style=\"font-size:11.0pt\"><span style=\"font-family:&quot;Verdana&quot;,sans-serif\">El presidente de la instituci&oacute;n provincial, <strong>Carlos Maz&oacute;n,<\/strong> ha visitado esta ma&ntilde;ana, acompa&ntilde;ado por la alcaldesa del municipio, <strong>Ana Sala<\/strong>, este importante enclave arqueol&oacute;gico, donde ha manifestado que &ldquo;queremos convertir este yacimiento, a trav&eacute;s de su musealizaci&oacute;n, en un lugar, no solo visible, sino tambi&eacute;n visitable y tur&iacute;sticamente rentable para Calp y su crecimiento, convirti&eacute;ndose en un complemento esencial para su oferta de sol y playa&rdquo;. <\/span><\/span><\/span><\/span><\/p>\n<p style=\"margin-left:0cm; margin-right:0cm; text-align:justify\"><span style=\"font-size:12pt\"><span style=\"font-family:&quot;Times New Roman&quot;,serif\"><span style=\"font-size:11.0pt\"><span style=\"font-family:&quot;Verdana&quot;,sans-serif\">&ldquo;M&aacute;s pronto que tarde, a lo largo de esta legislatura, podremos disfrutarlo, ya no solo desde el punto de vista hist&oacute;rico, sino tambi&eacute;n tur&iacute;stico&rdquo;, ha concretado el dirigente alicantino, quien ha se&ntilde;alado que esta musealizaci&oacute;n contar&aacute; con todo el apoyo econ&oacute;mico, t&eacute;cnico y humano de la Diputaci&oacute;n de Alicante, a trav&eacute;s del departamento de Arquitectura que dirige el diputado <strong>Juan Francisco P&eacute;rez Llorca<\/strong>, y del MARQ y el &aacute;rea de Cultura que encabeza la vicepresidenta y diputada <strong>Julia Parra<\/strong>. <\/span><\/span><\/span><\/span><\/p>\n<p style=\"margin-left:0cm; margin-right:0cm; text-align:justify\"><span style=\"font-size:12pt\"><span style=\"font-family:&quot;Times New Roman&quot;,serif\"><span style=\"font-size:11.0pt\"><span style=\"font-family:&quot;Verdana&quot;,sans-serif\">En este sentido, la alcaldesa ha agradecido &ldquo;la buena sinton&iacute;a y la colaboraci&oacute;n&rdquo; de la instituci&oacute;n &ldquo;que siempre se ha volcado con este yacimiento&rdquo;, al tiempo que ha resaltado la importancia de la Pobla de Ifach, que ha calificado de &uacute;nica por su emplazamiento, &ldquo;para diversificar la oferta tur&iacute;stica del municipio&rdquo;.<\/span><\/span><\/span><\/span><\/p>\n<p style=\"margin-left:0cm; margin-right:0cm; text-align:justify\"><span style=\"font-size:12pt\"><span style=\"font-family:&quot;Times New Roman&quot;,serif\"><span style=\"font-size:11.0pt\"><span style=\"font-family:&quot;Verdana&quot;,sans-serif\">Por otra parte, durante la visita, P&eacute;rez Llorca, quien ha pedido la <strong>implicaci&oacute;n a la Generalitat en el proyecto de musealizaci&oacute;n de este yacimiento, <\/strong>que se asienta en la ladera del Pe&ntilde;&oacute;n de Ifach, ha anunciado que la instituci&oacute;n entregar&aacute; a finales de este a&ntilde;o al Ayuntamiento el Plan Director del yacimiento del <strong>Banyets de la Reina del municipio<\/strong> para poner en valor este singular espacio. La inversi&oacute;n provincial en este estudio, en el que se planifican las actuaciones y estrategias a desarrollar, ha sido de 30.000 euros. <\/span><\/span><\/span><\/span><\/p>\n<p style=\"margin-left:0cm; margin-right:0cm; text-align:justify\"><span style=\"font-size:12pt\"><span style=\"font-family:&quot;Times New Roman&quot;,serif\"><strong><span style=\"font-size:11.0pt\"><span style=\"font-family:&quot;Verdana&quot;,sans-serif\">XVI Campa&ntilde;a de Excavaciones <\/span><\/span><\/strong><\/span><\/span><\/p>\n<p style=\"margin-left:0cm; margin-right:0cm; text-align:justify\"><span style=\"font-size:12pt\"><span style=\"font-family:&quot;Times New Roman&quot;,serif\"><span style=\"font-size:11.0pt\"><span style=\"font-family:&quot;Verdana&quot;,sans-serif\">Bajo la direcci&oacute;n del arque&oacute;logo del MARQ, <strong>Jos&eacute; Luis Men&eacute;ndez<\/strong>, <strong>7 estudiantes de universidades alicantinas<\/strong> participaran a partir de agosto, y por un periodo de cuatro semanas, en la XVI Campa&ntilde;a de Excavaciones de la Pobla medieval que impulsa el museo alicantino con la colaboraci&oacute;n del Ayuntamiento de Calp y el Parque Natural del Penyal d&rsquo;Ifac.<\/span><\/span><\/span><\/span><\/p>\n<p style=\"margin-left:0cm; margin-right:0cm; text-align:justify\"><span style=\"font-size:12pt\"><span style=\"font-family:&quot;Times New Roman&quot;,serif\"><span style=\"font-size:11.0pt\"><span style=\"font-family:&quot;Verdana&quot;,sans-serif\">Dada la situaci&oacute;n derivada de la crisis del Covid19, <strong>se han extremado las medidas de prevenci&oacute;n<\/strong> para garantizar la seguridad de los participantes en esta campa&ntilde;a. De esta forma, <strong>se ha reducido el n&uacute;mero de voluntarios &ndash;en otras ediciones ha rondado la treintena-<\/strong>, sin disminuir por ello el &aacute;rea programada para asegurar la distancia interpersonal, se ha retrasado un mes el inicio de la campa&ntilde;a y se ha dotado a todo el personal de equipos de protecci&oacute;n, as&iacute; como de herramientas para cada persona, intransferibles para otros miembros de la excavaci&oacute;n. <\/span><\/span><\/span><\/span><\/p>\n<p style=\"margin-left:0cm; margin-right:0cm; text-align:justify\"><span style=\"font-size:12pt\"><span style=\"font-family:&quot;Times New Roman&quot;,serif\"><span style=\"font-size:11.0pt\"><span style=\"font-family:&quot;Verdana&quot;,sans-serif\">Los trabajos se centrar&aacute;n en esta ocasi&oacute;n en la <strong>documentaci&oacute;n y consolidaci&oacute;n de una serie de tumbas del cimeterium o necr&oacute;polis<\/strong>, situada junto a la iglesia de la ciudad medieval. Adem&aacute;s, se <strong>continuar&aacute; con los trabajos iniciados en 2018 en Ifach Oeste<\/strong>, donde el a&ntilde;o pasado se descubri&oacute; la Puerta Oeste, segundo sistema de acceso a la ciudad. Este a&ntilde;o las tareas se centrar&aacute;n en documentar su fase fundacional. <\/span><\/span><\/span><\/span><\/p>\n<p style=\"margin-left:0cm; margin-right:0cm; text-align:justify\"><span style=\"font-size:12pt\"><span style=\"font-family:&quot;Times New Roman&quot;,serif\"><span style=\"font-size:11.0pt\"><span style=\"font-family:&quot;Verdana&quot;,sans-serif\">Tal y como se ha avanzado, con los resultados que genere esta campa&ntilde;a se actualizar&aacute; la <strong>topograf&iacute;a completa del yacimiento<\/strong>, incorporando una nueva base topogr&aacute;fica con curvas de nivel, as&iacute; como las nuevas estructuras que aparezcan durante la campa&ntilde;a, y un nuevo reportaje fotogr&aacute;fico a&eacute;reo de los sectores finalizados del yacimiento. <\/span><\/span><\/span><\/span><\/p>\n<p style=\"margin-left:0cm; margin-right:0cm; text-align:justify\"><span style=\"font-size:12pt\"><span style=\"font-family:&quot;Times New Roman&quot;,serif\"><span style=\"font-size:11.0pt\"><span style=\"font-family:&quot;Verdana&quot;,sans-serif\">Adem&aacute;s, como documentaci&oacute;n complementaria relativa al estudio del poblamiento medieval del territorio castral de Calp, se realizar&aacute; la <strong>topograf&iacute;a del yacimiento medieval del Castellet de Calp<\/strong>. Tambi&eacute;n se prev&eacute; realizar, junto con la Unidad de Geodetecci&oacute;n de la Universidad de C&aacute;diz, una <strong>prospecci&oacute;n con georradar 3D en diferentes &aacute;reas del yacimiento<\/strong> (Ifach Este e Ifach Norte, fundamentalmente) que no fueron prospectadas anteriormente para detectar la existencia de posibles estructuras de h&aacute;bitat.<\/span><\/span><\/span><\/span><\/p>\n<p style=\"margin-left:0cm; margin-right:0cm; text-align:justify\"><span style=\"font-size:12pt\"><span style=\"font-family:&quot;Times New Roman&quot;,serif\"><span style=\"font-size:11.0pt\"><span style=\"font-family:&quot;Verdana&quot;,sans-serif\">De forma complementaria, se realizar&aacute; la <strong>vectorizaci&oacute;n y montaje de l&aacute;minas<\/strong> de los alzados de las estructuras del Edificio 6, Iglesia, Calle 1 y Puerta Norte del yacimiento, correspondientes a las campa&ntilde;as de 2016, 2017, 2018 y 2019. Tambi&eacute;n se estima realizar una dataci&oacute;n radiocarb&oacute;nica sobre un registro carpol&oacute;gico procedente del Edificio 6 de la Pobla de Ifach.<\/span><\/span><\/span><\/span><\/p>\n<p style=\"margin-left:0cm; margin-right:0cm; text-align:justify\"><span style=\"font-size:12pt\"><span style=\"font-family:&quot;Times New Roman&quot;,serif\"><span style=\"font-size:11.0pt\"><span style=\"font-family:&quot;Verdana&quot;,sans-serif\">Asimismo, se contin&uacute;an con las labores de creaci&oacute;n del Centro de Interpretaci&oacute;n de la Pobla medieval de Ifach, un espacio museogr&aacute;fico permanente que se ubicar&aacute; en las instalaciones del parque natural. <\/span><\/span><\/span><\/span><\/p>\n<p style=\"margin-left:0cm; margin-right:0cm; text-align:justify\"><span style=\"font-size:12pt\"><span style=\"font-family:&quot;Times New Roman&quot;,serif\"><strong><span style=\"font-size:11.0pt\"><span style=\"font-family:&quot;Verdana&quot;,sans-serif\">Plan Estrategico Turismo Calp<\/span><\/span><\/strong><\/span><\/span><\/p>\n<p style=\"margin-left:0cm; margin-right:0cm; text-align:justify\"><span style=\"font-size:12pt\"><span style=\"font-family:&quot;Times New Roman&quot;,serif\"><span style=\"font-size:11.0pt\"><span style=\"font-family:&quot;Verdana&quot;,sans-serif\">&nbsp;&nbsp;&nbsp;&nbsp;&nbsp;&nbsp;&nbsp;&nbsp; Por otra parte, el presidente, que tambi&eacute;n ha visitado el Ayuntamiento, ha valorado muy positivamente el Plan Estrat&eacute;gico de Turismo 2020-2030 que el consistorio calpino ha elaborado. En este sentido, ha apuntado que &ldquo;es un gran documento t&eacute;cnico valiente, ambicioso y con visi&oacute;n de futuro&rdquo; y ha comunicado el apoyo del Patronato de la Costa Blanca al mismo.<\/span><\/span><\/span><\/span><\/p>\n","protected":false},"excerpt":{"rendered":"<p>&nbsp; La Diputaci&oacute;n de Alicante tiene previsto iniciar en esta legislatura la musealizaci&oacute;n del yacimiento<span class=\"excerpt-hellip\"> [\u2026]<\/span><\/p>\n","protected":false},"author":3,"featured_media":0,"comment_status":"open","ping_status":"open","sticky":false,"template":"","format":"standard","meta":{"kia_subtitle":"","footnotes":""},"categories":[],"tags":[],"class_list":["post-34400","post","type-post","status-publish","format-standard","hentry"],"meta_box":[],"_links":{"self":[{"href":"https:\/\/marqalicante-admin.qwair.com\/es\/wp-json\/wp\/v2\/posts\/34400","targetHints":{"allow":["GET"]}}],"collection":[{"href":"https:\/\/marqalicante-admin.qwair.com\/es\/wp-json\/wp\/v2\/posts"}],"about":[{"href":"https:\/\/marqalicante-admin.qwair.com\/es\/wp-json\/wp\/v2\/types\/post"}],"author":[{"embeddable":true,"href":"https:\/\/marqalicante-admin.qwair.com\/es\/wp-json\/wp\/v2\/users\/3"}],"replies":[{"embeddable":true,"href":"https:\/\/marqalicante-admin.qwair.com\/es\/wp-json\/wp\/v2\/comments?post=34400"}],"version-history":[{"count":0,"href":"https:\/\/marqalicante-admin.qwair.com\/es\/wp-json\/wp\/v2\/posts\/34400\/revisions"}],"wp:attachment":[{"href":"https:\/\/marqalicante-admin.qwair.com\/es\/wp-json\/wp\/v2\/media?parent=34400"}],"wp:term":[{"taxonomy":"category","embeddable":true,"href":"https:\/\/marqalicante-admin.qwair.com\/es\/wp-json\/wp\/v2\/categories?post=34400"},{"taxonomy":"post_tag","embeddable":true,"href":"https:\/\/marqalicante-admin.qwair.com\/es\/wp-json\/wp\/v2\/tags?post=34400"}],"curies":[{"name":"wp","href":"https:\/\/api.w.org\/{rel}","templated":true}]}}