{"id":34308,"date":"2019-09-27T10:40:00","date_gmt":"2019-09-27T10:40:00","guid":{"rendered":"https:\/\/marqalicante-admin.qwair.com\/2019\/09\/27\/la-lucentum-romana-cobra-vida-un-ano-mas-en-el-tossal-de-manises-con-las-jornadas-de-recreacion-historica-del-marq\/"},"modified":"2019-09-27T10:40:00","modified_gmt":"2019-09-27T10:40:00","slug":"la-lucentum-romana-cobra-vida-un-ano-mas-en-el-tossal-de-manises-con-las-jornadas-de-recreacion-historica-del-marq","status":"publish","type":"post","link":"https:\/\/marqalicante-admin.qwair.com\/es\/la-lucentum-romana-cobra-vida-un-ano-mas-en-el-tossal-de-manises-con-las-jornadas-de-recreacion-historica-del-marq\/","title":{"rendered":"La Lucentum Romana cobra vida un a\u00f1o m\u00e1s en el Tossal de Manises con las jornadas de recreaci\u00f3n hist\u00f3rica del MARQ"},"content":{"rendered":"<p style=\"margin-left:0cm; margin-right:0cm; text-align:center\"><img decoding=\"async\" alt=\"\" src=\"\/contenido\/genericas\/Lucentum1.jpg\" style=\"height:300px; width:400px\" \/><\/p>\n<p style=\"margin-left:0cm; margin-right:0cm; text-align:justify\"><span style=\"font-size:12pt\"><span style=\"font-family:LTAroma\"><span style=\"color:black\"><strong><span style=\"font-size:11.0pt\"><span style=\"font-family:&quot;Verdana&quot;,&quot;sans-serif&quot;\">E<\/span><\/span><\/strong><span style=\"font-size:11.0pt\"><span style=\"font-family:&quot;Verdana&quot;,&quot;sans-serif&quot;\">l <strong>yacimiento arqueol&oacute;gico del Tossal de Manises <\/strong>acoger&aacute; este fin de semana las <strong>IV Jornadas de Recreaci&oacute;n Hist&oacute;rica<\/strong> &ldquo;Reviviscit Lucentum&rdquo;, una iniciativa del <strong>MARQ <\/strong>para dar a conocer este enclave y poner en valor su importante contenido hist&oacute;rico.<\/span><\/span><\/span><\/span><\/span><\/p>\n<p style=\"margin-left:0cm; margin-right:0cm; text-align:justify\"><span style=\"font-size:12pt\"><span style=\"font-family:LTAroma\"><span style=\"color:black\"><span style=\"font-size:11.0pt\"><span style=\"font-family:&quot;Verdana&quot;,&quot;sans-serif&quot;\">La diputada de Cultura,<strong> Julia Parra<\/strong>,<strong> <\/strong>ha explicado que el principal objetivo de esta iniciativa, que celebra su cuarta edici&oacute;n, es <strong>difundir el rico patrimonio <\/strong>que atesora el yacimiento de Lucentum, el <strong>m&aacute;s visitado de la Comunitat Valenciana,<\/strong> y ha hecho especial hincapi&eacute; en el rigor hist&oacute;rico de las representaciones. La vida de un campamento romano, exhibiciones militares o combates de gladiadores son algunas de las escenas que interpretar&aacute; la <strong>asociaci&oacute;n cultural Hispania Romana<\/strong> una organizaci&oacute;n sin &aacute;nimo de lucro y de &aacute;mbito nacional que estudia la <strong>presencia romana en Espa&ntilde;a<\/strong> y otros lugares del Mediterr&aacute;neo, haciendo especial hincapi&eacute; en su <strong>legado cultural<\/strong>, lengua y costumbres. <\/span><\/span><\/span><\/span><\/span><\/p>\n<p style=\"margin-left:0cm; margin-right:0cm; text-align:justify\"><span style=\"font-size:12pt\"><span style=\"font-family:LTAroma\"><span style=\"color:black\"><span style=\"font-size:11.0pt\"><span style=\"font-family:&quot;Verdana&quot;,&quot;sans-serif&quot;\">Las recreaciones tendr&aacute;n lugar a lo largo de dos sesiones, el <strong>s&aacute;bado 28<\/strong>, de 17:30 a 20:00 horas, y el <strong>domingo 29 de septiembre<\/strong>, de 10:30 a 13:30 horas-. El aforo de las actividades estar&aacute; limitado a un m&aacute;ximo de <strong>250 personas por sesi&oacute;n<\/strong> y el precio de la entrada es de 3 euros por sesi&oacute;n (los ni&ntilde;os de hasta 7 a&ntilde;os podr&aacute;n acceder gratis). Los tickets se pueden adquirir en las taquillas del MARQ, en el mismo yacimiento o a trav&eacute;s de Instanticket.<\/span><\/span><\/span><\/span><\/span><\/p>\n<p style=\"margin-left:0cm; margin-right:0cm; text-align:justify\"><span style=\"font-size:12pt\"><span style=\"font-family:&quot;Times New Roman&quot;,serif\"><strong><span style=\"font-size:11.0pt\"><span style=\"font-family:&quot;Verdana&quot;,&quot;sans-serif&quot;\">Programa:<\/span><\/span><\/strong><\/span><\/span><\/p>\n<p style=\"margin-left:0cm; margin-right:0cm; text-align:justify\"><span style=\"font-size:12pt\"><span style=\"font-family:&quot;Times New Roman&quot;,serif\"><strong>S&aacute;bado 28 septiembre:<\/strong><\/span><\/span><\/p>\n<p style=\"margin-left:0cm; margin-right:0cm; text-align:justify\"><span style=\"font-size:12pt\"><span style=\"font-family:&quot;Times New Roman&quot;,serif\">Presentaci&oacute;n del yacimiento<\/span><\/span><br \/><span style=\"font-size:12pt\"><span style=\"font-family:&quot;Times New Roman&quot;,serif\">Pompa de Tadius Rufus<\/span><\/span><br \/><span style=\"font-size:12pt\"><span style=\"font-family:&quot;Times New Roman&quot;,serif\">Manumissio<\/span><\/span><br \/><span style=\"font-size:12pt\"><span style=\"font-family:&quot;Times New Roman&quot;,serif\">Exhibici&oacute;n militar Devotio<\/span><\/span><br \/><span style=\"font-size:12pt\"><span style=\"font-family:&quot;Times New Roman&quot;,serif\">Gladiatura<\/span><\/span><br \/><span style=\"font-size:12pt\"><span style=\"font-family:&quot;Times New Roman&quot;,serif\">Visita al campamento<\/span><\/span><\/p>\n<p style=\"margin-left:0cm; margin-right:0cm\"><span style=\"font-size:12pt\"><span style=\"font-family:&quot;Times New Roman&quot;,serif\"><strong>Domingo 29 septiembre:<\/strong><\/span><\/span><\/p>\n<p style=\"margin-left:0cm; margin-right:0cm\"><span style=\"font-size:12pt\"><span style=\"font-family:&quot;Times New Roman&quot;,serif\">Visita al campamento romano (Castra)<\/span><\/span><br \/><span style=\"font-size:12pt\"><span style=\"font-family:&quot;Times New Roman&quot;,serif\">M&oacute;dulo de legionario romano<\/span><\/span><br \/><span style=\"font-size:12pt\"><span style=\"font-family:&quot;Times New Roman&quot;,serif\">M&oacute;dulo de la mula de Mario<\/span><\/span><br \/><span style=\"font-size:12pt\"><span style=\"font-family:&quot;Times New Roman&quot;,serif\">M&oacute;dulo de tocador de matrona<\/span><\/span><br \/><span style=\"font-size:12pt\"><span style=\"font-family:&quot;Times New Roman&quot;,serif\">M&oacute;dulo de taberna romana<\/span><\/span><br \/><span style=\"font-size:12pt\"><span style=\"font-family:&quot;Times New Roman&quot;,serif\">M&oacute;dulo de adivinaci&oacute;n<\/span><\/span><\/p>\n<p><span style=\"font-size:12pt\"><span style=\"font-family:LTAroma\"><span style=\"color:black\"><strong><span style=\"font-size:11.0pt\"><span style=\"font-family:&quot;Verdana&quot;,&quot;sans-serif&quot;\">D&iacute;a Mundial del Turismo<\/span><\/span><\/strong><\/span><\/span><\/span><\/p>\n<p style=\"margin-left:0cm; margin-right:0cm; text-align:justify\"><span style=\"font-size:12pt\"><span style=\"font-family:LTAroma\"><span style=\"color:black\"><span style=\"font-size:11.0pt\"><span style=\"font-family:&quot;Verdana&quot;,&quot;sans-serif&quot;\">Por otra parte, el <strong>MARQ<\/strong> se sumar&aacute; ma&ntilde;ana viernes a las actividades culturales programadas con motivo del D&iacute;a Mundial del Turismo. Tanto el museo como los yacimientos y la Torre de la Almudaina <strong>abrir&aacute;n sus puertas gratuitamente<\/strong> en su horario habitual:<\/span><\/span><\/span><\/span><\/span><\/p>\n<p style=\"margin-left:0cm; margin-right:0cm; text-align:justify\"><span style=\"font-size:12pt\"><span style=\"font-family:LTAroma\"><span style=\"color:black\"><strong><span style=\"font-size:11.0pt\"><span style=\"font-family:&quot;Verdana&quot;,&quot;sans-serif&quot;\">MARQ<\/span><\/span><\/strong><span style=\"font-size:11.0pt\"><span style=\"font-family:&quot;Verdana&quot;,&quot;sans-serif&quot;\"> de 10:00 a 19:00 horas<\/span><\/span><\/span><\/span><\/span><br \/><span style=\"font-size:12pt\"><span style=\"font-family:LTAroma\"><span style=\"color:black\"><strong><span style=\"font-size:11.0pt\"><span style=\"font-family:&quot;Verdana&quot;,&quot;sans-serif&quot;\">Lucentum<\/span><\/span><\/strong><span style=\"font-size:11.0pt\"><span style=\"font-family:&quot;Verdana&quot;,&quot;sans-serif&quot;\"> de 10:00 a 14:00 y de 15:30 a 17:30 horas<\/span><\/span><\/span><\/span><\/span><br \/><span style=\"font-size:12pt\"><span style=\"font-family:LTAroma\"><span style=\"color:black\"><strong><span style=\"font-size:11.0pt\"><span style=\"font-family:&quot;Verdana&quot;,&quot;sans-serif&quot;\">Illeta dels Banyets<\/span><\/span><\/strong><span style=\"font-size:11.0pt\"><span style=\"font-family:&quot;Verdana&quot;,&quot;sans-serif&quot;\"> de 10:00 a 14:00 y de 15:30 a 17:30 horas<\/span><\/span><\/span><\/span><\/span><br \/><span style=\"font-size:12pt\"><span style=\"font-family:LTAroma\"><span style=\"color:black\"><strong><span style=\"font-size:11.0pt\"><span style=\"font-family:&quot;Verdana&quot;,&quot;sans-serif&quot;\">Torre de Almudaina<\/span><\/span><\/strong><span style=\"font-size:11.0pt\"><span style=\"font-family:&quot;Verdana&quot;,&quot;sans-serif&quot;\"> de 10:00 a 13:00 horas<\/span><\/span><\/span><\/span><\/span><\/p>\n<p style=\"margin-left:0cm; margin-right:0cm; text-align:justify\"><span style=\"font-size:12pt\"><span style=\"font-family:LTAroma\"><span style=\"color:black\"><strong><span style=\"font-size:11.0pt\"><span style=\"font-family:&quot;Verdana&quot;,&quot;sans-serif&quot;\">Noche de la investigaci&oacute;n<\/span><\/span><\/strong><\/span><\/span><\/span><\/p>\n<p style=\"margin-left:0cm; margin-right:0cm; text-align:justify\"><span style=\"font-size:12pt\"><span style=\"font-family:LTAroma\"><span style=\"color:black\"><span style=\"font-size:11.0pt\"><span style=\"font-family:&quot;Verdana&quot;,&quot;sans-serif&quot;\">Asimismo, el museo acoger&aacute; ma&ntilde;ana la celebraci&oacute;n de la <strong>Nit Europea de la Investigaci&oacute;<\/strong> que arrancar&aacute; a las 10:00 horas con un recorrido guiado bajo el t&iacute;tulo <strong>&ldquo;La mujer a trav&eacute;s del legado del MARQ&rdquo; <\/strong>para explicar el papel que la mujer ha desempe&ntilde;ado a lo largo de la Historia.&nbsp; <strong>&ldquo;Descubriendo nuestros antepasados&rdquo; <\/strong>es la segunda propuesta que tendr&aacute; pases a las 12:00 y a las 17:00 horas y estar&aacute; centrada en las Ciencias Auxiliares que ayudan al progreso de la Arqueolog&iacute;a.<\/span><\/span><\/span><\/span><\/span><\/p>\n<p style=\"margin-left:0cm; margin-right:0cm; text-align:justify\"><span style=\"font-size:12pt\"><span style=\"background-color:white\"><span style=\"font-family:&quot;Times New Roman&quot;,serif\"><span style=\"font-size:11.0pt\"><span style=\"font-family:&quot;Verdana&quot;,&quot;sans-serif&quot;\"><span style=\"color:black\">La informaci&oacute;n sobre estas actividades se puede ampliar en la p&aacute;gina <a href=\"http:\/\/marqalicante-classic-admin.qwair.com\" target=\"_blank\" rel=\"noopener\">marqalicante-classic-admin.qwair.com<\/a> o solicitar en el correo didacticamarq@diputacionalicante.es. <\/span><\/span><\/span><\/span><\/span><\/span><\/p>\n","protected":false},"excerpt":{"rendered":"<p>El yacimiento arqueol&oacute;gico del Tossal de Manises acoger&aacute; este fin de semana las IV Jornadas<span class=\"excerpt-hellip\"> [\u2026]<\/span><\/p>\n","protected":false},"author":3,"featured_media":0,"comment_status":"open","ping_status":"open","sticky":false,"template":"","format":"standard","meta":{"kia_subtitle":"","footnotes":""},"categories":[],"tags":[],"class_list":["post-34308","post","type-post","status-publish","format-standard","hentry"],"meta_box":[],"_links":{"self":[{"href":"https:\/\/marqalicante-admin.qwair.com\/es\/wp-json\/wp\/v2\/posts\/34308","targetHints":{"allow":["GET"]}}],"collection":[{"href":"https:\/\/marqalicante-admin.qwair.com\/es\/wp-json\/wp\/v2\/posts"}],"about":[{"href":"https:\/\/marqalicante-admin.qwair.com\/es\/wp-json\/wp\/v2\/types\/post"}],"author":[{"embeddable":true,"href":"https:\/\/marqalicante-admin.qwair.com\/es\/wp-json\/wp\/v2\/users\/3"}],"replies":[{"embeddable":true,"href":"https:\/\/marqalicante-admin.qwair.com\/es\/wp-json\/wp\/v2\/comments?post=34308"}],"version-history":[{"count":0,"href":"https:\/\/marqalicante-admin.qwair.com\/es\/wp-json\/wp\/v2\/posts\/34308\/revisions"}],"wp:attachment":[{"href":"https:\/\/marqalicante-admin.qwair.com\/es\/wp-json\/wp\/v2\/media?parent=34308"}],"wp:term":[{"taxonomy":"category","embeddable":true,"href":"https:\/\/marqalicante-admin.qwair.com\/es\/wp-json\/wp\/v2\/categories?post=34308"},{"taxonomy":"post_tag","embeddable":true,"href":"https:\/\/marqalicante-admin.qwair.com\/es\/wp-json\/wp\/v2\/tags?post=34308"}],"curies":[{"name":"wp","href":"https:\/\/api.w.org\/{rel}","templated":true}]}}