{"id":34267,"date":"2019-06-06T11:17:00","date_gmt":"2019-06-06T11:17:00","guid":{"rendered":"https:\/\/marqalicante-admin.qwair.com\/2019\/06\/06\/el-marq-acoge-el-viernes-14-de-junio-la-segunda-edicion-del-maraton-de-donacion-de-sangre-practica-el-doning\/"},"modified":"2019-06-06T11:17:00","modified_gmt":"2019-06-06T11:17:00","slug":"el-marq-acoge-el-viernes-14-de-junio-la-segunda-edicion-del-maraton-de-donacion-de-sangre-practica-el-doning","status":"publish","type":"post","link":"https:\/\/marqalicante-admin.qwair.com\/es\/el-marq-acoge-el-viernes-14-de-junio-la-segunda-edicion-del-maraton-de-donacion-de-sangre-practica-el-doning\/","title":{"rendered":"El MARQ acoge el viernes 14 de junio la segunda edici\u00f3n del Marat\u00f3n de Donaci\u00f3n de Sangre \u2018Practica el Doning\u2019"},"content":{"rendered":"<p>&nbsp;&nbsp;<img decoding=\"async\" alt=\"\" src=\"\/contenido\/genericas\/Donaci%C3%B3n%20sangre.jpg\" \/><img decoding=\"async\" alt=\"\" src=\"\/contenido\/genericas\/Donaci%C3%B3n%20sangre(1).jpg\" \/><img decoding=\"async\" alt=\"\" src=\"\/contenido\/genericas\/121.jpg\" style=\"height:299px; width:448px\" \/><\/p>\n<p style=\"margin-left:0cm; margin-right:0cm; text-align:justify\"><span style=\"font-size:12pt\"><span style=\"font-family:&quot;Times New Roman&quot;,serif\"><span style=\"font-size:11.0pt\"><span style=\"font-family:&quot;Verdana&quot;,&quot;sans-serif&quot;\">&nbsp; &nbsp; &nbsp; &nbsp;Tras el &eacute;xito de la primera edici&oacute;n, el Museo Arqueol&oacute;gico de Alicante<strong> <\/strong>acoge el pr&oacute;ximo <strong>viernes 14 de junio <\/strong>la segunda edici&oacute;n del <strong>Marat&oacute;n de Donaci&oacute;n de Sangre <\/strong><em>&lsquo;<strong>Practica el Doning<\/strong>&rsquo;. <\/em>El Centro de Transfusiones de la Comunitat Valenciana y ASISA impulsan esta propuesta solidaria que, por segundo a&ntilde;o consecutivo, cuenta con la colaboraci&oacute;n del televisivo chef <strong>Pepe Rodr&iacute;guez<\/strong>, art&iacute;fice del tentempi&eacute; que recibir&aacute;n todas aquellas personas que se acerquen a colaborar. <\/span><\/span><\/span><\/span><\/p>\n<p style=\"margin-left:0cm; margin-right:0cm; text-align:justify\"><span style=\"font-size:12pt\"><span style=\"font-family:&quot;Times New Roman&quot;,serif\"><span style=\"font-size:11.0pt\"><span style=\"font-family:&quot;Verdana&quot;,&quot;sans-serif&quot;\">&nbsp;&nbsp;&nbsp;&nbsp;&nbsp;&nbsp;&nbsp;&nbsp; Adem&aacute;s, todos los donantes recibir&aacute;n una<strong>&nbsp;entrada para visitar el MARQ y otras dos entradas para asistir al concierto que el cantante Carlos Baute<\/strong> ofrecer&aacute; en el Teatro Principal el pr&oacute;ximo 5 de julio, gentileza de ASISA.<\/span><\/span><\/span><\/span><\/p>\n<p style=\"margin-left:0cm; margin-right:0cm; text-align:justify\"><span style=\"font-size:12pt\"><span style=\"font-family:&quot;Times New Roman&quot;,serif\"><span style=\"font-size:11.0pt\"><span style=\"font-family:&quot;Verdana&quot;,&quot;sans-serif&quot;\">&nbsp;&nbsp;&nbsp;&nbsp;&nbsp;&nbsp;&nbsp;&nbsp; El director gerente de la Fundaci&oacute;n MARQ, <strong>Jos&eacute; Alberto Cort&eacute;s<\/strong>, ha presentado esta ma&ntilde;ana todos los detalles de esta jornada, que coincidir&aacute; con la celebraci&oacute;n del D&iacute;a Mundial del Donante de Sangre y que <strong>comenzar&aacute; a las 09:30 horas y se prolongar&aacute; hasta las 21:00 horas<\/strong> para facilitar un amplio margen de horario a aquellos que deseen colaborar.<\/span><\/span><\/span><\/span><\/p>\n<p style=\"margin-left:0cm; margin-right:0cm; text-align:justify\"><span style=\"font-size:12pt\"><span style=\"font-family:&quot;Times New Roman&quot;,serif\"><span style=\"font-size:11.0pt\"><span style=\"font-family:&quot;Verdana&quot;,&quot;sans-serif&quot;\">&nbsp;&nbsp;&nbsp;&nbsp;&nbsp;&nbsp;&nbsp;&nbsp; El acto ha contado tambi&eacute;n con la intervenci&oacute;n del alcalde en funciones de Alicante, <strong>Luis Barcala<\/strong>, de la subdirectora de Enfermer&iacute;a del Centro de Transfusiones de la Comunitat Valenciana, <strong>Mar&iacute;a Teresa Garro<\/strong>, y de la delegada provincial de ASISA, <strong>Paula Gim&eacute;nez<\/strong>. Todos han aprovechado su intervenci&oacute;n para animar a la ciudadan&iacute;a a sumarse a este marat&oacute;n, &ldquo;en el que se volver&aacute; a poner de manifiesto que Alicante es una ciudad solidaria que apuesta por la vida&rdquo;.<\/span><\/span><\/span><\/span><\/p>\n<p style=\"margin-left:0cm; margin-right:0cm; text-align:justify\"><span style=\"font-size:12pt\"><span style=\"font-family:&quot;Times New Roman&quot;,serif\"><span style=\"font-size:11.0pt\"><span style=\"font-family:&quot;Verdana&quot;,&quot;sans-serif&quot;\">&nbsp;&nbsp;&nbsp;&nbsp;&nbsp;&nbsp;&nbsp;&nbsp; &ldquo;Como no pod&iacute;a ser de otra manera, el MARQ se suma una vez m&aacute;s a esta extraordinaria cita cuyo objetivo es crear una cultura de hemodonaci&oacute;n altruista, continua y peri&oacute;dica que nos permita ayudar a salvar vidas&rdquo;, ha se&ntilde;alado Jos&eacute; Alberto Cort&eacute;s.<\/span><\/span><\/span><\/span><\/p>\n<p style=\"margin-left:0cm; margin-right:0cm; text-align:justify\"><span style=\"font-size:12pt\"><span style=\"font-family:&quot;Times New Roman&quot;,serif\"><span style=\"font-size:11.0pt\"><span style=\"font-family:&quot;Verdana&quot;,&quot;sans-serif&quot;\">&nbsp;&nbsp;&nbsp;&nbsp;&nbsp;&nbsp;&nbsp;&nbsp; Al igual que el a&ntilde;o anterior, <strong>se ha puesto en marcha el hashtag #PracticaElDoning<\/strong> para hacer m&aacute;s atractiva y din&aacute;mica esta iniciativa, sobre todo entre los m&aacute;s j&oacute;venes que son la garant&iacute;a del futuro. En la provincia de Alicante <strong>son necesarias 250 donaciones al d&iacute;a<\/strong> para cubrir y atender las demandas de los hospitales.<\/span><\/span><\/span><\/span><\/p>\n<p style=\"margin-left:0cm; margin-right:0cm; text-align:justify\"><span style=\"font-size:12pt\"><span style=\"font-family:&quot;Times New Roman&quot;,serif\"><span style=\"font-size:11.0pt\"><span style=\"font-family:&quot;Verdana&quot;,&quot;sans-serif&quot;\">&nbsp;&nbsp;&nbsp;&nbsp;&nbsp;&nbsp;&nbsp;&nbsp; &ldquo;La donaci&oacute;n es un acto voluntario y de car&aacute;cter altruista que no lleva m&aacute;s de 20 o 30 minutos y ofrece toda una vida a la persona que recibe esa transfusi&oacute;n&rdquo;, ha explicado la subdirectora de Enfermer&iacute;a del Centro de Transfusiones de la Comunitat Valenciana, quien ha a&ntilde;adido que &ldquo;la sangre no se puede fabricar y no tiene sustituto. Por ello, la &uacute;nica manera de obtenerla es mediante la donaci&oacute;n&rdquo;.<\/span><\/span><\/span><\/span><\/p>\n<p style=\"margin-left:0cm; margin-right:0cm; text-align:justify\"><span style=\"font-size:12pt\"><span style=\"font-family:&quot;Times New Roman&quot;,serif\"><span style=\"font-size:11.0pt\"><span style=\"font-family:&quot;Verdana&quot;,&quot;sans-serif&quot;\">En la edici&oacute;n anterior, se registraron un total <strong>473 donantes<\/strong>, de los cuales, 81 fueron debutantes.<\/span><\/span><\/span><\/span><\/p>\n<p style=\"margin-left:0cm; margin-right:0cm; text-align:justify\">&nbsp;<\/p>\n","protected":false},"excerpt":{"rendered":"<p>&nbsp;&nbsp; &nbsp; &nbsp; &nbsp; &nbsp;Tras el &eacute;xito de la primera edici&oacute;n, el Museo Arqueol&oacute;gico de<span class=\"excerpt-hellip\"> [\u2026]<\/span><\/p>\n","protected":false},"author":3,"featured_media":0,"comment_status":"open","ping_status":"open","sticky":false,"template":"","format":"standard","meta":{"kia_subtitle":"","footnotes":""},"categories":[],"tags":[],"class_list":["post-34267","post","type-post","status-publish","format-standard","hentry"],"meta_box":[],"_links":{"self":[{"href":"https:\/\/marqalicante-admin.qwair.com\/es\/wp-json\/wp\/v2\/posts\/34267","targetHints":{"allow":["GET"]}}],"collection":[{"href":"https:\/\/marqalicante-admin.qwair.com\/es\/wp-json\/wp\/v2\/posts"}],"about":[{"href":"https:\/\/marqalicante-admin.qwair.com\/es\/wp-json\/wp\/v2\/types\/post"}],"author":[{"embeddable":true,"href":"https:\/\/marqalicante-admin.qwair.com\/es\/wp-json\/wp\/v2\/users\/3"}],"replies":[{"embeddable":true,"href":"https:\/\/marqalicante-admin.qwair.com\/es\/wp-json\/wp\/v2\/comments?post=34267"}],"version-history":[{"count":0,"href":"https:\/\/marqalicante-admin.qwair.com\/es\/wp-json\/wp\/v2\/posts\/34267\/revisions"}],"wp:attachment":[{"href":"https:\/\/marqalicante-admin.qwair.com\/es\/wp-json\/wp\/v2\/media?parent=34267"}],"wp:term":[{"taxonomy":"category","embeddable":true,"href":"https:\/\/marqalicante-admin.qwair.com\/es\/wp-json\/wp\/v2\/categories?post=34267"},{"taxonomy":"post_tag","embeddable":true,"href":"https:\/\/marqalicante-admin.qwair.com\/es\/wp-json\/wp\/v2\/tags?post=34267"}],"curies":[{"name":"wp","href":"https:\/\/api.w.org\/{rel}","templated":true}]}}