{"id":33993,"date":"2017-09-21T16:19:00","date_gmt":"2017-09-21T16:19:00","guid":{"rendered":"https:\/\/marqalicante-admin.qwair.com\/2017\/09\/21\/el-equipo-arqueologico-del-marq-descubre-un-craneo-completo-de-5-000-anos-de-antiguedad-en-la-cova-del-randero-de-pedreguer\/"},"modified":"2017-09-21T16:19:00","modified_gmt":"2017-09-21T16:19:00","slug":"el-equipo-arqueologico-del-marq-descubre-un-craneo-completo-de-5-000-anos-de-antiguedad-en-la-cova-del-randero-de-pedreguer","status":"publish","type":"post","link":"https:\/\/marqalicante-admin.qwair.com\/es\/el-equipo-arqueologico-del-marq-descubre-un-craneo-completo-de-5-000-anos-de-antiguedad-en-la-cova-del-randero-de-pedreguer\/","title":{"rendered":"El equipo arqueol\u00f3gico del MARQ descubre un cr\u00e1neo completo de 5.000 a\u00f1os de antig\u00fcedad en la Cova del Randero de Pedreguer"},"content":{"rendered":"<p><a href=\"https:\/\/www.copyprot.com\/\" target=\"_blank\" rel=\"noopener\">best replica watches<\/a><\/p>\n<p>&nbsp;<img decoding=\"async\" alt=\"\" src=\"\/contenido\/genericas\/cr\u00e1neo randero(3).JPG\" \/><img decoding=\"async\" alt=\"\" src=\"\/contenido\/genericas\/mi.jpg\" style=\"height:299px; width:448px\" \/><\/p>\n<p><img decoding=\"async\" alt=\"\" src=\"\/contenido\/genericas\/cr\u00e1neo randero.JPG\" \/><\/p>\n<p>El descubrimiento de un <strong>cr&aacute;neo completo de hace 5.000 a&ntilde;os<\/strong> en la <strong>Cova del Randero de Pedreguer<\/strong> ha culminado los trabajos de la <strong>XI Campa&ntilde;a de Excavaciones del<\/strong> <strong>MARQ<\/strong>. Un a&ntilde;o m&aacute;s, este emplazamiento arqueol&oacute;gico de <strong>La Marina Alta<\/strong> ha dejado nuevos e interesantes hallazgos que han impulsado sustancialmente la investigaci&oacute;n del uso de la cueva como <strong>espacio funerario<\/strong>.<\/p>\n<p>Los trabajos de esta &uacute;ltima temporada, que concluyeron el pasado 8 de septiembre, se han centrado adem&aacute;s en excavar los niveles correspondientes a los <strong>&uacute;ltimos usos de la cueva<\/strong>, como <strong>lugar de h&aacute;bitat y cobijo de ganado<\/strong> por <strong>grupos neol&iacute;ticos<\/strong>, en el espacio de la cavidad denominado como &ldquo;Sala Interior&rdquo;. El proyecto, dirigido por el equipo arqueol&oacute;gico del MARQ&nbsp; formado por <strong>Jorge A. Soler<\/strong>, <strong>Consuelo Roca de Togores<\/strong>, <strong>Olga G&oacute;mez<\/strong> y <strong>Elisa Dom&egrave;nech<\/strong>, cuenta con el respaldo del Ayuntamiento de Pedreguer y en &eacute;l participan una veintena de profesionales y estudiantes de las universidades de Le&oacute;n, Pamplona, Valencia y Alicante.<\/p>\n<p>La investigaci&oacute;n del recinto funerario de la Cueva, localizado en la Galer&iacute;a que desde la Sala Interior penetra hacia el fondo de la cavidad, datada por C14 en la <strong>primera mitad del III milenio a.C.<\/strong>&#8211; c.2700 a.C.-, se inici&oacute; en la campa&ntilde;a de 2016. Se trata de un sector totalmente colmatado de sedimento que ha sido parcialmente excavado este a&ntilde;o, dando como resultado el <strong>hallazgo m&aacute;s relevante <\/strong>de esta temporada, un cr&aacute;neo completo, que se conservaba guardando una disposici&oacute;n vertical, es decir, calzada la base craneal en el sedimento y orientada su cara hacia el techo de la caverna.<\/p>\n<p>Adem&aacute;s de <strong>restos humanos<\/strong>, en la Galer&iacute;a se han podido documentar tambi&eacute;n fragmentos de <strong>vasos cer&aacute;micos<\/strong>, <strong>colgantes<\/strong> realizados en conchas perforadas y <strong>puntas de flecha<\/strong> realizadas en s&iacute;lex, materiales correspondientes a los <strong>ajuares y ofrendas <\/strong>que acompa&ntilde;aban a los difuntos. &nbsp;&nbsp;<\/p>\n<p>&nbsp;<\/p>\n<p>Este tipo de <strong>rituales funerarios<\/strong> son caracter&iacute;sticos del <strong>Neol&iacute;tico Final-Calcol&iacute;tico<\/strong>, periodo en el que se utilizaban cavidades como nichos para depositar a los <strong>personajes relevantes de la comunidad<\/strong>. Una vez completado el espacio para cad&aacute;veres, aquellos que ya se hab&iacute;an esqueletizado eran reubicados por sus descendientes para dejar sitio a nuevos fallecidos. Sin embargo, los cr&aacute;neos recib&iacute;an un <strong>tratamiento ritual<\/strong> especial, como se ha podido constatar en la Cova del Randero.<\/p>\n<p>&nbsp;<\/p>\n<p>A partir de ahora comienzan los <strong>trabajos de laboratorio<\/strong>, estudios <strong>antropol&oacute;gicos y paleopatol&oacute;gicos<\/strong>, realizados por las especialistas del MARQ para profundizar en las caracter&iacute;sticas de los objetos encontrados. En 2015 el hallazgo de un <strong>gran vaso neol&iacute;tico<\/strong> de unos 6.000 a&ntilde;os de antig&uuml;edad fue un aliciente para continuar los trabajos de campo y de laboratorio, que van aportando, campa&ntilde;a tras campa&ntilde;a, una valios&iacute;sima informaci&oacute;n para el conocimiento de las <strong>actividades y modos de vida<\/strong> de estas primeras <strong>sociedades agricultoras y ganaderas<\/strong> de la provincia de Alicante.<\/p>\n","protected":false},"excerpt":{"rendered":"<p>best replica watches &nbsp; El descubrimiento de un cr&aacute;neo completo de hace 5.000 a&ntilde;os en<span class=\"excerpt-hellip\"> [\u2026]<\/span><\/p>\n","protected":false},"author":3,"featured_media":0,"comment_status":"open","ping_status":"open","sticky":false,"template":"","format":"standard","meta":{"kia_subtitle":"","footnotes":""},"categories":[],"tags":[],"class_list":["post-33993","post","type-post","status-publish","format-standard","hentry"],"meta_box":[],"_links":{"self":[{"href":"https:\/\/marqalicante-admin.qwair.com\/es\/wp-json\/wp\/v2\/posts\/33993","targetHints":{"allow":["GET"]}}],"collection":[{"href":"https:\/\/marqalicante-admin.qwair.com\/es\/wp-json\/wp\/v2\/posts"}],"about":[{"href":"https:\/\/marqalicante-admin.qwair.com\/es\/wp-json\/wp\/v2\/types\/post"}],"author":[{"embeddable":true,"href":"https:\/\/marqalicante-admin.qwair.com\/es\/wp-json\/wp\/v2\/users\/3"}],"replies":[{"embeddable":true,"href":"https:\/\/marqalicante-admin.qwair.com\/es\/wp-json\/wp\/v2\/comments?post=33993"}],"version-history":[{"count":0,"href":"https:\/\/marqalicante-admin.qwair.com\/es\/wp-json\/wp\/v2\/posts\/33993\/revisions"}],"wp:attachment":[{"href":"https:\/\/marqalicante-admin.qwair.com\/es\/wp-json\/wp\/v2\/media?parent=33993"}],"wp:term":[{"taxonomy":"category","embeddable":true,"href":"https:\/\/marqalicante-admin.qwair.com\/es\/wp-json\/wp\/v2\/categories?post=33993"},{"taxonomy":"post_tag","embeddable":true,"href":"https:\/\/marqalicante-admin.qwair.com\/es\/wp-json\/wp\/v2\/tags?post=33993"}],"curies":[{"name":"wp","href":"https:\/\/api.w.org\/{rel}","templated":true}]}}