{"id":33960,"date":"2017-06-16T10:20:42","date_gmt":"2017-06-16T10:20:42","guid":{"rendered":"https:\/\/marqalicante-admin.qwair.com\/2017\/06\/16\/la-diputacion-de-alicante-asume-la-propiedad-del-tossal-de-manises-tras-decadas-de-investigacion-excavacion-y-gestion\/"},"modified":"2017-06-16T10:20:42","modified_gmt":"2017-06-16T10:20:42","slug":"la-diputacion-de-alicante-asume-la-propiedad-del-tossal-de-manises-tras-decadas-de-investigacion-excavacion-y-gestion","status":"publish","type":"post","link":"https:\/\/marqalicante-admin.qwair.com\/es\/la-diputacion-de-alicante-asume-la-propiedad-del-tossal-de-manises-tras-decadas-de-investigacion-excavacion-y-gestion\/","title":{"rendered":"La Diputaci\u00f3n de Alicante asume la propiedad del Tossal de Manises tras d\u00e9cadas de investigaci\u00f3n, excavaci\u00f3n y gesti\u00f3n"},"content":{"rendered":"<p>&nbsp;<\/p>\n<p><img alt='' src='\/contenido\/genericas\/Tossal2(1).jpg' style='height:299px; width:448px' \/><\/p>\n<p>&nbsp;<\/p>\n<p>El Gobierno Provincial iniciar&aacute; este a&ntilde;o las <strong>obras de restauraci&oacute;n del Foro Romano de Lucentum<\/strong> con una inversi&oacute;n, a trav&eacute;s del <strong>Plan Financieramente Sostenible<\/strong>, de <strong>400.000 euros<\/strong>. As&iacute; lo ha anunciado esta ma&ntilde;ana el presidente de la Diputaci&oacute;n de Alicante, <strong>C&eacute;sar S&aacute;nchez<\/strong>, en el acto de <strong>cesi&oacute;n de la titularidad del Tossal de Manises<\/strong> a la instituci&oacute;n por parte del Estado.<\/p>\n<p>&nbsp;&nbsp;&nbsp;&nbsp;&nbsp;&nbsp;&nbsp; &ldquo;<u>Se trata de un ambicioso proyecto y de una decidida apuesta por nuestra cultura que transformar&aacute; definitivamente este enclave arqueol&oacute;gico y lo situar&aacute; dentro de los mejores de Europa, tanto en conservaci&oacute;n como en tecnolog&iacute;a<\/u>&rdquo;, ha concretado el presidente, quien ha agradecido el trabajo de todas aquellas personas implicadas durante a&ntilde;os en impulsar este yacimiento. Adem&aacute;s, ha tenido unas palabras de reconocimiento hacia la arque&oacute;loga sueca <strong>Solveig Nodstrom<\/strong>, quien en su d&iacute;a paraliz&oacute; la intervenci&oacute;n de las excavadoras en la zona.<\/p>\n<p>&nbsp;&nbsp;&nbsp;&nbsp;&nbsp;&nbsp;&nbsp;&nbsp; El acto, conducido por el diputado de Cultura y Educaci&oacute;n<strong>, C&eacute;sar Augusto Asencio<\/strong>, ha contado con la presencia del delegado del Gobierno en la Comunitat Valenciana, <strong>Juan Carlos Moragues<\/strong>, quien ha rubricado junto a S&aacute;nchez los documentos de cesi&oacute;n, as&iacute; como el delegado de Econom&iacute;a y Hacienda en la provincia, <strong>Antonio Rodr&iacute;guez<\/strong>, adem&aacute;s del director del MARQ, <strong>Manuel Olcina<\/strong>, o el jefe del &aacute;rea de Arquitectura, <strong>Rafael P&eacute;rez<\/strong>, entre otras autoridades.<\/p>\n<p>&nbsp;&nbsp;&nbsp;&nbsp;&nbsp;&nbsp;&nbsp;&nbsp; El presidente de la Diputaci&oacute;n de Alicante ha insistido, adem&aacute;s, en que &ldquo;<u>Lucentum es un icono de nuestro pasado y una oportunidad para nuestro futuro<\/u>&rdquo; y ha matizado que &ldquo;<u>la cesi&oacute;n de su propiedad a la instituci&oacute;n provincial redundar&aacute; en mayores beneficios cient&iacute;ficos, sociales y de investigaci&oacute;n, al tiempo que asegurar&aacute; su continuidad<\/u>&rdquo;. En este punto, S&aacute;nchez ha avanzado que &ldquo;<u>queremos retomar, desde el &aacute;rea de Cultura, el desarrollo de una programaci&oacute;n cultural de calidad para los meses de verano que incluya conciertos, teatro u &oacute;pera, una oportunidad para el disfrute de los miles de turistas que nos visitan<\/u>&rdquo;.<\/p>\n<p>&nbsp;&nbsp;&nbsp;&nbsp;&nbsp;&nbsp;&nbsp;&nbsp; Por su parte, Juan Carlos Moragues ha agradecido a la Diputaci&oacute;n su trabajo durante estos a&ntilde;os y su implicaci&oacute;n en las mejoras, inversi&oacute;n y musealizaci&oacute;n del yacimiento, al que ha calificado como &ldquo;<u>joya arquitect&oacute;nica, monumental e hist&oacute;rica de la provincia, de la Comunitat y de Espa&ntilde;a<\/u>&rdquo;. Por ello, ha insistido en la <strong>importancia de su preservaci&oacute;n<\/strong> como <strong>icono tur&iacute;stico sin igual<\/strong> y como referente a nivel mundial.<\/p>\n<p><strong><u>Historia del Tossal de Manises <\/u><\/strong><\/p>\n<p>Poderosas murallas, anchas calles, viviendas, almacenes y cisternas aseguraban la habitabilidad de <strong>Lucentum<\/strong> en el siglo III a.C. La <strong>Diputaci&oacute;n de Alicante<\/strong> ha tutelado desde sus inicios los trabajos de <strong>consolidaci&oacute;n y musealizaci&oacute;n<\/strong> a trav&eacute;s del MARQ. M&aacute;s de 27 a&ntilde;os de trabajo, como ha reconocido el presidente &ldquo;<u>en los que nos hemos encargado de excavar y transformar esta ciudad romana en uno de los yacimientos m&aacute;s importantes de la Comunidad Valenciana, a la altura de los m&aacute;s reconocidos de Europa<\/u>&rdquo;.<\/p>\n<p>Con una extensi&oacute;n de <strong>4,2 hect&aacute;reas<\/strong> &ndash;aproximadamente, el equivalente a cincuenta campos de f&uacute;tbol-, el parque conserva toda la <strong>ciudad romana amurallada<\/strong> y cuenta con la declaraci&oacute;n de <strong>Bien de Inter&eacute;s Cultural<\/strong>.&nbsp;<\/p>\n<p>El arque&oacute;logo y escritor alicantino <strong>Antonio Varc&aacute;rcel<\/strong>, Conde de Lumiares, llev&oacute; a cabo las <strong>primeras investigaciones<\/strong> relevantes a finales del <strong>siglo XVIII<\/strong>, aunque no fue hasta <strong>1931<\/strong> cuando la <strong>Comisi&oacute;n Provincial de Monumentos<\/strong> comenz&oacute; con las excavaciones que descubrieron las primeras calles, termas y murallas. Precisamente este fue parte del <strong>origen del Museo Arqueol&oacute;gico de Alicante<\/strong>, que se cre&oacute; para acoger las piezas recuperadas en el yacimiento, y el inicio de una relaci&oacute;n con el <strong>Gobierno Provincial<\/strong> que actualmente se ha consolidado al asumir la propiedad de los terrenos.<\/p>\n<p>En los a&ntilde;os 50 y 60, la <strong>presi&oacute;n urban&iacute;stica<\/strong> cercaba el Tossal de Manises y frustr&oacute; los esfuerzos de la Diputaci&oacute;n de Alicante para adquirir los terrenos. Sin embargo, en 1973 el <strong>Estado logr&oacute; expropiar las parcelas<\/strong> en manos de particulares y <strong>delimit&oacute; la zona,<\/strong> tal y como la conocemos en la actualidad.<\/p>\n<p>A partir de 1990 se retomaron las excavaciones y el MARQ emprendi&oacute; un <strong>amplio proyecto de recuperaci&oacute;n y puesta en valor<\/strong> de los restos arqueol&oacute;gicos, en colaboraci&oacute;n con el &aacute;rea de Arquitectura de la instituci&oacute;n provincial. Tras la <strong>consolidaci&oacute;n de estructuras<\/strong> y actuaciones en el per&iacute;metro para <strong>proteger la zona<\/strong> del agresivo entorno urbano, a finales de los noventa se materializ&oacute; un ambicioso proyecto para su <strong>musealizaci&oacute;n<\/strong>. El principal objetivo era convertir el yacimiento en un <strong>espacio inteligible para el p&uacute;blico no especializado<\/strong> y poner al alcance del visitante la realidad de este importante <strong>legado patrimonial<\/strong>.<\/p>\n<p>Entre otras actuaciones, se fij&oacute; un <strong>itinerario de visita<\/strong> al yacimiento lo m&aacute;s similar posible al original para facilitar la comprensi&oacute;n de la forma urbana pero, sobre todo, se eliminaron barreras para facilitar la <strong>accesibilidad<\/strong> en la medida de lo posible. Tambi&eacute;n la <strong>musealizaci&oacute;n<\/strong> actu&oacute; de manera individualizada en los <strong>edificios y conjuntos de construcciones<\/strong> m&aacute;s relevantes con el objetivo de resaltar su tipolog&iacute;a arquitect&oacute;nica, incidiendo en los elementos que ayudan a su comprensi&oacute;n y apoyando la actuaci&oacute;n con la instalaci&oacute;n de <strong>paneles informativos<\/strong> a lo largo del recorrido.<\/p>\n<p>Un complejo <strong>sistema de seguridad<\/strong> complet&oacute; las actuaciones para recuperar el enclave que se <strong>inaugur&oacute; en julio de 1998<\/strong>. Culminaba as&iacute; la materializaci&oacute;n del primer yacimiento arqueol&oacute;gico de la Comunitat Valenciana a la altura de los m&aacute;s <strong>reconocidos de Europa<\/strong>, tanto por las <strong>infraestructuras enfocadas al visitante<\/strong> como por las labores de <strong>investigaci&oacute;n y conservaci&oacute;n<\/strong> acometidas.<\/p>\n","protected":false},"excerpt":{"rendered":"<p>&nbsp; &nbsp; El Gobierno Provincial iniciar&aacute; este a&ntilde;o las obras de restauraci&oacute;n del Foro Romano<span class=\"excerpt-hellip\"> [\u2026]<\/span><\/p>\n","protected":false},"author":3,"featured_media":0,"comment_status":"open","ping_status":"open","sticky":false,"template":"","format":"standard","meta":{"kia_subtitle":"","footnotes":""},"categories":[],"tags":[],"class_list":["post-33960","post","type-post","status-publish","format-standard","hentry"],"meta_box":[],"_links":{"self":[{"href":"https:\/\/marqalicante-admin.qwair.com\/es\/wp-json\/wp\/v2\/posts\/33960","targetHints":{"allow":["GET"]}}],"collection":[{"href":"https:\/\/marqalicante-admin.qwair.com\/es\/wp-json\/wp\/v2\/posts"}],"about":[{"href":"https:\/\/marqalicante-admin.qwair.com\/es\/wp-json\/wp\/v2\/types\/post"}],"author":[{"embeddable":true,"href":"https:\/\/marqalicante-admin.qwair.com\/es\/wp-json\/wp\/v2\/users\/3"}],"replies":[{"embeddable":true,"href":"https:\/\/marqalicante-admin.qwair.com\/es\/wp-json\/wp\/v2\/comments?post=33960"}],"version-history":[{"count":0,"href":"https:\/\/marqalicante-admin.qwair.com\/es\/wp-json\/wp\/v2\/posts\/33960\/revisions"}],"wp:attachment":[{"href":"https:\/\/marqalicante-admin.qwair.com\/es\/wp-json\/wp\/v2\/media?parent=33960"}],"wp:term":[{"taxonomy":"category","embeddable":true,"href":"https:\/\/marqalicante-admin.qwair.com\/es\/wp-json\/wp\/v2\/categories?post=33960"},{"taxonomy":"post_tag","embeddable":true,"href":"https:\/\/marqalicante-admin.qwair.com\/es\/wp-json\/wp\/v2\/tags?post=33960"}],"curies":[{"name":"wp","href":"https:\/\/api.w.org\/{rel}","templated":true}]}}