{"id":33880,"date":"2017-02-09T00:00:00","date_gmt":"2017-02-09T00:00:00","guid":{"rendered":"https:\/\/marqalicante-admin.qwair.com\/2017\/02\/09\/la-exposicion-luz-de-roma-aterriza-en-elche-con-una-coleccion-de-candiles-de-aceite-de-epoca-romana\/"},"modified":"2017-02-09T00:00:00","modified_gmt":"2017-02-09T00:00:00","slug":"la-exposicion-luz-de-roma-aterriza-en-elche-con-una-coleccion-de-candiles-de-aceite-de-epoca-romana","status":"publish","type":"post","link":"https:\/\/marqalicante-admin.qwair.com\/es\/la-exposicion-luz-de-roma-aterriza-en-elche-con-una-coleccion-de-candiles-de-aceite-de-epoca-romana\/","title":{"rendered":"La exposici\u00f3n Luz de Roma aterriza en Elche con una colecci\u00f3n de candiles de aceite de \u00e9poca romana"},"content":{"rendered":"<p>&nbsp;<\/p>\n<p><img alt='' src='\/contenido\/genericas\/5cea04d8-4007-4bf7-ab54-0e0d9942fe16.jpg' style='width: 448px; height: 336px;' \/><\/p>\n<p style='text-align: justify;'>&nbsp; &nbsp; &nbsp; &nbsp;El&nbsp;<strong>Museo Arqueol&oacute;gico y de Historia de Elche (MAHE) <\/strong>abri&oacute;<strong>&nbsp;<\/strong>sus puertas ayer &nbsp;tarde a la exposici&oacute;n itinerante <strong>&lsquo;Luz de Roma&rsquo;<\/strong>, una muestra formada por <strong>candiles de aceite de &eacute;poca romana<\/strong> que recopila <strong>43 piezas<\/strong> procedentes de varias colecciones. El objetivo de esta nueva propuesta, que impulsa el <strong>Gobierno Provincial de Alicante<\/strong>, es el dedar a conocer la utilidad, forma y decoraci&oacute;n de estos peque&ntilde;os objetos que fueron cambiando a lo largo de los siglos de dominio romano.<\/p>\n<p style='text-align: justify;'>&nbsp;&nbsp;&nbsp;&nbsp;&nbsp;&nbsp;&nbsp;&nbsp; El diputado de Cultura y Educaci&oacute;n, <strong>C&eacute;sar Augusto Asencio<\/strong>, present&oacute; ayer &nbsp;tarde, a las 20:00 horas, esta iniciativa que se refuerza con diversos <strong>paneles explicativos<\/strong> en los que se abordan temas relacionados con la elaboraci&oacute;n y comercio de las lucernas, as&iacute; como <strong>dos audiovisuales<\/strong> que aportan informaci&oacute;n complementaria. Asencio estuvo acompa&ntilde;ado por el director del MARQ, <strong>Manuel Olcina<\/strong>, la comisaria de la muestra, <strong>Anna Garc&iacute;a<\/strong>, el director regional en Elche de la Fundaci&oacute;n Banco Sabadell y patrocinadora de la propuesta, <strong>Jos&eacute; Manuel S&aacute;nchez<\/strong>, y la concejal de Cultura del Ayuntamiento ilicitano, <strong>Patricia Maci&aacute;<\/strong>.&nbsp;<\/p>\n<p style='text-align: justify;'>&nbsp; &nbsp; Los objetos que forman esta compilaci&oacute;n, que podr&aacute; visitarse hasta el pr&oacute;ximo 7 de mayo, proceden tanto del Museo Arqueol&oacute;gico de Alicante, como del <strong>Museo Monogr&aacute;fico de La Alcudia de Elche<\/strong> y del <strong>Museo Arqueol&oacute;gico Municipal de Elda<\/strong>. De entre todos ellos, destaca un ejemplar realizado en bronce, una lucerna vidriada y decorada con dos cabezas de caballo y una l&aacute;mpara de forma circular y dotada con numerosos agujeros de luz.<\/p>\n","protected":false},"excerpt":{"rendered":"<p>&nbsp; &nbsp; &nbsp; &nbsp; &nbsp;El&nbsp;Museo Arqueol&oacute;gico y de Historia de Elche (MAHE) abri&oacute;&nbsp;sus puertas ayer<span class=\"excerpt-hellip\"> [\u2026]<\/span><\/p>\n","protected":false},"author":3,"featured_media":0,"comment_status":"open","ping_status":"open","sticky":false,"template":"","format":"standard","meta":{"kia_subtitle":"","footnotes":""},"categories":[],"tags":[],"class_list":["post-33880","post","type-post","status-publish","format-standard","hentry"],"meta_box":[],"_links":{"self":[{"href":"https:\/\/marqalicante-admin.qwair.com\/es\/wp-json\/wp\/v2\/posts\/33880","targetHints":{"allow":["GET"]}}],"collection":[{"href":"https:\/\/marqalicante-admin.qwair.com\/es\/wp-json\/wp\/v2\/posts"}],"about":[{"href":"https:\/\/marqalicante-admin.qwair.com\/es\/wp-json\/wp\/v2\/types\/post"}],"author":[{"embeddable":true,"href":"https:\/\/marqalicante-admin.qwair.com\/es\/wp-json\/wp\/v2\/users\/3"}],"replies":[{"embeddable":true,"href":"https:\/\/marqalicante-admin.qwair.com\/es\/wp-json\/wp\/v2\/comments?post=33880"}],"version-history":[{"count":0,"href":"https:\/\/marqalicante-admin.qwair.com\/es\/wp-json\/wp\/v2\/posts\/33880\/revisions"}],"wp:attachment":[{"href":"https:\/\/marqalicante-admin.qwair.com\/es\/wp-json\/wp\/v2\/media?parent=33880"}],"wp:term":[{"taxonomy":"category","embeddable":true,"href":"https:\/\/marqalicante-admin.qwair.com\/es\/wp-json\/wp\/v2\/categories?post=33880"},{"taxonomy":"post_tag","embeddable":true,"href":"https:\/\/marqalicante-admin.qwair.com\/es\/wp-json\/wp\/v2\/tags?post=33880"}],"curies":[{"name":"wp","href":"https:\/\/api.w.org\/{rel}","templated":true}]}}