{"id":33803,"date":"2016-07-11T00:00:00","date_gmt":"2016-07-11T00:00:00","guid":{"rendered":"https:\/\/marqalicante-admin.qwair.com\/2016\/07\/11\/el-marq-impulsa-un-verano-mas-la-campana-de-excavaciones-arqueologicas-en-la-pobla-medieval-de-ifach\/"},"modified":"2016-07-11T00:00:00","modified_gmt":"2016-07-11T00:00:00","slug":"el-marq-impulsa-un-verano-mas-la-campana-de-excavaciones-arqueologicas-en-la-pobla-medieval-de-ifach","status":"publish","type":"post","link":"https:\/\/marqalicante-admin.qwair.com\/es\/el-marq-impulsa-un-verano-mas-la-campana-de-excavaciones-arqueologicas-en-la-pobla-medieval-de-ifach\/","title":{"rendered":"El MARQ impulsa un verano m\u00e1s la campa\u00f1a de excavaciones arqueol\u00f3gicas  en la Pobla Medieval de Ifach"},"content":{"rendered":"<p style='text-align: center;'>&nbsp;<img alt='' src='\/contenido\/genericas\/panoramica_Ifac(1).jpg' style='width: 299px; height: 448px;' \/><\/p>\n<p style='text-align: center;'>&nbsp;<\/p>\n<p style='text-align: justify;'>&nbsp;<span style='text-align: justify;'>&nbsp; &nbsp; &nbsp; &nbsp; Un total de <\/span><strong style='text-align: justify;'>32 estudiantes de Arqueolog&iacute;a <\/strong><span style='text-align: justify;'>procedentes de m&aacute;s de quince universidades espa&ntilde;olas participan este verano en la <\/span><strong style='text-align: justify;'>XII Campa&ntilde;a de Excavaciones de la Pobla Medieval d&rsquo;Ifac <\/strong><span style='text-align: justify;'>que impulsa el MARQ. Los trabajos, que se iniciaron el pasado 1 de julio y se prolongar&aacute;n hasta el 31 de agosto, se centrar&aacute;n este a&ntilde;o en el recinto amurallado. En concreto, en un <\/span><strong style='text-align: justify;'>lienzo de la muralla Norte<\/strong><span style='text-align: justify;'> con m&aacute;s de doce metros de longitud y cinco de altura y en la <\/span><strong style='text-align: justify;'>Torre de Guardia<\/strong><span style='text-align: justify;'>, ambos sectores ubicados en las cercan&iacute;as de la Puerta de Ifach, donde se reforzar&aacute; la zona y se realizar&aacute; una reintegraci&oacute;n volum&eacute;trica para evitar futuros derrumbes.<\/span><\/p>\n<p style='text-align: justify;'>&nbsp; &nbsp; &nbsp; &nbsp; &nbsp; Adem&aacute;s, este a&ntilde;o se intentar&aacute; <strong>terminar de descubrir el corredor cubierto de acceso a la <em>pobla<\/em><\/strong> que se encuentra entre las dos primeras puertas de ingreso y que, previsiblemente, ofrecer&aacute; una informaci&oacute;n vital para el estudio de la organizaci&oacute;n interna de este enclave urbano construido a partir de a&ntilde;o 1298 por <strong>Roger de Ll&uacute;ria<\/strong>, Se&ntilde;or de Ifach y almirante calabr&eacute;s al servicio de la Corona de Arag&oacute;n.<\/p>\n<p style='text-align: justify;'>&nbsp; &nbsp; &nbsp; &nbsp; &ldquo;<u>Aunque el principal objetivo se centra en la consolidaci&oacute;n preventiva, el proyecto nos permitir&aacute; tambi&eacute;n continuar con la documentaci&oacute;n del sistema de acceso a la <em>pobla<\/em>, ubicado en el Sector Oeste del yacimiento y descubierto parcialmente en ediciones anteriores<\/u>&rdquo;, ha explicado el director de la campa&ntilde;a y arque&oacute;logo del museo alicantino, <strong>Jos&eacute; Luis Men&eacute;ndez<\/strong>.<\/p>\n<p style='text-align: justify;'>&nbsp;&nbsp;&nbsp;&nbsp;&nbsp;&nbsp;&nbsp;&nbsp; Los trabajos contemplan, asimismo, la <strong>ampliaci&oacute;n del &aacute;rea de la necr&oacute;polis<\/strong>, un espacio descubierto en 2008 y situado frente a la fachada de la <strong>Iglesia de Nuestra Se&ntilde;ora de los &Aacute;ngeles<\/strong>. Este edificio, uno de los m&aacute;s emblem&aacute;ticos del yacimiento, fue construido entre los a&ntilde;os 1320 y 1340 por <strong>Do&ntilde;a Margarita<\/strong>, Condesa de Terranova e hija del Almirante Roger de Ll&uacute;ria. Las tareas se van a centrar principalmente en la finalizaci&oacute;n de las excavaciones del &aacute;rea funeraria, donde hasta el momento se han localizado <strong>55 tumbas<\/strong> con m&aacute;s de <strong>85 inhumaciones documentadas<\/strong>.<\/p>\n<p style='text-align: justify;'>&nbsp; &nbsp; &nbsp; &nbsp; &nbsp; En este enclave destaca una que podr&iacute;a ser <strong>la de un caballero<\/strong> y otra que posiblemente perteneciese a <strong>un cl&eacute;rigo o cargo eclesi&aacute;stico<\/strong>, ya que porta entre sus manos un grial o copa lit&uacute;rgica. Asimismo, son especialmente relevantes una tumba en la que apareci&oacute; <strong>una mujer embarazada con su feto<\/strong> y otra colectiva con <strong>m&aacute;s de 16 inhumaciones<\/strong>.<\/p>\n<p style='text-align: justify;'>&nbsp; &nbsp; &nbsp; &nbsp; &nbsp; &ldquo;<u>Tres puertas consecutivas y un complejo sistema de acceso convierten a Ifac en un yacimiento de referencia en lo que se refiere al estudio de los asentamientos posteriores a la conquista cristiana durante los siglos XIII y XIV, germen hist&oacute;rico de lo que ahora es la Comunitat Valenciana<\/u>&rdquo;, ha puntualizado Men&eacute;ndez.<\/p>\n<p style='text-align: justify;'>&nbsp;&nbsp;&nbsp;&nbsp;&nbsp;&nbsp;&nbsp;&nbsp; La campa&ntilde;a de excavaciones de la Pobla Medieval d&rsquo;Ifac, un espacio declarado <strong>Bien de Inter&eacute;s Cultural en el a&ntilde;o 2011<\/strong>, cuenta con la colaboraci&oacute;n del Ayuntamiento de Calp y la Conselleria de Agricultura, Medio Ambiente, Cambio Clim&aacute;tico y Desarrollo Rural.<\/p>\n<p style='text-align: justify;'>&nbsp;<\/p>\n","protected":false},"excerpt":{"rendered":"<p>&nbsp; &nbsp; &nbsp;&nbsp; &nbsp; &nbsp; &nbsp; Un total de 32 estudiantes de Arqueolog&iacute;a procedentes de<span class=\"excerpt-hellip\"> [\u2026]<\/span><\/p>\n","protected":false},"author":3,"featured_media":0,"comment_status":"open","ping_status":"open","sticky":false,"template":"","format":"standard","meta":{"kia_subtitle":"","footnotes":""},"categories":[],"tags":[],"class_list":["post-33803","post","type-post","status-publish","format-standard","hentry"],"meta_box":[],"_links":{"self":[{"href":"https:\/\/marqalicante-admin.qwair.com\/es\/wp-json\/wp\/v2\/posts\/33803","targetHints":{"allow":["GET"]}}],"collection":[{"href":"https:\/\/marqalicante-admin.qwair.com\/es\/wp-json\/wp\/v2\/posts"}],"about":[{"href":"https:\/\/marqalicante-admin.qwair.com\/es\/wp-json\/wp\/v2\/types\/post"}],"author":[{"embeddable":true,"href":"https:\/\/marqalicante-admin.qwair.com\/es\/wp-json\/wp\/v2\/users\/3"}],"replies":[{"embeddable":true,"href":"https:\/\/marqalicante-admin.qwair.com\/es\/wp-json\/wp\/v2\/comments?post=33803"}],"version-history":[{"count":0,"href":"https:\/\/marqalicante-admin.qwair.com\/es\/wp-json\/wp\/v2\/posts\/33803\/revisions"}],"wp:attachment":[{"href":"https:\/\/marqalicante-admin.qwair.com\/es\/wp-json\/wp\/v2\/media?parent=33803"}],"wp:term":[{"taxonomy":"category","embeddable":true,"href":"https:\/\/marqalicante-admin.qwair.com\/es\/wp-json\/wp\/v2\/categories?post=33803"},{"taxonomy":"post_tag","embeddable":true,"href":"https:\/\/marqalicante-admin.qwair.com\/es\/wp-json\/wp\/v2\/tags?post=33803"}],"curies":[{"name":"wp","href":"https:\/\/api.w.org\/{rel}","templated":true}]}}