{"id":33734,"date":"2015-11-02T00:00:00","date_gmt":"2015-11-02T00:00:00","guid":{"rendered":"https:\/\/marqalicante-admin.qwair.com\/2015\/11\/02\/el-documental-el-reino-de-la-sal-del-departamento-de-imagen-de-la-diputacion-gana-el-premio-a-mejor-pelicula-arqueologica-en-el-festival-de-cine-de-california-del-sur\/"},"modified":"2015-11-02T00:00:00","modified_gmt":"2015-11-02T00:00:00","slug":"el-documental-el-reino-de-la-sal-del-departamento-de-imagen-de-la-diputacion-gana-el-premio-a-mejor-pelicula-arqueologica-en-el-festival-de-cine-de-california-del-sur","status":"publish","type":"post","link":"https:\/\/marqalicante-admin.qwair.com\/es\/el-documental-el-reino-de-la-sal-del-departamento-de-imagen-de-la-diputacion-gana-el-premio-a-mejor-pelicula-arqueologica-en-el-festival-de-cine-de-california-del-sur\/","title":{"rendered":"El Documental El Reino de la Sal del Departamento de Imagen de la Diputaci\u00f3n gana el premio a Mejor Pel\u00edcula Arqueol\u00f3gica en el festival de cine de California del Sur"},"content":{"rendered":"<p style='text-align: center;'><img alt='' src='\/contenido\/genericas\/20130426_054235.jpg' style='width: 400px; height: 533px;' \/><\/p>\n<p style='text-align: justify;'>&nbsp;<\/p>\n<p style='text-align: justify;'>El documental <strong>&ldquo;El Reino de la Sal. 7.000 a&ntilde;os de Hallstatt&rdquo;<\/strong>, producido por el departamento de Imagen y Promoci&oacute;n de la Diputaci&oacute;n de Alicante y el Museo Arqueol&oacute;gico de Alicante, ha sido reconocido con el <strong>premio a La Mejor Pel&iacute;cula Arqueol&oacute;gica<\/strong> en el <em>&lsquo;Arkhaios Cultural Heritage and Archaeology Film Festival de Hilton Head Island&rsquo;, <\/em>celebrado el pasado fin de semana en esta localidad de Carolina del Sur, EE UU.<\/p>\n<p style='text-align: justify;'>La pel&iacute;cula, de 22 minutos de duraci&oacute;n y rodada en la primavera de 2013 en las ciudades de <strong>Viena y Hallstatt<\/strong> con gui&oacute;n de Txiqui Mart&iacute;nez Carri&oacute;n, ha sido elegida entre m&aacute;s de cuarenta producciones de diecisiete pa&iacute;ses del mundo.<\/p>\n<p style='text-align: justify;'>La idea de la producci&oacute;n del audiovisual surgi&oacute; con motivo de la exposici&oacute;n sobre el reino de la sal que el MARQ realiz&oacute; con piezas del Museo de Historia Natural de Viena, y que narra la historia de la peque&ntilde;a y pintoresca localidad austriaca de Hallstatt, un caso &uacute;nico en Europa al poseer una <strong>mina de sal con m&aacute;s de 7.000 a&ntilde;os<\/strong> de antig&uuml;edad que en la actualidad mantiene su explotaci&oacute;n.<\/p>\n<p style='text-align: justify;'>El diputado de Buen Gobierno, <strong>Adri&aacute;n Ballester<\/strong>, de quien depende el departamento de Imagen y Promoci&oacute;n de la instituci&oacute;n provincial, ha felicitado a todo el equipo de producci&oacute;n del documental, compuesto por <strong>Domingo Rodes, Joan-Vicent Hern&agrave;ndez y Javier Gomis<\/strong>, y ha destacado &ldquo;<u>la calidad de la cinta que, adem&aacute;s de este galard&oacute;n, ha cosechado el reconocimiento de otros festivales nacionales e internacionales y, muy especialmente, del p&uacute;blico<\/u>&rdquo;.<\/p>\n<p style='text-align: justify;'>Los autores han manifestado que el rodaje de la obra ha sido &ldquo;<u>una experiencia &uacute;nica en la que, por primera vez, un equipo de filmaci&oacute;n espa&ntilde;ol se ha adentrado en las profundidades de la mina, hasta la sala en la que a&uacute;n se conserva una escalera de madera de m&aacute;s de tres mil a&ntilde;os, tal vez lo m&aacute;s excepcional entre otras muchas cosas que se pueden observar el documental premiado<\/u>&rdquo;.<\/p>\n<p style='text-align: justify;'>La cinta tambi&eacute;n fue galardonada el pasado 16 de Mayo con la Menci&oacute;n de Honor a la Narraci&oacute;n, por el Jurado del TAC Festival 2015, y nominad a uno de los premios de la 14&ordf; edici&oacute;n del Festival Internacional de Cine Arqueol&oacute;gico de Bidasoa.<\/p>\n<p style='text-align: justify;'>Adem&aacute;s, se ha realizado una versi&oacute;n en alem&aacute;n del documental, que fue proyectado en el Museo Westfalisches Landesmuseum de Herne (Alemania) del 23 de Agosto de 2014 al 25 de enero de 2015.<\/p>\n","protected":false},"excerpt":{"rendered":"<p>&nbsp; El documental &ldquo;El Reino de la Sal. 7.000 a&ntilde;os de Hallstatt&rdquo;, producido por el<span class=\"excerpt-hellip\"> [\u2026]<\/span><\/p>\n","protected":false},"author":3,"featured_media":0,"comment_status":"open","ping_status":"open","sticky":false,"template":"","format":"standard","meta":{"kia_subtitle":"","footnotes":""},"categories":[],"tags":[],"class_list":["post-33734","post","type-post","status-publish","format-standard","hentry"],"meta_box":[],"_links":{"self":[{"href":"https:\/\/marqalicante-admin.qwair.com\/es\/wp-json\/wp\/v2\/posts\/33734","targetHints":{"allow":["GET"]}}],"collection":[{"href":"https:\/\/marqalicante-admin.qwair.com\/es\/wp-json\/wp\/v2\/posts"}],"about":[{"href":"https:\/\/marqalicante-admin.qwair.com\/es\/wp-json\/wp\/v2\/types\/post"}],"author":[{"embeddable":true,"href":"https:\/\/marqalicante-admin.qwair.com\/es\/wp-json\/wp\/v2\/users\/3"}],"replies":[{"embeddable":true,"href":"https:\/\/marqalicante-admin.qwair.com\/es\/wp-json\/wp\/v2\/comments?post=33734"}],"version-history":[{"count":0,"href":"https:\/\/marqalicante-admin.qwair.com\/es\/wp-json\/wp\/v2\/posts\/33734\/revisions"}],"wp:attachment":[{"href":"https:\/\/marqalicante-admin.qwair.com\/es\/wp-json\/wp\/v2\/media?parent=33734"}],"wp:term":[{"taxonomy":"category","embeddable":true,"href":"https:\/\/marqalicante-admin.qwair.com\/es\/wp-json\/wp\/v2\/categories?post=33734"},{"taxonomy":"post_tag","embeddable":true,"href":"https:\/\/marqalicante-admin.qwair.com\/es\/wp-json\/wp\/v2\/tags?post=33734"}],"curies":[{"name":"wp","href":"https:\/\/api.w.org\/{rel}","templated":true}]}}