{"id":33678,"date":"2014-10-31T00:00:00","date_gmt":"2014-10-31T00:00:00","guid":{"rendered":"https:\/\/marqalicante-admin.qwair.com\/2014\/10\/31\/el-patronato-provincial-de-turismo-celebro-en-el-marq-una-reunion-de-la-ruta-de-los-castillos-del-vinalopo\/"},"modified":"2014-10-31T00:00:00","modified_gmt":"2014-10-31T00:00:00","slug":"el-patronato-provincial-de-turismo-celebro-en-el-marq-una-reunion-de-la-ruta-de-los-castillos-del-vinalopo","status":"publish","type":"post","link":"https:\/\/marqalicante-admin.qwair.com\/es\/el-patronato-provincial-de-turismo-celebro-en-el-marq-una-reunion-de-la-ruta-de-los-castillos-del-vinalopo\/","title":{"rendered":"El Patronato provincial de Turismo celebr\u00f3 en el MARQ  una reuni\u00f3n de la Ruta de los castillos del Vinalop\u00f3"},"content":{"rendered":"<p style='text-align: center'>&nbsp;<img alt='' src='\/contenido\/genericas\/IMG_5242.JPG' style='height: 300px; width: 400px' \/><\/p>\n<p style='text-align: justify'>&nbsp;&nbsp;&nbsp;&nbsp;&nbsp;&nbsp;&nbsp;&nbsp; El director general del Patronato Provincial de Turismo <strong>Jos&eacute; F. Mancebo<\/strong> se reunio ayer en el MARQ con los concejales y t&eacute;cnicos de los municipios de <strong>Banyeres de Mariola<\/strong>, <strong>Biar<\/strong>,<strong>Castalla<\/strong>, <strong>Elx<\/strong>, <strong>Elda<\/strong>,<strong>Novelda<\/strong>,<strong>Onil<\/strong>,<strong>Petrer<\/strong>,<strong>Sax<\/strong>,<strong>Santa Pola y Villena<\/strong> que componen la Ruta de los Castillos del Vinalop&oacute;. Durante el encuentro se&nbsp;abordaron&nbsp; tres aspectos clave sobre esta iniciativa. El primero de ellos hace referencia al <strong>cambio de nombre de este proyecto<\/strong>, que pasar&aacute; a denominarse <strong>Ruta de los Castillos de la Costa Blanca<\/strong>. El organismo aut&oacute;nomo de la Diputaci&oacute;n de Alicante trabaja para buscar las incorporaciones de m&aacute;s localidades a esta iniciativa que pretende poner en valor el patrimonio hist&oacute;rico y cultural de los municipios de la provincia.<\/p>\n<p style='text-align: justify'>&nbsp;&nbsp;&nbsp;&nbsp;&nbsp;&nbsp;&nbsp;&nbsp;Otro de los puntos tratados fue el de <strong>establecer jornadas de dinamizaci&oacute;n de la ruta a trav&eacute;s de un calendario unificado<\/strong> y con la posibilidad de que el Museo Arqueol&oacute;gico de Alicante se incorpore a la propuesta. Finalmente, se ha contemplado la necesidad de <strong>establecer un plan de comunicaci&oacute;n en redes sociales<\/strong> desde donde se promocione informaci&oacute;n sobre el recorrido por estas fortalezas, difundiendo la historia y caracter&iacute;stica de las mismas, as&iacute; como sobre la gastronom&iacute;a y los valores propios de cada zona.<\/p>\n<p style='text-align: justify'>&nbsp;&nbsp;&nbsp;&nbsp;&nbsp;&nbsp;&nbsp;&nbsp; En este sentido, Mancebo puntualiz&oacute; que <u>el objetivo es identificar este proyecto como un producto en s&iacute; mismo para poner en valor los activos, en este caso culturales y patrimoniales, que tiene nuestro territorio<\/u>.<\/p>\n","protected":false},"excerpt":{"rendered":"<p>&nbsp; &nbsp;&nbsp;&nbsp;&nbsp;&nbsp;&nbsp;&nbsp;&nbsp; El director general del Patronato Provincial de Turismo Jos&eacute; F. Mancebo se reunio<span class=\"excerpt-hellip\"> [\u2026]<\/span><\/p>\n","protected":false},"author":3,"featured_media":0,"comment_status":"open","ping_status":"open","sticky":false,"template":"","format":"standard","meta":{"kia_subtitle":"","footnotes":""},"categories":[],"tags":[],"class_list":["post-33678","post","type-post","status-publish","format-standard","hentry"],"meta_box":[],"_links":{"self":[{"href":"https:\/\/marqalicante-admin.qwair.com\/es\/wp-json\/wp\/v2\/posts\/33678","targetHints":{"allow":["GET"]}}],"collection":[{"href":"https:\/\/marqalicante-admin.qwair.com\/es\/wp-json\/wp\/v2\/posts"}],"about":[{"href":"https:\/\/marqalicante-admin.qwair.com\/es\/wp-json\/wp\/v2\/types\/post"}],"author":[{"embeddable":true,"href":"https:\/\/marqalicante-admin.qwair.com\/es\/wp-json\/wp\/v2\/users\/3"}],"replies":[{"embeddable":true,"href":"https:\/\/marqalicante-admin.qwair.com\/es\/wp-json\/wp\/v2\/comments?post=33678"}],"version-history":[{"count":0,"href":"https:\/\/marqalicante-admin.qwair.com\/es\/wp-json\/wp\/v2\/posts\/33678\/revisions"}],"wp:attachment":[{"href":"https:\/\/marqalicante-admin.qwair.com\/es\/wp-json\/wp\/v2\/media?parent=33678"}],"wp:term":[{"taxonomy":"category","embeddable":true,"href":"https:\/\/marqalicante-admin.qwair.com\/es\/wp-json\/wp\/v2\/categories?post=33678"},{"taxonomy":"post_tag","embeddable":true,"href":"https:\/\/marqalicante-admin.qwair.com\/es\/wp-json\/wp\/v2\/tags?post=33678"}],"curies":[{"name":"wp","href":"https:\/\/api.w.org\/{rel}","templated":true}]}}