{"id":33665,"date":"2014-09-12T00:00:00","date_gmt":"2014-09-12T00:00:00","guid":{"rendered":"https:\/\/marqalicante-admin.qwair.com\/2014\/09\/12\/la-diputacion-de-alicante-amplia-hasta-final-de-ano-ocho-becas-de-formacion-en-el-marq\/"},"modified":"2014-09-12T00:00:00","modified_gmt":"2014-09-12T00:00:00","slug":"la-diputacion-de-alicante-amplia-hasta-final-de-ano-ocho-becas-de-formacion-en-el-marq","status":"publish","type":"post","link":"https:\/\/marqalicante-admin.qwair.com\/es\/la-diputacion-de-alicante-amplia-hasta-final-de-ano-ocho-becas-de-formacion-en-el-marq\/","title":{"rendered":"La Diputaci\u00f3n de Alicante ampl\u00eda hasta final de a\u00f1o ocho becas de formaci\u00f3n en el MARQ"},"content":{"rendered":"<p style='text-align: center'><img alt='' src='\/contenido\/genericas\/fotografia piezas marq(1).jpg' style='height: 150px; width: 200px' \/><\/p>\n<p style='text-align: justify'>&nbsp;La Junta de gobierno de la<strong>Diputaci&oacute;n de Alicante <\/strong>ha aprobado la <strong>pr&oacute;rroga de tres meses<\/strong>, del 1 de octubre hasta el 31 de diciembre, de las <strong>ocho becas de formaci&oacute;n <\/strong>para licenciados que est&aacute;n desarrollando su labor en distintos departamentos del Museo Arqueol&oacute;gico de Alicante <strong>MARQ.&nbsp;<\/strong><\/p>\n<p style='text-align: justify'>&nbsp;&nbsp;&nbsp;&nbsp;&nbsp;&nbsp;&nbsp; &nbsp;Las ayudas, dotadas con una cuant&iacute;a de 800 euros brutos al mescada una, se aprobaron de forma inicial para seis meses -del 1 de abril al 30 de septiembre- y mediante concurso p&uacute;blico de m&eacute;ritos, valorados por una comisi&oacute;n calificadora, seg&uacute;n las bases de la convocatoria publicadas en el Bolet&iacute;n Oficial de la Provincia <strong>BOP, <\/strong>el pasado 8 de enero de 2014.<\/p>\n<p style='text-align: justify'>&nbsp;&nbsp;&nbsp;&nbsp;&nbsp;&nbsp;&nbsp;&nbsp; La ampliaci&oacute;n corresponde, por un lado, a <strong>dos becas<\/strong> destinadas a licenciados en Bellas Artes, titulados por la Escuela Superior de Conservaci&oacute;n y Restauraci&oacute;n de Bienes Culturales y graduados en Conservaci&oacute;n y Restauraci&oacute;n de Bienes Culturales con el fin de que completen y perfeccionen su formaci&oacute;n en <strong>tareas de restauraci&oacute;n y conservaci&oacute;n de patrimonio arqueol&oacute;gico.<\/strong><strong>&nbsp; &nbsp;Otras cuatro <\/strong>de estas asignaciones corresponden a las materias de <strong>Museograf&iacute;a y Museolog&iacute;a<\/strong> y, de acuerdo con el <strong>convenio<\/strong> firmado por la instituci&oacute;n provincial y el <strong>Colegio Oficial de Doctores y Licenciados en Filosof&iacute;a y Letras y en Ciencias de Alicante<\/strong>, van dirigidas a licenciados en Historia, Geograf&iacute;a e Historia, Historia del Arte o Humanidades y se conceden para que los beneficiarios completen su formaci&oacute;n con experiencia profesional realizando tareas referentes a los distintos aspectos muse&iacute;sticos como el montaje de exposiciones, el registro y control de ingresos o el inventariado, catalogaci&oacute;n y conservaci&oacute;n de piezas.<\/p>\n<p style='text-align: justify'>&nbsp;&nbsp;&nbsp;&nbsp;&nbsp;&nbsp;&nbsp; &nbsp;Las dos &uacute;ltimas becas que han sido renovadas por la Diputaci&oacute;n de Alicante son de formaci&oacute;n en <strong>Biblioteconom&iacute;a<\/strong> para licenciados, graduados y titulados de grado en Informaci&oacute;n y Documentaci&oacute;n.<\/p>\n","protected":false},"excerpt":{"rendered":"<p>&nbsp;La Junta de gobierno de laDiputaci&oacute;n de Alicante ha aprobado la pr&oacute;rroga de tres meses,<span class=\"excerpt-hellip\"> [\u2026]<\/span><\/p>\n","protected":false},"author":3,"featured_media":0,"comment_status":"open","ping_status":"open","sticky":false,"template":"","format":"standard","meta":{"kia_subtitle":"","footnotes":""},"categories":[],"tags":[],"class_list":["post-33665","post","type-post","status-publish","format-standard","hentry"],"meta_box":[],"_links":{"self":[{"href":"https:\/\/marqalicante-admin.qwair.com\/es\/wp-json\/wp\/v2\/posts\/33665","targetHints":{"allow":["GET"]}}],"collection":[{"href":"https:\/\/marqalicante-admin.qwair.com\/es\/wp-json\/wp\/v2\/posts"}],"about":[{"href":"https:\/\/marqalicante-admin.qwair.com\/es\/wp-json\/wp\/v2\/types\/post"}],"author":[{"embeddable":true,"href":"https:\/\/marqalicante-admin.qwair.com\/es\/wp-json\/wp\/v2\/users\/3"}],"replies":[{"embeddable":true,"href":"https:\/\/marqalicante-admin.qwair.com\/es\/wp-json\/wp\/v2\/comments?post=33665"}],"version-history":[{"count":0,"href":"https:\/\/marqalicante-admin.qwair.com\/es\/wp-json\/wp\/v2\/posts\/33665\/revisions"}],"wp:attachment":[{"href":"https:\/\/marqalicante-admin.qwair.com\/es\/wp-json\/wp\/v2\/media?parent=33665"}],"wp:term":[{"taxonomy":"category","embeddable":true,"href":"https:\/\/marqalicante-admin.qwair.com\/es\/wp-json\/wp\/v2\/categories?post=33665"},{"taxonomy":"post_tag","embeddable":true,"href":"https:\/\/marqalicante-admin.qwair.com\/es\/wp-json\/wp\/v2\/tags?post=33665"}],"curies":[{"name":"wp","href":"https:\/\/api.w.org\/{rel}","templated":true}]}}