{"id":33657,"date":"2014-08-26T00:00:00","date_gmt":"2014-08-26T00:00:00","guid":{"rendered":"https:\/\/marqalicante-admin.qwair.com\/2014\/08\/26\/cerca-de-300-ninos-participan-este-verano-en-el-programa-de-actividades-ludicas-y-didacticas-del-marq\/"},"modified":"2014-08-26T00:00:00","modified_gmt":"2014-08-26T00:00:00","slug":"cerca-de-300-ninos-participan-este-verano-en-el-programa-de-actividades-ludicas-y-didacticas-del-marq","status":"publish","type":"post","link":"https:\/\/marqalicante-admin.qwair.com\/es\/cerca-de-300-ninos-participan-este-verano-en-el-programa-de-actividades-ludicas-y-didacticas-del-marq\/","title":{"rendered":"Cerca de 300 ni\u00f1os participan este verano en el programa de actividades l\u00fadicas y did\u00e1cticas del MARQ"},"content":{"rendered":"<p style='text-align: center'><img alt='' src='\/contenido\/genericas\/DSCN5532.JPG' style='height: 217px; width: 350px' \/><\/p>\n<p style='text-align: justify'>El <strong>Museo Arqueol&oacute;gico de Alicante <\/strong>finaliza esta semana su programa estival de <strong>actividades infantiles <\/strong>que este a&ntilde;o ha contado con la asistencia de cerca <strong>de 300 ni&ntilde;os<\/strong>.Esta iniciativa, desarrollada durante los meses de julio y agosto, culminar&aacute; el pr&oacute;ximo <strong>viernes d&iacute;a 29 a las 18:00 horas <\/strong>con una <strong>gran<\/strong> <strong>fiesta de despedida <\/strong>que se llevar&aacute; a cabo en los jardines del MARQ y a la que est&aacute;n invitados todos aquellos que han participado en esta propuesta cultural.<\/p>\n<p style='text-align: justify'>&nbsp;&nbsp;&nbsp;&nbsp;&nbsp;&nbsp;&nbsp; Durante la jornada, a la que tambi&eacute;n pueden asistir los familiares y amigos de los muchachos, <strong>se proceder&aacute; a la entrega de premios al Mejor Grupo de Ni&ntilde;os<\/strong>,<strong>a las Mejores Reproducciones de Piezas y a los Mejores Dibujos<\/strong>. Adem&aacute;s, habr&aacute; diversas actuaciones, talleres, juegos, magia y un <em>photocall<\/em> en el que los participantes podr&aacute;n hacerse fotograf&iacute;as.<\/p>\n<p style='text-align: justify'>El diputado de Cultura <strong>Juan Bautista Rosell&oacute;<\/strong> ha destacado el &eacute;xito de esta propuesta l&uacute;dica y did&aacute;ctica que cada a&ntilde;o re&uacute;ne a multitud de ni&ntilde;os y ha se&ntilde;alado que <u>el objetivo de esta iniciativa es crear un punto de encuentro donde los j&oacute;venes puedan explorar, comentar y descubrir la historia de sus antepasados<\/u>.<\/p>\n<p style='text-align: justify'>&nbsp;&nbsp;&nbsp;&nbsp;&nbsp;&nbsp;&nbsp;&nbsp; El programa &lsquo;<strong><em>Veranea en el MARQ<\/em><\/strong><em>&rsquo;, <\/em>que este a&ntilde;o ha llegado a su d&eacute;cima edici&oacute;n, est&aacute; dirigido a ni&ntilde;os de entre 6 y 14 a&ntilde;os. Estos cursos, de una semana de duraci&oacute;n, les permiten aprender mientras decoran m&aacute;scaras de escayola, juegan con papel, elaboran abanicos o moldean figuras de arcilla. Durante los mismos, los muchachos visitan, adem&aacute;s, la <strong>colecci&oacute;n permanente<\/strong> <strong>del museo<\/strong>, as&iacute; como la exposici&oacute;n internacional <em>&ldquo;<strong>Se&ntilde;ores del Cielo y de la Tierra. China en la Dinast&iacute;a Han<\/strong>&rdquo;,<\/em> que recupera las costumbres y secretos de esta civilizaci&oacute;n.<\/p>\n<p style='text-align: justify'>&nbsp;&nbsp;&nbsp;&nbsp;&nbsp;&nbsp;&nbsp; Adem&aacute;s, los participantes conocen de cerca los vestigios que atesoran los yacimientos arqueol&oacute;gicos del <strong>Tossal de Manises<\/strong>, en la ciudad romana de Lucentum, y la <strong>Illeta dels Banyets<\/strong>, en El Campello, donde se desplazan gracias a la colaboraci&oacute;n del TRAM.<\/p>\n","protected":false},"excerpt":{"rendered":"<p>El Museo Arqueol&oacute;gico de Alicante finaliza esta semana su programa estival de actividades infantiles que<span class=\"excerpt-hellip\"> [\u2026]<\/span><\/p>\n","protected":false},"author":3,"featured_media":0,"comment_status":"open","ping_status":"open","sticky":false,"template":"","format":"standard","meta":{"kia_subtitle":"","footnotes":""},"categories":[],"tags":[],"class_list":["post-33657","post","type-post","status-publish","format-standard","hentry"],"meta_box":[],"_links":{"self":[{"href":"https:\/\/marqalicante-admin.qwair.com\/es\/wp-json\/wp\/v2\/posts\/33657","targetHints":{"allow":["GET"]}}],"collection":[{"href":"https:\/\/marqalicante-admin.qwair.com\/es\/wp-json\/wp\/v2\/posts"}],"about":[{"href":"https:\/\/marqalicante-admin.qwair.com\/es\/wp-json\/wp\/v2\/types\/post"}],"author":[{"embeddable":true,"href":"https:\/\/marqalicante-admin.qwair.com\/es\/wp-json\/wp\/v2\/users\/3"}],"replies":[{"embeddable":true,"href":"https:\/\/marqalicante-admin.qwair.com\/es\/wp-json\/wp\/v2\/comments?post=33657"}],"version-history":[{"count":0,"href":"https:\/\/marqalicante-admin.qwair.com\/es\/wp-json\/wp\/v2\/posts\/33657\/revisions"}],"wp:attachment":[{"href":"https:\/\/marqalicante-admin.qwair.com\/es\/wp-json\/wp\/v2\/media?parent=33657"}],"wp:term":[{"taxonomy":"category","embeddable":true,"href":"https:\/\/marqalicante-admin.qwair.com\/es\/wp-json\/wp\/v2\/categories?post=33657"},{"taxonomy":"post_tag","embeddable":true,"href":"https:\/\/marqalicante-admin.qwair.com\/es\/wp-json\/wp\/v2\/tags?post=33657"}],"curies":[{"name":"wp","href":"https:\/\/api.w.org\/{rel}","templated":true}]}}