{"id":33560,"date":"2013-06-14T00:00:00","date_gmt":"2013-06-14T00:00:00","guid":{"rendered":"https:\/\/marqalicante-admin.qwair.com\/2013\/06\/14\/el-marq-exhibe-por-primera-vez-en-espana-los-tesoros-arqueologicos-de-la-civilizacion-hallstatt\/"},"modified":"2013-06-14T00:00:00","modified_gmt":"2013-06-14T00:00:00","slug":"el-marq-exhibe-por-primera-vez-en-espana-los-tesoros-arqueologicos-de-la-civilizacion-hallstatt","status":"publish","type":"post","link":"https:\/\/marqalicante-admin.qwair.com\/es\/el-marq-exhibe-por-primera-vez-en-espana-los-tesoros-arqueologicos-de-la-civilizacion-hallstatt\/","title":{"rendered":"El MARQ exhibe por primera vez en Espa\u00f1a los tesoros arqueol\u00f3gicos de la civilizaci\u00f3n Hallstatt"},"content":{"rendered":"<p style='text-align: justify'>&nbsp;&nbsp;&nbsp;&nbsp;&nbsp;&nbsp;&nbsp;&nbsp; El <strong>Museo Arqueol&oacute;gico de Alicante<\/strong> acerca al p&uacute;blico a trav&eacute;s de una nueva exposici&oacute;n los secretos de la <strong>cultura Hallstatt<\/strong>, una civilizaci&oacute;n que se desarroll&oacute; al norte de Austria entre la Edad del Bronce y la del Hierro y que hizo de la sal mineral un bien m&aacute;s preciado que el oro. <strong>Cerca de 250 piezas<\/strong> procedentes del <strong>Museo<\/strong> <strong>de Historia Natural<\/strong> <strong>de Viena <\/strong>componen estamuestra internacional que permanecer&aacute; en el MARQ <strong>hasta el 7 de enero de 2014<\/strong>.<\/p>\n<p style='text-align: justify'>&nbsp;&nbsp;&nbsp;&nbsp;&nbsp;&nbsp;&nbsp;&nbsp; Bajo el t&iacute;tulo <em>&ldquo;<strong>El reino de la Sal<\/strong>.<strong>7<\/strong>.<strong>000 a&ntilde;os de historia de Hallstatt<\/strong>&rdquo;, <\/em>la exposici&oacute;n recoge numerosos tesoros arqueol&oacute;gicos hallados durante los &uacute;ltimos siglos en el cementerio prehist&oacute;rico y las minas de sal de la localidad austr&iacute;aca. Este emplazamiento excepcional, <strong>declarado por la UNESCO Patrimonio de la Humanidad <\/strong>en 1997,es &uacute;nico en el mundo porque ha conseguido gracias a la sal mantener pr&aacute;cticamente intactos los vestigios de las distintas culturas que poblaron el lugar durante siglos.<\/p>\n<p style='text-align: justify'>&nbsp;&nbsp;&nbsp;&nbsp;&nbsp;&nbsp; &nbsp;Un <strong>pico de asta de ciervo<\/strong> que data de entre los a&ntilde;os 5060-4800 a.C., un <strong>saco de transporte <\/strong>del S.XIII a.C. <strong>elaborado con piel vacuna<\/strong> o un <strong>cuenco hondo de bronce<\/strong> del S.VII a.C. adornado con la figura de una vaca colocada en el asa y que sale por primera vez del Museo de Viena son algunas de las piezas m&aacute;s destacadas que componen esta muestra, quese presenta por <strong>primera vez en Espa&ntilde;a<\/strong>. Adem&aacute;s, la exposici&oacute;n incluye una <strong>colecci&oacute;n &uacute;nica de material org&aacute;nico <\/strong>conservado gracias a los efectos de la sal y casi imposible de hallar en lugares &aacute;ridos como el SE Peninsular.<\/p>\n<p style='text-align: justify'>&nbsp;&nbsp;&nbsp;&nbsp;&nbsp;&nbsp;&nbsp;&nbsp;&nbsp;La presidenta de la Diputaci&oacute;n de Alicante <strong>Luisa Pastor<\/strong> ha presentado esta ma&ntilde;ana la exposici&oacute;n y ha anunciado que <strong>Su Majestad La Reina do&ntilde;a Sof&iacute;a<\/strong> ha aceptado <strong>presidir el Comit&eacute; de Honor de la Muestra<\/strong>. <u>Desde la instituci&oacute;n provincial queremos agradecerle este importante gesto y destacar el inter&eacute;s que siempre ha mostrado hacia este museo alicantino<\/u>, ha se&ntilde;alado la Presidenta.<\/p>\n<p style='text-align: justify'>&nbsp;&nbsp;&nbsp;&nbsp;&nbsp;&nbsp;&nbsp;&nbsp; En el acto de presentaci&oacute;n tambi&eacute;n han participado el diputado de Cultura <strong>Juan Bautista Rosell&oacute;<\/strong>, el director del Departamento de Prehistoria del Museo de Historia Natural de Viena y comisario de la muestra <strong>Anton Kern<\/strong>, el director T&eacute;cnico del MARQ <strong>Manuel Olcina<\/strong>, as&iacute; como el delegado de ASISA en Alicante <strong>Federico Ballenilla <\/strong>y el director-gerente de la Fundaci&oacute;n Cajamurcia <strong>Pascual Mart&iacute;nez<\/strong>, ambas entidades patrocinadoras de la exposici&oacute;n.<\/p>\n<p style='text-align: justify'><u>Es para nosotros un orgullo poder acoger esta valiosa colecci&oacute;n que permite al visitante conocer los aspectos de la &eacute;poca y la vida de Hallstatt, una civilizaci&oacute;n que hizo de la sal un bien m&aacute;s preciado que el oro. Precisamente, este mineral es lo que une este enclave y su historia con la provincia de Alicante. Todos conocemos la belleza de los parques naturales y salinas de Santa Pola, Torrevieja y, menos conocidos pero tambi&eacute;n interesantes, yacimientos en Pinoso y Villena<\/u>, ha puntualizado la Presidenta.<\/p>\n<p style='text-align: justify'>&nbsp;&nbsp;&nbsp;&nbsp;&nbsp;&nbsp; El recorrido por la muestra, que tiene unas dimensiones aproximadas de 650 metros cuadrados, comienza con la proyecci&oacute;n de un <strong>audiovisual que permite introducir al visitante en los contenidos de la misma<\/strong>.El documental, de 25 minutos de duraci&oacute;n,recoge la historia de Hallstatt, el proceso de explotaci&oacute;n de la sal, el origen de los objetos hallados y la importancia de sus yacimientos arqueol&oacute;gicos.<\/p>\n<p style='text-align: justify'>&nbsp;&nbsp;&nbsp;&nbsp;&nbsp;&nbsp;&nbsp;&nbsp; Avanzando por el contenido de la exposici&oacute;n, en la primera sala, se abordan aspectos como el <strong>origen de la sal en Hallstatt<\/strong>, el <strong>descubrimiento de las minas hace 7.000 a&ntilde;os<\/strong> o las <strong>t&eacute;cnicas mineras del S.XV a<\/strong>.<strong>C<\/strong>. En este espacio destaca una <strong>escalera de madera<\/strong> con 3500 a&ntilde;os de antig&uuml;edad localizada en 2003 en perfecto estado de conservaci&oacute;n.<\/p>\n<p style='text-align: justify'>&nbsp;&nbsp;&nbsp;&nbsp;&nbsp;&nbsp;&nbsp;&nbsp;&nbsp; En la siguiente estancia <strong>se describen las minas en su m&aacute;ximo apogeo<\/strong>, cuando en el S.X a.C. uno de los pozos alcanz&oacute; los 200 metros de recorrido. Adem&aacute;s, se refleja la <strong>importancia econ&oacute;mica que tuvo Hallstatt<\/strong> en aquella &eacute;poca, cuando era el &uacute;nico proveedor de sal de roca de los Alpes Orientales, y se explica el <strong>estilo de vida de los mineros<\/strong> a trav&eacute;s de elementos como un guiso caracter&iacute;stico a base de mijo, cebada, jud&iacute;as y carne de cerdo que todav&iacute;a hoy forma parte de la gastronom&iacute;a de la zona.<\/p>\n<p style='text-align: center'><img alt='' src='\/contenido\/genericas\/061413 Exposicion Reino de la Sal 02.jpg' style='width: 600px; height: 400px' \/><\/p>\n<p style='text-align: justify'>&nbsp;&nbsp;&nbsp;&nbsp;&nbsp;&nbsp;&nbsp;&nbsp;&nbsp; El <strong>final de la industria minera en Hallstatt<\/strong>, causado por los derrumbes y las inundaciones que se produjeron durante la Edad del Bronce y la primera Edad del Hierro, el <strong>patrimonio cultural<\/strong> que ha supuesto la actual explotaci&oacute;n salina o las <strong>dificultades que conllevan los trabajos arqueol&oacute;gicos<\/strong> que se llevan a cabo hoy en d&iacute;a en la zona, son algunas de las cuestiones que se analizan en la tercera sala.<\/p>\n<p style='text-align: justify'>&nbsp;&nbsp;&nbsp;&nbsp;&nbsp;&nbsp;&nbsp;&nbsp;&nbsp; Anton Kern ha destacado la importancia de esta exposici&oacute;n internacional compuesta por piezas &uacute;nicas que salen, algunas de ellas, por primera vez del Museo de Historia Natural de Viena y que ofrecen una visi&oacute;n fidedigna de c&oacute;mo era la vida en Hallstatt.<\/p>\n<p style='text-align: justify'>&nbsp;&nbsp;&nbsp;&nbsp;&nbsp;&nbsp;&nbsp;&nbsp;&nbsp; Con el objetivo de proporcionar a los visitantes una impresi&oacute;n sensorial total, en estos espacios <strong>se recrean sonidos y olores<\/strong>, <strong>se<\/strong> <strong>vislumbran proyecciones y animaciones por ordenador<\/strong> y <strong>se presentan<\/strong> <strong>objetos accesibles al tacto<\/strong>.<\/p>\n<p style='text-align: justify'>&nbsp;&nbsp;&nbsp;&nbsp;&nbsp;&nbsp;&nbsp;&nbsp;&nbsp; El montaje expositivo reserva adem&aacute;s un <strong>espacio en el que se destaca la importancia de la sal en la evoluci&oacute;n hist&oacute;rica de la provincia<\/strong>, desde sus <strong>or&iacute;genes<\/strong> como sustancia b&aacute;sica para la conservaci&oacute;n de alimentos hasta los <strong>diferentes usos<\/strong> que se le dio durante los periodos ib&eacute;rico y romano. Asimismo, se aborda <strong>la explotaci&oacute;n salinera en &eacute;poca moderna<\/strong>, donde Alicante alcanza una gran notoriedad gracias a los <em>alfol&iacute;es<\/em> o puntos de venta, que permiten distribuir este mineral por toda Europa, as&iacute; como <strong>en &eacute;poca contempor&aacute;nea<\/strong>, donde se explica la producci&oacute;n salinera tal y como la conocemos en la actualidad.<\/p>\n<p style='text-align: center'><img alt='' src='\/contenido\/genericas\/061413 Exposicion Reino de la Sal 04.jpg' style='width: 600px; height: 400px' \/><\/p>\n<p style='text-align: justify'>&nbsp;&nbsp;&nbsp; Este m&oacute;dulo incluye la proyecci&oacute;n de otro <strong>audiovisual<\/strong>,<em>&ldquo;<strong>Alicante<\/strong>.<strong>Tierra y Mar de Sal<\/strong>&rdquo;,<\/em> que aborda la <strong>historia del proceso de extracci&oacute;n de la sal en la provincia y su influencia en las diferentes &eacute;pocas<\/strong>, desde la Prehistoria hasta la actualidad, haciendo especial hincapi&eacute; en los municipios de Santa Pola, Pinoso, Villena y Torrevieja.<\/p>\n<p style='text-align: justify'>En este sentido, Manuel Olcina ha explicado que <u>a trav&eacute;s de este espacio hemos querido destacar la historia de la producci&oacute;n de la sal en la provincia y mostrar aspectos menos conocidos como que en Pinoso hay una explotaci&oacute;n de sal mineral que es transportada hasta Torrevieja<\/u>. Y ha a&ntilde;adido que <u>en Alicante existe la explotaci&oacute;n de la sal en los tres sistemas conocidos, sal marina litoral por salinas, sal gema mineral y tambi&eacute;n salinas interiores como las de Villena<\/u>.<\/p>\n<p style='text-align: justify'>&nbsp;&nbsp;&nbsp;&nbsp;&nbsp;&nbsp;&nbsp;&nbsp;&nbsp; La muestra, fruto de la colaboraci&oacute;n con el Museo de Historia Natural de Viena, se completa tambi&eacute;n con la <strong>edici&oacute;n<\/strong> <strong>de un cat&aacute;logo <\/strong>que recoge informaci&oacute;n exhaustiva sobre el <strong>trabajo desarrollado en las minas de sal de Hallstatt desde el Neol&iacute;tico<\/strong>, as&iacute; como las <strong>investigaciones que a d&iacute;a de hoy siguen llev&aacute;ndose a cabo<\/strong> en este enclave.<\/p>\n<p style='text-align: justify'>&nbsp;<\/p>\n<p style='text-align: justify'>&nbsp;<\/p>\n","protected":false},"excerpt":{"rendered":"<p>&nbsp;&nbsp;&nbsp;&nbsp;&nbsp;&nbsp;&nbsp;&nbsp; El Museo Arqueol&oacute;gico de Alicante acerca al p&uacute;blico a trav&eacute;s de una nueva exposici&oacute;n<span class=\"excerpt-hellip\"> [\u2026]<\/span><\/p>\n","protected":false},"author":3,"featured_media":0,"comment_status":"open","ping_status":"open","sticky":false,"template":"","format":"standard","meta":{"kia_subtitle":"","footnotes":""},"categories":[],"tags":[],"class_list":["post-33560","post","type-post","status-publish","format-standard","hentry"],"meta_box":[],"_links":{"self":[{"href":"https:\/\/marqalicante-admin.qwair.com\/es\/wp-json\/wp\/v2\/posts\/33560","targetHints":{"allow":["GET"]}}],"collection":[{"href":"https:\/\/marqalicante-admin.qwair.com\/es\/wp-json\/wp\/v2\/posts"}],"about":[{"href":"https:\/\/marqalicante-admin.qwair.com\/es\/wp-json\/wp\/v2\/types\/post"}],"author":[{"embeddable":true,"href":"https:\/\/marqalicante-admin.qwair.com\/es\/wp-json\/wp\/v2\/users\/3"}],"replies":[{"embeddable":true,"href":"https:\/\/marqalicante-admin.qwair.com\/es\/wp-json\/wp\/v2\/comments?post=33560"}],"version-history":[{"count":0,"href":"https:\/\/marqalicante-admin.qwair.com\/es\/wp-json\/wp\/v2\/posts\/33560\/revisions"}],"wp:attachment":[{"href":"https:\/\/marqalicante-admin.qwair.com\/es\/wp-json\/wp\/v2\/media?parent=33560"}],"wp:term":[{"taxonomy":"category","embeddable":true,"href":"https:\/\/marqalicante-admin.qwair.com\/es\/wp-json\/wp\/v2\/categories?post=33560"},{"taxonomy":"post_tag","embeddable":true,"href":"https:\/\/marqalicante-admin.qwair.com\/es\/wp-json\/wp\/v2\/tags?post=33560"}],"curies":[{"name":"wp","href":"https:\/\/api.w.org\/{rel}","templated":true}]}}