{"id":33472,"date":"2012-04-10T00:00:00","date_gmt":"2012-04-10T00:00:00","guid":{"rendered":"https:\/\/marqalicante-admin.qwair.com\/2012\/04\/10\/nuestro-companero-en-el-marq-paco-martin-campeon-mundial-de-marcha\/"},"modified":"2012-04-10T00:00:00","modified_gmt":"2012-04-10T00:00:00","slug":"nuestro-companero-en-el-marq-paco-martin-campeon-mundial-de-marcha","status":"publish","type":"post","link":"https:\/\/marqalicante-admin.qwair.com\/es\/nuestro-companero-en-el-marq-paco-martin-campeon-mundial-de-marcha\/","title":{"rendered":"Nuestro compa\u00f1ero en el MARQ Paco Mart\u00edn, campe\u00f3n mundial de marcha."},"content":{"rendered":"<p style='text-align: justify'>El atleta alicantino Paco Mart&iacute;n se ha proclamado campe&oacute;n del Mundo en los 10 kil&oacute;metros marcha, tanto individual como por selecciones, en categor&iacute;a de veteranos de entre 35 y 40 a&ntilde;os. Mart&iacute;n suma una nueva presea a su palmar&eacute;s despu&eacute;s de que el pasado jueves tambi&eacute;n subiera al segundo caj&oacute;n del podio y se colgara la medalla de plata en la distancia de tres kil&oacute;metros marcha en pista cubierta, en la que tambi&eacute;n es plusmarquista nacional.<\/p>\n<p style='text-align: center'><img alt='' src='\/contenido\/genericas\/paco.jpg' style='width: 300px; height: 464px' \/><\/p>\n<p style='text-align: justify'>Paco Mart&iacute;n no olvidar&aacute; jam&aacute;s el campeonato del Mundo de Finlandia, donde ha demostrado el gran momento de forma en el que se encuentra y que conf&iacute;a en poder trasladar tambi&eacute;n a la categor&iacute;a absoluta, en la que sigue compitiendo en pruebas muy escogidas. Su pr&oacute;ximo objetivo deportivo es la disputa de la liga de Divisi&oacute;n de Honor con el Puerto de Alicante y el asalto al campeonato de Espa&ntilde;a absoluto en la distancia de 20 kil&oacute;metros marcha, dos retos para los que el atleta alicantino ya trabaja con total dedicaci&oacute;n.<\/p>\n<p style='text-align: justify'>&nbsp;<\/p>\n<p style='text-align: justify'><a href=\"http:\/\/www.lasprovincias.es\/v\/20120410\/deportes\/mas-deportes\/alicantino-paco-martin-campeon-20120410.html\" target=\"_blank\" rel=\"noopener\">http:\/\/www.lasprovincias.es\/v\/20120410\/deportes\/mas-deportes\/alicantino-paco-martin-campeon-20120410.html<\/a><\/p>\n","protected":false},"excerpt":{"rendered":"<p>El atleta alicantino Paco Mart&iacute;n se ha proclamado campe&oacute;n del Mundo en los 10 kil&oacute;metros<span class=\"excerpt-hellip\"> [\u2026]<\/span><\/p>\n","protected":false},"author":3,"featured_media":0,"comment_status":"open","ping_status":"open","sticky":false,"template":"","format":"standard","meta":{"kia_subtitle":"","footnotes":""},"categories":[],"tags":[],"class_list":["post-33472","post","type-post","status-publish","format-standard","hentry"],"meta_box":[],"_links":{"self":[{"href":"https:\/\/marqalicante-admin.qwair.com\/es\/wp-json\/wp\/v2\/posts\/33472","targetHints":{"allow":["GET"]}}],"collection":[{"href":"https:\/\/marqalicante-admin.qwair.com\/es\/wp-json\/wp\/v2\/posts"}],"about":[{"href":"https:\/\/marqalicante-admin.qwair.com\/es\/wp-json\/wp\/v2\/types\/post"}],"author":[{"embeddable":true,"href":"https:\/\/marqalicante-admin.qwair.com\/es\/wp-json\/wp\/v2\/users\/3"}],"replies":[{"embeddable":true,"href":"https:\/\/marqalicante-admin.qwair.com\/es\/wp-json\/wp\/v2\/comments?post=33472"}],"version-history":[{"count":0,"href":"https:\/\/marqalicante-admin.qwair.com\/es\/wp-json\/wp\/v2\/posts\/33472\/revisions"}],"wp:attachment":[{"href":"https:\/\/marqalicante-admin.qwair.com\/es\/wp-json\/wp\/v2\/media?parent=33472"}],"wp:term":[{"taxonomy":"category","embeddable":true,"href":"https:\/\/marqalicante-admin.qwair.com\/es\/wp-json\/wp\/v2\/categories?post=33472"},{"taxonomy":"post_tag","embeddable":true,"href":"https:\/\/marqalicante-admin.qwair.com\/es\/wp-json\/wp\/v2\/tags?post=33472"}],"curies":[{"name":"wp","href":"https:\/\/api.w.org\/{rel}","templated":true}]}}