{"id":47512,"date":"2025-11-10T12:11:26","date_gmt":"2025-11-10T12:11:26","guid":{"rendered":"https:\/\/marqalicante-admin.qwair.com\/?p=47512"},"modified":"2025-11-10T12:11:26","modified_gmt":"2025-11-10T12:11:26","slug":"la-prehistoria-a-traves-del-arte-rupestre-y-los-legados-del-marq-primeras-jornadas-de-formacion-del-profesorado-para-este-curso-escolar-2025-2026","status":"publish","type":"post","link":"https:\/\/marqalicante-admin.qwair.com\/en\/la-prehistoria-a-traves-del-arte-rupestre-y-los-legados-del-marq-primeras-jornadas-de-formacion-del-profesorado-para-este-curso-escolar-2025-2026\/","title":{"rendered":"Prehistory through rock art and the legacies of the MARQ, first Teacher Training sessions for the 2025-2026 school year"},"content":{"rendered":"<p style=\"text-align: center\"><img loading=\"lazy\" decoding=\"async\" class=\"alignnone size-medium wp-image-47513\" src=\"https:\/\/marqalicante-admin.qwair.com\/wp-content\/uploads\/2025\/11\/formacion-2-354x500.jpg\" alt=\"\" width=\"354\" height=\"500\" srcset=\"https:\/\/marqalicante-admin.qwair.com\/wp-content\/uploads\/2025\/11\/formacion-2-354x500.jpg 354w, https:\/\/marqalicante-admin.qwair.com\/wp-content\/uploads\/2025\/11\/formacion-2-724x1024.jpg 724w, https:\/\/marqalicante-admin.qwair.com\/wp-content\/uploads\/2025\/11\/formacion-2-212x300.jpg 212w, https:\/\/marqalicante-admin.qwair.com\/wp-content\/uploads\/2025\/11\/formacion-2-1086x1536.jpg 1086w, https:\/\/marqalicante-admin.qwair.com\/wp-content\/uploads\/2025\/11\/formacion-2-1449x2048.jpg 1449w, https:\/\/marqalicante-admin.qwair.com\/wp-content\/uploads\/2025\/11\/formacion-2-8x12.jpg 8w, https:\/\/marqalicante-admin.qwair.com\/wp-content\/uploads\/2025\/11\/formacion-2-53x75.jpg 53w, https:\/\/marqalicante-admin.qwair.com\/wp-content\/uploads\/2025\/11\/formacion-2-530x750.jpg 530w, https:\/\/marqalicante-admin.qwair.com\/wp-content\/uploads\/2025\/11\/formacion-2-480x679.jpg 480w, https:\/\/marqalicante-admin.qwair.com\/wp-content\/uploads\/2025\/11\/formacion-2-800x1131.jpg 800w, https:\/\/marqalicante-admin.qwair.com\/wp-content\/uploads\/2025\/11\/formacion-2-scaled.jpg 1811w\" sizes=\"auto, (max-width:767px) 354px, 354px\" \/><\/p>\n<p>El Sal\u00f3n de Actos del MARQ acoger\u00e1 los d\u00edas 24, 25 y 26 de noviembre las primeras jornadas de Formaci\u00f3n del Profesorado para este curso escolar 2025- 2026, reconocidas por la Conseller\u00eda de Educaci\u00f3n, Cultura y Universidades de la Generalitat Valenciana.<\/p>\n<p>Con estas jornadas formativas, la Fundaci\u00f3n CV MARQ pretende acercar al profesorado los contenidos del proyecto titulado\u00a0<strong>\"Prehistory through Rock Art and MARQ's heritage collection: The museum as a tool to achieve historical-artistic skills\".<\/strong>, resultado de la colaboraci\u00f3n entre la <strong>Unidad de Did\u00e1ctica, Accesibilidad, Club Llumiq y Responsabilidad de la<\/strong> <strong>CV MARQ Foundation<\/strong>the <strong>Grupo de Investigaci\u00f3n DICSO de la UMU, Universidad de Murcia<\/strong> and the <strong>IES La Foia de Ibi<\/strong>.<\/p>\n<p>Este proyecto educativo tiene como objetivo fomentar el desarrollo del pensamiento hist\u00f3rico en el alumnado a trav\u00e9s de las fuentes hist\u00f3ricas, sirvi\u00e9ndose de los fondos patrimoniales y colecciones que ofrece el MARQ y, en este contexto, posicionar los museos como un agente educativo crucial en la formaci\u00f3n del pensamiento hist\u00f3rico.<\/p>\n<p>El arte rupestre, como manifestaci\u00f3n cultural de las sociedades prehist\u00f3ricas, ofrece una ventana \u00fanica hacia la comprensi\u00f3n de la vida y los pensamientos de nuestros antepasados. A trav\u00e9s de las pinturas y grabados en roca, los alumnos pueden explorar la creatividad, las creencias y las pr\u00e1cticas cotidianas de las comunidades que habitaron nuestro territorio. Este contacto con el arte rupestre no solo enriquece su conocimiento hist\u00f3rico, sino que tambi\u00e9n fomenta la sensibilidad est\u00e9tica y el valor del patrimonio cultural.<\/p>\n<p>Convirtiendo de este modo, las visitas al MARQ, a los yacimientos arqueol\u00f3gicos y a los monumentos en una herramienta experiencial que permite a los escolares establecer un contacto directo con las fuentes hist\u00f3ricas y adem\u00e1s desarrollar actitudes de respeto hacia el Patrimonio desde una edad temprana, familiariz\u00e1ndose con su legado m\u00e1s cercano, descubri\u00e9ndolo y, por ende, apreci\u00e1ndolo.<\/p>\n<p>Dirigido a profesorado de Educaci\u00f3n Infantil, Especial, Primaria y Secundaria, estas jornadas que tendr\u00e1n lugar los d\u00edas, del 24 al 26 de noviembre se desarrollar\u00e1n en modalidad presencial, en el sal\u00f3n de actos del MARQ, de 17:30 a 20:30 horas.<\/p>\n<p>+Informaci\u00f3n e inscripciones en:<\/p>\n<p><a href=\"https:\/\/www.marqalicante.com\/es\/formacion-del-profesorado-arte-rupestre\" target=\"_blank\" rel=\"noopener\">https:\/\/www.marqalicante.com\/es\/formacion-del-profesorado-arte-rupestre<\/a><\/p>","protected":false},"excerpt":{"rendered":"<p>El Sal\u00f3n de Actos del MARQ acoger\u00e1 los d\u00edas 24, 25 y 26 de noviembre<span class=\"excerpt-hellip\"> [\u2026]<\/span><\/p>\n","protected":false},"author":8,"featured_media":47514,"comment_status":"open","ping_status":"open","sticky":false,"template":"","format":"standard","meta":{"kia_subtitle":"","footnotes":""},"categories":[1],"tags":[],"class_list":["post-47512","post","type-post","status-publish","format-standard","has-post-thumbnail","hentry","category-sin-categoria"],"meta_box":[],"_links":{"self":[{"href":"https:\/\/marqalicante-admin.qwair.com\/en\/wp-json\/wp\/v2\/posts\/47512","targetHints":{"allow":["GET"]}}],"collection":[{"href":"https:\/\/marqalicante-admin.qwair.com\/en\/wp-json\/wp\/v2\/posts"}],"about":[{"href":"https:\/\/marqalicante-admin.qwair.com\/en\/wp-json\/wp\/v2\/types\/post"}],"author":[{"embeddable":true,"href":"https:\/\/marqalicante-admin.qwair.com\/en\/wp-json\/wp\/v2\/users\/8"}],"replies":[{"embeddable":true,"href":"https:\/\/marqalicante-admin.qwair.com\/en\/wp-json\/wp\/v2\/comments?post=47512"}],"version-history":[{"count":1,"href":"https:\/\/marqalicante-admin.qwair.com\/en\/wp-json\/wp\/v2\/posts\/47512\/revisions"}],"predecessor-version":[{"id":47515,"href":"https:\/\/marqalicante-admin.qwair.com\/en\/wp-json\/wp\/v2\/posts\/47512\/revisions\/47515"}],"wp:featuredmedia":[{"embeddable":true,"href":"https:\/\/marqalicante-admin.qwair.com\/en\/wp-json\/wp\/v2\/media\/47514"}],"wp:attachment":[{"href":"https:\/\/marqalicante-admin.qwair.com\/en\/wp-json\/wp\/v2\/media?parent=47512"}],"wp:term":[{"taxonomy":"category","embeddable":true,"href":"https:\/\/marqalicante-admin.qwair.com\/en\/wp-json\/wp\/v2\/categories?post=47512"},{"taxonomy":"post_tag","embeddable":true,"href":"https:\/\/marqalicante-admin.qwair.com\/en\/wp-json\/wp\/v2\/tags?post=47512"}],"curies":[{"name":"wp","href":"https:\/\/api.w.org\/{rel}","templated":true}]}}