{"id":47382,"date":"2025-10-06T11:50:53","date_gmt":"2025-10-06T11:50:53","guid":{"rendered":"https:\/\/marqalicante-admin.qwair.com\/?p=47382"},"modified":"2025-10-06T11:51:07","modified_gmt":"2025-10-06T11:51:07","slug":"el-marq-organiza-jornadas-de-puertas-abiertas-para-celebrar-las-festividades-del-9-y-el-12-de-octubre","status":"publish","type":"post","link":"https:\/\/marqalicante-admin.qwair.com\/en\/el-marq-organiza-jornadas-de-puertas-abiertas-para-celebrar-las-festividades-del-9-y-el-12-de-octubre\/","title":{"rendered":"MARQ organises open days to celebrate the festivities of the 9th and 12th of October"},"content":{"rendered":"<p><img loading=\"lazy\" decoding=\"async\" class=\"size-medium wp-image-47137 aligncenter\" src=\"https:\/\/marqalicante-admin.qwair.com\/wp-content\/uploads\/2025\/09\/JORNADA-DE-PUERTAS-ABIERTAS-1-500x401.jpg\" alt=\"\" width=\"500\" height=\"401\" srcset=\"https:\/\/marqalicante-admin.qwair.com\/wp-content\/uploads\/2025\/09\/JORNADA-DE-PUERTAS-ABIERTAS-1-500x401.jpg 500w, https:\/\/marqalicante-admin.qwair.com\/wp-content\/uploads\/2025\/09\/JORNADA-DE-PUERTAS-ABIERTAS-1-300x241.jpg 300w, https:\/\/marqalicante-admin.qwair.com\/wp-content\/uploads\/2025\/09\/JORNADA-DE-PUERTAS-ABIERTAS-1-15x12.jpg 15w, https:\/\/marqalicante-admin.qwair.com\/wp-content\/uploads\/2025\/09\/JORNADA-DE-PUERTAS-ABIERTAS-1-93x75.jpg 93w, https:\/\/marqalicante-admin.qwair.com\/wp-content\/uploads\/2025\/09\/JORNADA-DE-PUERTAS-ABIERTAS-1-480x385.jpg 480w\" sizes=\"auto, (max-width:767px) 480px, 500px\" \/><\/p>\n<p style=\"text-align: center\">The museum will offer guided and animated tours, as well as storytelling and workshops for children.<\/p>\n<p style=\"text-align: justify\">The <strong>Archaeological Museum of Alicante<\/strong> will offer two days of <strong>DOORS OPEN<\/strong> to the public to commemorate the Day of the Comunitat Valenciana and Columbus Day.<\/p>\n<p style=\"text-align: justify\">The Didactic Unit of the Fundaci\u00f3n CV MARQ has organised various activities for families during these two days. On 9 October at 11:30 a.m., there will be a <strong>animated visit in Valencian<\/strong> to the Middle Ages Room, followed by a <strong>storytelling and workshops<\/strong>. Both activities will also be offered in sign language. In addition, on Sunday, <strong>12 October <\/strong>at 12:00 noon, there will be a <strong>dramatised visit<\/strong>.<\/p>\n<p style=\"text-align: justify\">During these two days the public will also be able to enjoy guided tours of the permanent exhibition rooms, with a maximum seating capacity of <strong>30 persons per pass<\/strong>, <strong>prior registration at the MARQ ticket offices<\/strong>The museum also offers organised visits to get a closer look at the permanent chronological-cultural rooms of the museum and to go into details that may go unnoticed on a regular visit. The timetable for these guided visits will be at <strong>10:30 a.m. Prehistory Room<\/strong>, <strong>11:30 a.m. Iberian Hall<\/strong> and to the <strong>12.30 p.m. Rome Room<\/strong>.<\/p>\n<p style=\"text-align: justify\">As a novelty this year, the programme of activities at the Museum will be joined by the <strong>opening<\/strong> <strong>of the visits to the Cova de l'Or in Beniarr\u00e9s with special character, on October 9th.<\/strong>after the completion of the improvement works carried out this summer inside the site. After the summer break, this site museum and its Interpretation Centre will be open to visitors, by prior reservation, on weekends from 11-12 October until 13-14 December 2025.<\/p>\n<p style=\"text-align: justify\">Access to both the Interpretation Centre and the Cova de l'Or site is limited to the following hours. <strong>guided tours, by prior arrangement<\/strong> <strong>and up to the completion of the<\/strong> <strong>maximum capacity of 15 persons\/pass<\/strong>promoted by the CV MARQ Foundation, following the agreement signed with Beniarr\u00e9s Town Council, with the aim of preserving the value of the heritage and historical legacy of the archaeological site converted into a site museum. Free visits are not authorised.<\/p>","protected":false},"excerpt":{"rendered":"<p>El museo ofrecer\u00e1 visitas guiadas y animadas, as\u00ed como cuentacuentos y talleres para los m\u00e1s<span class=\"excerpt-hellip\"> [\u2026]<\/span><\/p>\n","protected":false},"author":8,"featured_media":47137,"comment_status":"open","ping_status":"open","sticky":false,"template":"","format":"standard","meta":{"kia_subtitle":"La Cova de l\u00b4Or en Beniarr\u00e9s abrir\u00e1 este fin de semana, tras las actuaciones de mejora, y se podr\u00e1 visitar excepcionalmente el jueves, D\u00eda de la Comunitat","footnotes":""},"categories":[1],"tags":[],"class_list":["post-47382","post","type-post","status-publish","format-standard","has-post-thumbnail","hentry","category-sin-categoria"],"meta_box":[],"_links":{"self":[{"href":"https:\/\/marqalicante-admin.qwair.com\/en\/wp-json\/wp\/v2\/posts\/47382","targetHints":{"allow":["GET"]}}],"collection":[{"href":"https:\/\/marqalicante-admin.qwair.com\/en\/wp-json\/wp\/v2\/posts"}],"about":[{"href":"https:\/\/marqalicante-admin.qwair.com\/en\/wp-json\/wp\/v2\/types\/post"}],"author":[{"embeddable":true,"href":"https:\/\/marqalicante-admin.qwair.com\/en\/wp-json\/wp\/v2\/users\/8"}],"replies":[{"embeddable":true,"href":"https:\/\/marqalicante-admin.qwair.com\/en\/wp-json\/wp\/v2\/comments?post=47382"}],"version-history":[{"count":3,"href":"https:\/\/marqalicante-admin.qwair.com\/en\/wp-json\/wp\/v2\/posts\/47382\/revisions"}],"predecessor-version":[{"id":47387,"href":"https:\/\/marqalicante-admin.qwair.com\/en\/wp-json\/wp\/v2\/posts\/47382\/revisions\/47387"}],"wp:featuredmedia":[{"embeddable":true,"href":"https:\/\/marqalicante-admin.qwair.com\/en\/wp-json\/wp\/v2\/media\/47137"}],"wp:attachment":[{"href":"https:\/\/marqalicante-admin.qwair.com\/en\/wp-json\/wp\/v2\/media?parent=47382"}],"wp:term":[{"taxonomy":"category","embeddable":true,"href":"https:\/\/marqalicante-admin.qwair.com\/en\/wp-json\/wp\/v2\/categories?post=47382"},{"taxonomy":"post_tag","embeddable":true,"href":"https:\/\/marqalicante-admin.qwair.com\/en\/wp-json\/wp\/v2\/tags?post=47382"}],"curies":[{"name":"wp","href":"https:\/\/api.w.org\/{rel}","templated":true}]}}