{"id":47114,"date":"2025-09-19T11:52:52","date_gmt":"2025-09-19T11:52:52","guid":{"rendered":"https:\/\/marqalicante-admin.qwair.com\/?p=47114"},"modified":"2025-09-19T12:01:35","modified_gmt":"2025-09-19T12:01:35","slug":"el-marq-reabre-la-cova-de-lor-de-beniarres-tras-la-ampliacion-del-espacio-expositivo-y-la-reforma-del-museo","status":"publish","type":"post","link":"https:\/\/marqalicante-admin.qwair.com\/en\/el-marq-reabre-la-cova-de-lor-de-beniarres-tras-la-ampliacion-del-espacio-expositivo-y-la-reforma-del-museo\/","title":{"rendered":"The MARQ reopens the Cova de l'Or in Beniarr\u00e9s after extending the exhibition space and refurbishing the museum."},"content":{"rendered":"<p style=\"text-align: center\"><img loading=\"lazy\" decoding=\"async\" class=\"alignnone size-full wp-image-47116\" src=\"https:\/\/marqalicante-admin.qwair.com\/wp-content\/uploads\/2025\/09\/Captura-5.jpg\" alt=\"\" width=\"239\" height=\"159\" srcset=\"https:\/\/marqalicante-admin.qwair.com\/wp-content\/uploads\/2025\/09\/Captura-5.jpg 239w, https:\/\/marqalicante-admin.qwair.com\/wp-content\/uploads\/2025\/09\/Captura-5-18x12.jpg 18w, https:\/\/marqalicante-admin.qwair.com\/wp-content\/uploads\/2025\/09\/Captura-5-113x75.jpg 113w\" sizes=\"auto, (max-width:767px) 239px, 239px\" \/> <img loading=\"lazy\" decoding=\"async\" class=\"alignnone size-full wp-image-47117\" src=\"https:\/\/marqalicante-admin.qwair.com\/wp-content\/uploads\/2025\/09\/Captura-Cova-2.jpg\" alt=\"\" width=\"162\" height=\"243\" srcset=\"https:\/\/marqalicante-admin.qwair.com\/wp-content\/uploads\/2025\/09\/Captura-Cova-2.jpg 162w, https:\/\/marqalicante-admin.qwair.com\/wp-content\/uploads\/2025\/09\/Captura-Cova-2-8x12.jpg 8w, https:\/\/marqalicante-admin.qwair.com\/wp-content\/uploads\/2025\/09\/Captura-Cova-2-50x75.jpg 50w\" sizes=\"auto, (max-width:767px) 162px, 162px\" \/><\/p>\n<p>The Provincial Council and the Fundaci\u00f3n CV MARQ are investing 65,000 euros in the museumisation of the interpretation centre, which will be open to visitors from 11 October.<\/p>\n<p style=\"text-align: justify\">The Neolithic site of the <strong>Cova de l'Or in Beniarr\u00e9s<\/strong> will reopen its doors to the public in October following the extension of the exhibition route and contents carried out this summer thanks to the investment of 65,000 euros by the <strong>Diputaci\u00f3n de Alicante and the Fundaci\u00f3n CV MARQ.<\/strong><\/p>\n<p style=\"text-align: justify\">As the deputy for Culture explained, <strong>Juan de Dios Navarro<\/strong>, \"<u>The work, coordinated by the Architecture Department of the provincial institution, is part of the second phase of the General Plan for Research and Musealisation of the site, authorised by the Department of Culture of the Generalitat Valenciana, and began at the beginning of August, taking advantage of the fact that the site museum was temporarily closed to the public due to the high temperatures in the area, and will continue until the beginning of October.<\/u>\".<\/p>\n<p style=\"text-align: justify\">This year's excavation campaign took place from 1 August to 2 September in the two stratigraphic profiles located in the eastern gallery of the interior of the cavity (Sala de las Columnas) for <strong>to reconstruct the chronology of events at the levels of use of the cave and to expand the museum resources<\/strong>.<\/p>\n<p style=\"text-align: justify\">In this way, the public will be able to observe the profiles up close, as well as the informative contents to understand the different moments of the <strong>occupation of the cavity, to know the methodology and techniques<\/strong> The aim is to understand the problems of sites that have been altered, before their recovery and enhancement.<\/p>\n<p style=\"text-align: justify\">In this summer's research, the following have been located <strong>materials from different periods<\/strong>These, together with the C14, sedimentological, geological and geological analyses of the different materials found, will provide more data for a better understanding of the uses and occupations of the cave in different historical periods.<\/p>\n<p style=\"text-align: justify\">The work to improve the museographic supports, accessibility and security at the enclave also includes the installation of <strong>audiovisual and musical resources<\/strong> with a drone recording and the route of the sunlight beam through the interior of the cave at the winter solstice. These museographic resources will be incorporated by means of QR codes located at the site and linked to the MARQ website. Likewise, the route has been adjusted by creating a new linear itinerary of about 65 metres in length inside the cave that will allow a ring route.<\/p>\n<p style=\"text-align: justify\">","protected":false},"excerpt":{"rendered":"<p>La Diputaci\u00f3n y la Fundaci\u00f3n CV MARQ invierten 65.000 euros en la musealizaci\u00f3n del centro<span class=\"excerpt-hellip\"> [\u2026]<\/span><\/p>\n","protected":false},"author":8,"featured_media":47118,"comment_status":"open","ping_status":"open","sticky":false,"template":"","format":"standard","meta":{"kia_subtitle":"Las actuaciones se han llevado a cabo este verano para incrementar tanto el recorrido como los contenidos y seguridad del yacimiento neol\u00edtico","footnotes":""},"categories":[1],"tags":[],"class_list":["post-47114","post","type-post","status-publish","format-standard","has-post-thumbnail","hentry","category-sin-categoria"],"meta_box":[],"_links":{"self":[{"href":"https:\/\/marqalicante-admin.qwair.com\/en\/wp-json\/wp\/v2\/posts\/47114","targetHints":{"allow":["GET"]}}],"collection":[{"href":"https:\/\/marqalicante-admin.qwair.com\/en\/wp-json\/wp\/v2\/posts"}],"about":[{"href":"https:\/\/marqalicante-admin.qwair.com\/en\/wp-json\/wp\/v2\/types\/post"}],"author":[{"embeddable":true,"href":"https:\/\/marqalicante-admin.qwair.com\/en\/wp-json\/wp\/v2\/users\/8"}],"replies":[{"embeddable":true,"href":"https:\/\/marqalicante-admin.qwair.com\/en\/wp-json\/wp\/v2\/comments?post=47114"}],"version-history":[{"count":3,"href":"https:\/\/marqalicante-admin.qwair.com\/en\/wp-json\/wp\/v2\/posts\/47114\/revisions"}],"predecessor-version":[{"id":47120,"href":"https:\/\/marqalicante-admin.qwair.com\/en\/wp-json\/wp\/v2\/posts\/47114\/revisions\/47120"}],"wp:featuredmedia":[{"embeddable":true,"href":"https:\/\/marqalicante-admin.qwair.com\/en\/wp-json\/wp\/v2\/media\/47118"}],"wp:attachment":[{"href":"https:\/\/marqalicante-admin.qwair.com\/en\/wp-json\/wp\/v2\/media?parent=47114"}],"wp:term":[{"taxonomy":"category","embeddable":true,"href":"https:\/\/marqalicante-admin.qwair.com\/en\/wp-json\/wp\/v2\/categories?post=47114"},{"taxonomy":"post_tag","embeddable":true,"href":"https:\/\/marqalicante-admin.qwair.com\/en\/wp-json\/wp\/v2\/tags?post=47114"}],"curies":[{"name":"wp","href":"https:\/\/api.w.org\/{rel}","templated":true}]}}