{"id":45916,"date":"2025-06-11T08:15:37","date_gmt":"2025-06-11T08:15:37","guid":{"rendered":"https:\/\/marqalicante-admin.qwair.com\/?p=45916"},"modified":"2025-06-21T09:30:40","modified_gmt":"2025-06-21T09:30:40","slug":"el-marq-reunira-por-primera-vez-en-alicante-piezas-del-patrimonio-arqueologico-de-denia-de-gran-valor-historico","status":"publish","type":"post","link":"https:\/\/marqalicante-admin.qwair.com\/en\/el-marq-reunira-por-primera-vez-en-alicante-piezas-del-patrimonio-arqueologico-de-denia-de-gran-valor-historico\/","title":{"rendered":"The MARQ will bring together for the first time in Alicante pieces of archaeological heritage of D\u00e9nia of great historical value."},"content":{"rendered":"<p><img loading=\"lazy\" decoding=\"async\" class=\"size-medium wp-image-45918 aligncenter\" src=\"https:\/\/marqalicante-admin.qwair.com\/wp-content\/uploads\/2025\/06\/061025-Expo-MARQ-Denia-02-1-500x273.jpg\" alt=\"\" width=\"500\" height=\"273\" srcset=\"https:\/\/marqalicante-admin.qwair.com\/wp-content\/uploads\/2025\/06\/061025-Expo-MARQ-Denia-02-1-500x273.jpg 500w, https:\/\/marqalicante-admin.qwair.com\/wp-content\/uploads\/2025\/06\/061025-Expo-MARQ-Denia-02-1-300x164.jpg 300w, https:\/\/marqalicante-admin.qwair.com\/wp-content\/uploads\/2025\/06\/061025-Expo-MARQ-Denia-02-1-18x10.jpg 18w, https:\/\/marqalicante-admin.qwair.com\/wp-content\/uploads\/2025\/06\/061025-Expo-MARQ-Denia-02-1-137x75.jpg 137w, https:\/\/marqalicante-admin.qwair.com\/wp-content\/uploads\/2025\/06\/061025-Expo-MARQ-Denia-02-1-480x262.jpg 480w\" sizes=\"auto, (max-width:767px) 480px, 500px\" \/><\/p>\n<p style=\"text-align: justify\">Under the heading <strong>D\u00e9nia, archaeology and museum'. <\/strong>the MARQ is preparing its new exhibition project with a selection of pieces of great historical value from the <strong>D\u00e9nia's patrimonial funds <\/strong>and other museums that will come to Alicante for the first time <strong>from November 2025 to April 2026<\/strong>.<\/p>\n<p style=\"text-align: justify\">The Deputy for Culture, <strong>Juan de Dios Navarro<\/strong>and the Mayor of D\u00e9nia, <strong>Vicent Grimalt<\/strong>This morning, they presented what will be the fourteenth exhibition in the programme. <strong>Municipal Museums at MARQ'.<\/strong>which began in 2004. \"<u>Today we are taking the first step in a project with which we intend to highlight and give value to the historical remains of Denia, a town with a great cultural background, whose archaeological remains will help us to draw a more complete picture of our common past, because the history of the province of Alicante has been built with the evolution of each of its municipalities.<\/u>\".<\/p>\n<p style=\"text-align: justify\">The presentation was given by the director of the Alicante museum, <strong>Manuel Olcina<\/strong>the commissioner <strong>Massu Sent\u00ed<\/strong> and the architect <strong>Angel Rocamora<\/strong>The exhibition, which will be mainly drawn from the funds of the <strong>City of D\u00e8nia Archaeological Museum (MACD)<\/strong>. It is one of the most outstanding centres in the province that holds and exhibits archaeological pieces and collections among the most important in the Valencian Community, such as the one from <strong>Islamic bronzes<\/strong>According to the specialists, this is \"the most varied and outstanding collection in quantitative terms on the Iberian Peninsula and in the Islamic West\".<\/p>\n<p style=\"text-align: justify\">Both the deputy and the mayor of D\u00e8nia have highlighted the joint work being carried out by both institutions, after the signing of the <strong>collaboration agreement<\/strong>to realise the project, which includes the <strong>restoration in the MARQ Workshops<\/strong> of some of the pieces selected by the curator of the exhibition.<\/p>\n<p style=\"text-align: justify\">D\u00e9nia, archaeology and museum' will bring together, in addition to the pieces from the MACD, selected works on temporary loan from other museums such as the <strong>MARQ<\/strong>the <strong>Valencia Cathedral Museum<\/strong>the <strong>Fine Arts and Prehistory<\/strong> of the same city, the <strong>MAN Madrid<\/strong>the <strong>Louvre in Paris<\/strong> -with a <strong>epigraphed marble plaque of the 11th century Vizier Abu Amir Muhammad<\/strong>- or the <strong>Bancaja Foundation<\/strong>with the canvas of <strong>Vicent Mestre<\/strong> <em>The Embarkation of the Moors in Denia Port<\/em>which is part of a series of seven that the, <strong>King Philip II of Valencia and III of Castile<\/strong> commissioned to fix in the historical memory a transcendental event for our land, the expulsion of the Moors between 1612 and 1613.<\/p>\n<p style=\"text-align: justify\">","protected":false},"excerpt":{"rendered":"<p>Bajo el t\u00edtulo \u2018D\u00e9nia, arqueolog\u00eda y museo\u2019 el MARQ prepara su nuevo proyecto expositivo con<span class=\"excerpt-hellip\"> [\u2026]<\/span><\/p>\n","protected":false},"author":8,"featured_media":45917,"comment_status":"open","ping_status":"open","sticky":false,"template":"","format":"standard","meta":{"kia_subtitle":"La exposici\u00f3n temporal \u2018D\u00e9nia, arqueolog\u00eda y museo\u2019 se inaugurar\u00e1 el pr\u00f3ximo mes de noviembre y se podr\u00e1 visitar hasta abril de 2026","footnotes":""},"categories":[1],"tags":[],"class_list":["post-45916","post","type-post","status-publish","format-standard","has-post-thumbnail","hentry","category-sin-categoria"],"meta_box":[],"_links":{"self":[{"href":"https:\/\/marqalicante-admin.qwair.com\/en\/wp-json\/wp\/v2\/posts\/45916","targetHints":{"allow":["GET"]}}],"collection":[{"href":"https:\/\/marqalicante-admin.qwair.com\/en\/wp-json\/wp\/v2\/posts"}],"about":[{"href":"https:\/\/marqalicante-admin.qwair.com\/en\/wp-json\/wp\/v2\/types\/post"}],"author":[{"embeddable":true,"href":"https:\/\/marqalicante-admin.qwair.com\/en\/wp-json\/wp\/v2\/users\/8"}],"replies":[{"embeddable":true,"href":"https:\/\/marqalicante-admin.qwair.com\/en\/wp-json\/wp\/v2\/comments?post=45916"}],"version-history":[{"count":4,"href":"https:\/\/marqalicante-admin.qwair.com\/en\/wp-json\/wp\/v2\/posts\/45916\/revisions"}],"predecessor-version":[{"id":45940,"href":"https:\/\/marqalicante-admin.qwair.com\/en\/wp-json\/wp\/v2\/posts\/45916\/revisions\/45940"}],"wp:featuredmedia":[{"embeddable":true,"href":"https:\/\/marqalicante-admin.qwair.com\/en\/wp-json\/wp\/v2\/media\/45917"}],"wp:attachment":[{"href":"https:\/\/marqalicante-admin.qwair.com\/en\/wp-json\/wp\/v2\/media?parent=45916"}],"wp:term":[{"taxonomy":"category","embeddable":true,"href":"https:\/\/marqalicante-admin.qwair.com\/en\/wp-json\/wp\/v2\/categories?post=45916"},{"taxonomy":"post_tag","embeddable":true,"href":"https:\/\/marqalicante-admin.qwair.com\/en\/wp-json\/wp\/v2\/tags?post=45916"}],"curies":[{"name":"wp","href":"https:\/\/api.w.org\/{rel}","templated":true}]}}