{"id":34796,"date":"2024-10-24T15:26:00","date_gmt":"2024-10-24T15:26:00","guid":{"rendered":"https:\/\/marqalicante-admin.qwair.com\/2024\/10\/24\/la-diputacion-respalda-la-puesta-en-valor-de-un-monumental-complejo-de-banos-termales-en-la-alcudia\/"},"modified":"2024-10-24T15:26:00","modified_gmt":"2024-10-24T15:26:00","slug":"la-diputacion-respalda-la-puesta-en-valor-de-un-monumental-complejo-de-banos-termales-en-la-alcudia","status":"publish","type":"post","link":"https:\/\/marqalicante-admin.qwair.com\/en\/la-diputacion-respalda-la-puesta-en-valor-de-un-monumental-complejo-de-banos-termales-en-la-alcudia\/","title":{"rendered":"The Provincial Council backs the enhancement of a monumental thermal bath complex in La Alcudia"},"content":{"rendered":"<p style=\"text-align:center\">&nbsp;<img decoding=\"async\" alt=\"\" src=\"\/contenido\/genericas\/La%20Alcudia.jpg\" style=\"height:340px; width:500px\" \/><\/p>\n<p style=\"margin-left:0cm; margin-right:0cm; text-align:justify\"><span style=\"font-size:11pt\"><span style=\"font-family:Calibri,sans-serif\"><span style=\"font-family:&quot;Verdana&quot;,sans-serif\"><span style=\"color:black\">The archaeological works at La Alcudia carried out during the <strong>19th MARQ Excavations and Research Campaign<\/strong> have taken a further step towards the recovery and enhancement of the Western Thermal Baths of Illici.<\/span><\/span><\/span><\/span><\/p>\n<p style=\"margin-left:0cm; margin-right:0cm; text-align:justify\"><span style=\"font-size:10pt\"><span style=\"font-family:LTAroma\"><span style=\"color:black\"><span style=\"font-size:11.0pt\"><span style=\"font-family:&quot;Verdana&quot;,sans-serif\">The <strong>Provincial Council and the University of Alicante<\/strong> have pushed for this emergency plan for the <strong>archaeological documentation and diagnosis of structural damage<\/strong> of the exterior front of the historic complex, which was visited this morning by the deputy for Culture, <strong>Juan de Dios Navarro<\/strong>and the councillor for Culture of Elche, Irene Ruiz, accompanied by the vice-rector for Research and acting rector of the UA, <strong>Juan Mora<\/strong>and the director of the Institute for Research in Archaeology and Historical Heritage (INAPH), <strong>Carolina Dom\u00e9nech<\/strong>.<\/span><\/span><\/span><\/span><\/span><\/p>\n<p style=\"margin-left:0cm; margin-right:0cm; text-align:justify\"><span style=\"font-size:12pt\"><span style=\"font-family:&quot;Times New Roman&quot;,serif\"><span style=\"font-size:11.0pt\"><span style=\"font-family:&quot;Verdana&quot;,sans-serif\"><span style=\"color:black\">The objectives of this Emergency Plan have focused on the analysis, evaluation and diagnosis of the structures belonging to a monumental thermal complex from the Roman period located on the western front of the site, the site of the ancient <strong>Colonia Iulia Ilici Augusta<\/strong>The aim of the project is to draw up a technical document that will enable it to be subsequently <strong>consolidation, restoration and integral enhancement<\/strong>.<\/span><\/span><\/span><\/span><\/span><\/p>\n<p style=\"margin-left:0cm; margin-right:0cm; text-align:justify\"><span style=\"font-size:12pt\"><span style=\"font-family:&quot;Times New Roman&quot;,serif\"><span style=\"font-size:11.0pt\"><span style=\"font-family:&quot;Verdana&quot;,sans-serif\"><span style=\"color:black\">The director of MARQ, <strong>Manuel Olcina<\/strong>has been in charge of the work together with the director of Architecture of the provincial institution, <strong>Rafael P\u00e9rez<\/strong>as well as <strong>Mercedes Tendero<\/strong> and <strong>Ana M\u00aa Ronda<\/strong>The project is being carried out by the Archaeology and Cataloguing departments of the Fundaci\u00f3n Universitaria La Alcudia, respectively. <\/span><\/span><\/span><span style=\"font-size:11.0pt\"><span style=\"font-family:&quot;Verdana&quot;,sans-serif\">The results of the intervention, which lasted five weeks, have confirmed the <strong>monumentality of these Roman baths<\/strong>which exceed <strong>1,500 square metres<\/strong>The exponential erosion suffered by the structures of which it is composed, in a continuous process of deterioration due to the loss of elements, fractures and alterations that threaten the definitive collapse of some walls and pavements.<\/span><\/span><\/span><\/span><\/p>\n<p style=\"margin-left:0cm; margin-right:0cm; text-align:justify\"><span style=\"font-size:12pt\"><span style=\"font-family:&quot;Times New Roman&quot;,serif\"><span style=\"font-size:11.0pt\"><span style=\"font-family:&quot;Verdana&quot;,sans-serif\">All of this work together has been added to the <strong>textual and graphic documentation collected over the last 25 years by the La Alcudia Foundation.<\/strong>This technical information allows for the monitoring and evaluation of the alterations, incidents and progressive pathologies in the state of conservation of this building located next to the main entrance to the site. <\/span><\/span><\/span><\/span><\/p>\n<p style=\"margin-left:0cm; margin-right:0cm; text-align:justify\"><span style=\"font-size:12pt\"><span style=\"font-family:&quot;Times New Roman&quot;,serif\"><span style=\"font-size:11.0pt\"><span style=\"font-family:&quot;Verdana&quot;,sans-serif\"><span style=\"color:black\">As Olcina explained, the work carried out this year has focused on the <strong>manual cleaning of the vegetation cover<\/strong> and agricultural soil that covered the original factory. The weight of topsoil that affected a good stretch of a concrete floor paving a large arena has also been relieved.<\/span><\/span><\/span><\/span><\/span><\/p>\n<p style=\"margin-left:0cm; margin-right:0cm; text-align:justify\"><span style=\"font-size:12pt\"><span style=\"font-family:&quot;Times New Roman&quot;,serif\"><span style=\"font-size:11.0pt\"><span style=\"font-family:&quot;Verdana&quot;,sans-serif\"><span style=\"color:black\">The <strong>walls, pavements and remains of architectural structures<\/strong> of these thermal baths analysed have been processed by the topography and photogrammetry services using drone flights, laser scanners, point clouds, etc., tasks that allow all the documentation collected to be computerised and vectorised in order to analyse their components, their state of conservation, diagnosis, stratigraphic relationships and to locate reference points that allow future monitoring of possible displacements of the existing constructive elements. <\/span><\/span><\/span><\/span><\/span><\/p>\n<p style=\"margin-left:0cm; margin-right:0cm; text-align:justify\"><span style=\"font-size:12pt\"><span style=\"font-family:&quot;Times New Roman&quot;,serif\"><span style=\"font-size:11.0pt\"><span style=\"font-family:&quot;Verdana&quot;,sans-serif\"><span style=\"color:black\">Similarly, the following have been carried out <strong>FRAC files (Fichas de Restauraci\u00f3n Arquitect\u00f3nica y Conservaci\u00f3n),<\/strong> which contain the descriptive documentation and the proposals for urgent intervention for the stabilisation and protection of the set of constructive remains which, in the end, will be the basis for the drafting of a report on the viability of recovering the thermal complex studied.<\/span><\/span><\/span><\/span><\/span><\/p>\n<p style=\"margin-left:0cm; margin-right:0cm; text-align:justify\">&nbsp;<\/p>\n<p style=\"margin-left:0cm; margin-right:0cm; text-align:center\"><img decoding=\"async\" alt=\"\" src=\"\/contenido\/genericas\/La%20Alcudia%202.jpg\" style=\"height:357px; width:500px\" \/><\/p>","protected":false},"excerpt":{"rendered":"<p>&nbsp; Los trabajos arqueol&oacute;gicos de La Alcudia realizados durante la XIX Campa&ntilde;a de Excavaciones e<span class=\"excerpt-hellip\"> [\u2026]<\/span><\/p>\n","protected":false},"author":3,"featured_media":0,"comment_status":"open","ping_status":"open","sticky":false,"template":"","format":"standard","meta":{"kia_subtitle":"","footnotes":""},"categories":[],"tags":[],"class_list":["post-34796","post","type-post","status-publish","format-standard","hentry"],"meta_box":[],"_links":{"self":[{"href":"https:\/\/marqalicante-admin.qwair.com\/en\/wp-json\/wp\/v2\/posts\/34796","targetHints":{"allow":["GET"]}}],"collection":[{"href":"https:\/\/marqalicante-admin.qwair.com\/en\/wp-json\/wp\/v2\/posts"}],"about":[{"href":"https:\/\/marqalicante-admin.qwair.com\/en\/wp-json\/wp\/v2\/types\/post"}],"author":[{"embeddable":true,"href":"https:\/\/marqalicante-admin.qwair.com\/en\/wp-json\/wp\/v2\/users\/3"}],"replies":[{"embeddable":true,"href":"https:\/\/marqalicante-admin.qwair.com\/en\/wp-json\/wp\/v2\/comments?post=34796"}],"version-history":[{"count":0,"href":"https:\/\/marqalicante-admin.qwair.com\/en\/wp-json\/wp\/v2\/posts\/34796\/revisions"}],"wp:attachment":[{"href":"https:\/\/marqalicante-admin.qwair.com\/en\/wp-json\/wp\/v2\/media?parent=34796"}],"wp:term":[{"taxonomy":"category","embeddable":true,"href":"https:\/\/marqalicante-admin.qwair.com\/en\/wp-json\/wp\/v2\/categories?post=34796"},{"taxonomy":"post_tag","embeddable":true,"href":"https:\/\/marqalicante-admin.qwair.com\/en\/wp-json\/wp\/v2\/tags?post=34796"}],"curies":[{"name":"wp","href":"https:\/\/api.w.org\/{rel}","templated":true}]}}